{"id":1599,"date":"2023-10-02T20:40:35","date_gmt":"2023-10-02T23:40:35","guid":{"rendered":"https:\/\/minutobahia24h.com.br\/?p=1599"},"modified":"2023-10-02T20:40:36","modified_gmt":"2023-10-02T23:40:36","slug":"deputado-estadual-penalva-cobra-explicacoes-do-governador-jeronimo-rodrigues-sobre-possivel-reducao-salarial-de-policiais-civis","status":"publish","type":"post","link":"https:\/\/minutobahia24h.com.br\/?p=1599","title":{"rendered":"Deputado estadual Penalva cobra explica\u00e7\u00f5es do governador Jer\u00f4nimo Rodrigues sobre poss\u00edvel redu\u00e7\u00e3o salarial de policiais civis"},"content":{"rendered":"<div class=\"wp-block-image\">\n<figure class=\"aligncenter size-large\"><img data-recalc-dims=\"1\" fetchpriority=\"high\" decoding=\"async\" width=\"800\" height=\"534\" src=\"https:\/\/i0.wp.com\/minutobahia24h.com.br\/wp-content\/uploads\/2023\/10\/WhatsApp-Image-2023-10-02-at-18.45.13-1024x684.jpeg?resize=800%2C534&#038;ssl=1\" alt=\"\" class=\"wp-image-1601\" srcset=\"https:\/\/i0.wp.com\/minutobahia24h.com.br\/wp-content\/uploads\/2023\/10\/WhatsApp-Image-2023-10-02-at-18.45.13.jpeg?resize=1024%2C684&amp;ssl=1 1024w, https:\/\/i0.wp.com\/minutobahia24h.com.br\/wp-content\/uploads\/2023\/10\/WhatsApp-Image-2023-10-02-at-18.45.13.jpeg?resize=300%2C200&amp;ssl=1 300w, https:\/\/i0.wp.com\/minutobahia24h.com.br\/wp-content\/uploads\/2023\/10\/WhatsApp-Image-2023-10-02-at-18.45.13.jpeg?resize=768%2C513&amp;ssl=1 768w, https:\/\/i0.wp.com\/minutobahia24h.com.br\/wp-content\/uploads\/2023\/10\/WhatsApp-Image-2023-10-02-at-18.45.13.jpeg?resize=1536%2C1025&amp;ssl=1 1536w, https:\/\/i0.wp.com\/minutobahia24h.com.br\/wp-content\/uploads\/2023\/10\/WhatsApp-Image-2023-10-02-at-18.45.13.jpeg?resize=750%2C501&amp;ssl=1 750w, https:\/\/i0.wp.com\/minutobahia24h.com.br\/wp-content\/uploads\/2023\/10\/WhatsApp-Image-2023-10-02-at-18.45.13.jpeg?resize=1140%2C761&amp;ssl=1 1140w, https:\/\/i0.wp.com\/minutobahia24h.com.br\/wp-content\/uploads\/2023\/10\/WhatsApp-Image-2023-10-02-at-18.45.13.jpeg?w=1600&amp;ssl=1 1600w\" sizes=\"(max-width: 800px) 100vw, 800px\" \/><figcaption class=\"wp-element-caption\">Foto: SSP-BA<\/figcaption><\/figure>\n<\/div>\n\n\n<p>O l\u00edder do PDT na Assembleia Legislativa da Bahia, deputado Penalva, se mostrou perplexo com uma poss\u00edvel redu\u00e7\u00e3o da escala de servi\u00e7os extras dos policiais civis baianos. De acordo com o parlamentar, que foi procurado por agentes da Pol\u00edcia Civil da Bahia, o governo do Estado pretende reduzir a escala de servi\u00e7os extras em 20%, em Salvador, e 30% em todo o interior do estado.<\/p>\n\n\n\n<p>\u201cO efetivo da Pol\u00edcia Civil baiana \u00e9 muito inferior ao necess\u00e1rio atualmente e essas escalas de horas extras minimizam essa problem\u00e1tica da seguran\u00e7a p\u00fablica da Bahia, servindo tamb\u00e9m como uma complementa\u00e7\u00e3o salarial aos bravos policiais que atuam diuturnamente no enfrentamento \u00e0 criminalidade\u201d, condenou Penalva.<\/p>\n\n\n\n<p>O parlamentar afirmou ainda que a medida pode desestimular os profissionais no momento em que a Bahia reproduz um cen\u00e1rio de guerra por conta do avan\u00e7o das a\u00e7\u00f5es de fac\u00e7\u00f5es criminosas em todo o estado.<\/p>\n\n\n\n<p>\u201cO governador Jer\u00f4nimo Rodrigues precisa explicar \u00e0 sociedade baiana sobre essa poss\u00edvel decis\u00e3o, considerada catastr\u00f3fica. N\u00e3o \u00e9 o momento de reduzir as horas trabalhadas e nem os sal\u00e1rios dos policiais civis, que j\u00e1 s\u00e3o um dos menores do Brasil, principalmente agora que a Bahia e os baianos colhem o resultado de uma pol\u00edtica fracassada de seguran\u00e7a p\u00fablica, de responsabilidade dos governos do PT\u201d, criticou o pedetista, ao lamentar que a Bahia se tornou o estado mais violento do pa\u00eds, com 6.659 mortes violentas s\u00f3 em 2022, ultrapassando o Rio de Janeiro, estado com popula\u00e7\u00e3o maior, mas que vem conseguindo diminuir os n\u00fameros, como j\u00e1 mostrou o Anu\u00e1rio Brasileiro de Seguran\u00e7a P\u00fablica.<\/p>\n","protected":false},"excerpt":{"rendered":"<p>O l\u00edder do PDT na Assembleia Legislativa da Bahia, deputado Penalva, se mostrou perplexo com uma poss\u00edvel redu\u00e7\u00e3o da escala de servi\u00e7os extras dos policiais civis baianos. De acordo com o parlamentar, que foi procurado por agentes da Pol\u00edcia Civil da Bahia, o governo do Estado pretende reduzir a escala de servi\u00e7os extras em 20%, [&hellip;]<\/p>\n","protected":false},"author":2,"featured_media":1601,"comment_status":"open","ping_status":"open","sticky":false,"template":"","format":"standard","meta":{"_jetpack_memberships_contains_paid_content":false,"footnotes":""},"categories":[21],"tags":[],"class_list":["post-1599","post","type-post","status-publish","format-standard","has-post-thumbnail","hentry","category-bahia"],"aioseo_notices":[],"jetpack_featured_media_url":"https:\/\/i0.wp.com\/minutobahia24h.com.br\/wp-content\/uploads\/2023\/10\/WhatsApp-Image-2023-10-02-at-18.45.13.jpeg?fit=1600%2C1068&ssl=1","jetpack_sharing_enabled":true,"_links":{"self":[{"href":"https:\/\/minutobahia24h.com.br\/index.php?rest_route=\/wp\/v2\/posts\/1599","targetHints":{"allow":["GET"]}}],"collection":[{"href":"https:\/\/minutobahia24h.com.br\/index.php?rest_route=\/wp\/v2\/posts"}],"about":[{"href":"https:\/\/minutobahia24h.com.br\/index.php?rest_route=\/wp\/v2\/types\/post"}],"author":[{"embeddable":true,"href":"https:\/\/minutobahia24h.com.br\/index.php?rest_route=\/wp\/v2\/users\/2"}],"replies":[{"embeddable":true,"href":"https:\/\/minutobahia24h.com.br\/index.php?rest_route=%2Fwp%2Fv2%2Fcomments&post=1599"}],"version-history":[{"count":1,"href":"https:\/\/minutobahia24h.com.br\/index.php?rest_route=\/wp\/v2\/posts\/1599\/revisions"}],"predecessor-version":[{"id":1602,"href":"https:\/\/minutobahia24h.com.br\/index.php?rest_route=\/wp\/v2\/posts\/1599\/revisions\/1602"}],"wp:featuredmedia":[{"embeddable":true,"href":"https:\/\/minutobahia24h.com.br\/index.php?rest_route=\/wp\/v2\/media\/1601"}],"wp:attachment":[{"href":"https:\/\/minutobahia24h.com.br\/index.php?rest_route=%2Fwp%2Fv2%2Fmedia&parent=1599"}],"wp:term":[{"taxonomy":"category","embeddable":true,"href":"https:\/\/minutobahia24h.com.br\/index.php?rest_route=%2Fwp%2Fv2%2Fcategories&post=1599"},{"taxonomy":"post_tag","embeddable":true,"href":"https:\/\/minutobahia24h.com.br\/index.php?rest_route=%2Fwp%2Fv2%2Ftags&post=1599"}],"curies":[{"name":"wp","href":"https:\/\/api.w.org\/{rel}","templated":true}]}}