{"id":1584,"date":"2023-10-02T11:12:52","date_gmt":"2023-10-02T14:12:52","guid":{"rendered":"https:\/\/minutobahia24h.com.br\/?p=1584"},"modified":"2023-10-02T11:12:53","modified_gmt":"2023-10-02T14:12:53","slug":"pierre-cardin-briga-por-heranca-bilionaria-de-estilista-abala-a-familia-entenda","status":"publish","type":"post","link":"https:\/\/minutobahia24h.com.br\/?p=1584","title":{"rendered":"Pierre Cardin: Briga por heran\u00e7a bilion\u00e1ria de estilista abala a fam\u00edlia; entenda"},"content":{"rendered":"<div class=\"wp-block-image\">\n<figure class=\"aligncenter size-full\"><img data-recalc-dims=\"1\" fetchpriority=\"high\" decoding=\"async\" width=\"800\" height=\"543\" src=\"https:\/\/i0.wp.com\/minutobahia24h.com.br\/wp-content\/uploads\/2023\/10\/Sem-titulo-8.jpg?resize=800%2C543&#038;ssl=1\" alt=\"\" class=\"wp-image-1586\" srcset=\"https:\/\/i0.wp.com\/minutobahia24h.com.br\/wp-content\/uploads\/2023\/10\/Sem-titulo-8.jpg?w=888&amp;ssl=1 888w, https:\/\/i0.wp.com\/minutobahia24h.com.br\/wp-content\/uploads\/2023\/10\/Sem-titulo-8.jpg?resize=300%2C204&amp;ssl=1 300w, https:\/\/i0.wp.com\/minutobahia24h.com.br\/wp-content\/uploads\/2023\/10\/Sem-titulo-8.jpg?resize=768%2C522&amp;ssl=1 768w, https:\/\/i0.wp.com\/minutobahia24h.com.br\/wp-content\/uploads\/2023\/10\/Sem-titulo-8.jpg?resize=750%2C509&amp;ssl=1 750w\" sizes=\"(max-width: 800px) 100vw, 800px\" \/><figcaption class=\"wp-element-caption\">O estilista franc\u00eas Pierre Cardin \u2014 Foto: JOEL SAGET \/ AFP<\/figcaption><\/figure>\n<\/div>\n\n\n<p>Pierre Cardin construiu um imp\u00e9rio s\u00f3lido durante sua longa carreira, mas, desde a\u00a0<a class=\"\" href=\"https:\/\/oglobo.globo.com\/economia\/negocios\/noticia\/2023\/08\/03\/pierre-cardin-estilista-nao-teve-filhos-e-sobrinhos-netos-brigam-por-heranca.ghtml\">morte do estilista,\u00a0<\/a>em dezembro de 2020, aos 98 anos, ap\u00f3s complica\u00e7\u00f5es de covid-19, a fam\u00edlia briga por sua heran\u00e7a. Sem filhos, a batalha jur\u00eddica est\u00e1 entre 22 sobrinhas e sobrinhos-netos de Cardin que afirmam ser seus herdeiros. Ele deixou um grande patrim\u00f4nio: uma holding e suas subsidi\u00e1rias, licen\u00e7as, marcas e im\u00f3veis em Paris e no sul da Fran\u00e7a. A heran\u00e7a est\u00e1 avaliada entre 750 milh\u00f5es e 800 milh\u00f5es de euros (cerca de R$ 4,3 bilh\u00f5es na cota\u00e7\u00e3o atual).<\/p>\n\n\n\n<p>Para tr\u00e1s ficaram os vestidos de alta-costura criados por Cardin, e sua hist\u00f3ria de amor com a atriz Jeanne Moreau, que ajudaram a construir a fama mundial do estilista franc\u00eas.<\/p>\n\n\n\n<h2 class=\"wp-block-heading\">Batalha judicial<\/h2>\n\n\n\n<p>De um lado, est\u00e3o as sobrinhas-netas do criador, em torno das quais est\u00e1 unida a maior parte da fam\u00edlia Cardin. Elas querem a venda do grupo e denunciam o que chamam de &#8220;tentativa de roubo de heran\u00e7a&#8221;.<\/p>\n\n\n\n<p>Do outro lado, est\u00e1 o sobrinho-neto do estilista, Rodrigo Basilicati-Cardin, que se tornou diretor-geral do grupo em 2018 e presidente em 2020. Ele diz que trabalhou por cerca de 25 anos ao lado do tio-av\u00f4, e que deseja &#8220;respeitar a vontade de Pierre Cardin, preservar seu imp\u00e9rio e defender a sua imagem&#8221;.<\/p>\n\n\n\n<p>Os ativos do grupo est\u00e3o avaliados entre 750 milh\u00f5es e 800 milh\u00f5es de euros (cerca de R$ 4,3 bilh\u00f5es na cota\u00e7\u00e3o atual), segundo as propostas de compra, informou \u00e0 AFP o advogado das sobrinhas-netas, Jean-Louis Rivi\u00e8re. Elas acusam o primo de querer &#8220;resgatar todo o patrim\u00f4nio individual de Pierre Cardin e do grupo com manobras duvidosas e, eventualmente, fraudulentas&#8221;, diz o advogado.<\/p>\n\n\n\n<p>Est\u00e1 em quest\u00e3o um testamento assinado por Pierre Cardin em novembro de 2016, que designa Rodrigo Basilicati-Cardin como \u00fanico herdeiro. Basilicati-Cardin encontrou esse documento em 2022, no pr\u00e9dio parisiense do seu tio-av\u00f4, uma descoberta &#8220;oportuna&#8221;, ap\u00f3s uma oferta de compra do grupo com a qual &#8220;85% dos herdeiros concordam&#8221;, destacou Rivi\u00e8re. A validade do testamento \u00e9 questionada junto ao tribunal civil de Paris.<\/p>\n\n\n\n<p>A batalha entre os cl\u00e3s Cardin chegou ao campo criminal depois que a promotoria de Paris abriu uma investiga\u00e7\u00e3o, ap\u00f3s uma queixa apresentada em mar\u00e7o pelas sobrinhas-netas por abuso de fragilidade, de confian\u00e7a agravada e fraude, entre outras coisas.<\/p>\n\n\n\n<p>As sobrinhas-netas apresentaram outras demandas desde o come\u00e7o do ano, uma delas rejeitada em junho. As demais, que est\u00e3o sendo analisadas, referem-se a abuso de confian\u00e7a e falsifica\u00e7\u00e3o, e fraude e abuso de confian\u00e7a.<\/p>\n\n\n\n<p>Em uma das den\u00fancias, as sobrinhas-netas contestam as condi\u00e7\u00f5es em que Basilicati-Cardin assumiu o controle da holding, dias ap\u00f3s a morte do tio-av\u00f4. Os questionamentos giram em torno da validade da ata de transfer\u00eancia de partes que sua av\u00f3 Giovanna Cardin teria assinado dias antes da sua morte, em mar\u00e7o de 2000, aos 97 anos.<\/p>\n\n\n\n<p>Rodrigo Basilicati-Cardin reagiu em junho, com um processo por difama\u00e7\u00e3o. &#8220;Alguns membros da fam\u00edlia, que n\u00e3o aceitam que Pierre Cardin tenha me designado para suced\u00ea-lo, intensificam seus processos e tentam mobilizar a imprensa com acusa\u00e7\u00f5es falsas que t\u00eam como \u00fanico objetivo me prejudicar e afetar o grupo&#8221;, afirmou.<\/p>\n\n\n\n<p>Sob o impulso de Basilicati-Cardin, a empresa Pierre Cardin retornou em mar\u00e7o ao calend\u00e1rio oficial do pr\u00eat-\u00e0-porter feminino em Paris, ap\u00f3s 25 anos afastada. &#8220;Pierre Cardin me deu conselhos importantes sobre sua vis\u00e3o da marca, e isso \u00e9 um tesouro que quero desenvolver&#8221;, comentou o sobrinho-neto do estilista.<\/p>\n","protected":false},"excerpt":{"rendered":"<p>Pierre Cardin construiu um imp\u00e9rio s\u00f3lido durante sua longa carreira, mas, desde a\u00a0morte do estilista,\u00a0em dezembro de 2020, aos 98 anos, ap\u00f3s complica\u00e7\u00f5es de covid-19, a fam\u00edlia briga por sua heran\u00e7a. Sem filhos, a batalha jur\u00eddica est\u00e1 entre 22 sobrinhas e sobrinhos-netos de Cardin que afirmam ser seus herdeiros. Ele deixou um grande patrim\u00f4nio: uma [&hellip;]<\/p>\n","protected":false},"author":2,"featured_media":1586,"comment_status":"open","ping_status":"open","sticky":false,"template":"","format":"standard","meta":{"_jetpack_memberships_contains_paid_content":false,"footnotes":""},"categories":[15],"tags":[],"class_list":["post-1584","post","type-post","status-publish","format-standard","has-post-thumbnail","hentry","category-mundo"],"aioseo_notices":[],"jetpack_featured_media_url":"https:\/\/i0.wp.com\/minutobahia24h.com.br\/wp-content\/uploads\/2023\/10\/Sem-titulo-8.jpg?fit=888%2C603&ssl=1","jetpack_sharing_enabled":true,"_links":{"self":[{"href":"https:\/\/minutobahia24h.com.br\/index.php?rest_route=\/wp\/v2\/posts\/1584","targetHints":{"allow":["GET"]}}],"collection":[{"href":"https:\/\/minutobahia24h.com.br\/index.php?rest_route=\/wp\/v2\/posts"}],"about":[{"href":"https:\/\/minutobahia24h.com.br\/index.php?rest_route=\/wp\/v2\/types\/post"}],"author":[{"embeddable":true,"href":"https:\/\/minutobahia24h.com.br\/index.php?rest_route=\/wp\/v2\/users\/2"}],"replies":[{"embeddable":true,"href":"https:\/\/minutobahia24h.com.br\/index.php?rest_route=%2Fwp%2Fv2%2Fcomments&post=1584"}],"version-history":[{"count":1,"href":"https:\/\/minutobahia24h.com.br\/index.php?rest_route=\/wp\/v2\/posts\/1584\/revisions"}],"predecessor-version":[{"id":1587,"href":"https:\/\/minutobahia24h.com.br\/index.php?rest_route=\/wp\/v2\/posts\/1584\/revisions\/1587"}],"wp:featuredmedia":[{"embeddable":true,"href":"https:\/\/minutobahia24h.com.br\/index.php?rest_route=\/wp\/v2\/media\/1586"}],"wp:attachment":[{"href":"https:\/\/minutobahia24h.com.br\/index.php?rest_route=%2Fwp%2Fv2%2Fmedia&parent=1584"}],"wp:term":[{"taxonomy":"category","embeddable":true,"href":"https:\/\/minutobahia24h.com.br\/index.php?rest_route=%2Fwp%2Fv2%2Fcategories&post=1584"},{"taxonomy":"post_tag","embeddable":true,"href":"https:\/\/minutobahia24h.com.br\/index.php?rest_route=%2Fwp%2Fv2%2Ftags&post=1584"}],"curies":[{"name":"wp","href":"https:\/\/api.w.org\/{rel}","templated":true}]}}