{"id":15821,"date":"2024-08-14T06:43:02","date_gmt":"2024-08-14T09:43:02","guid":{"rendered":"https:\/\/minutobahia24h.com.br\/?p=15821"},"modified":"2024-08-14T06:43:03","modified_gmt":"2024-08-14T09:43:03","slug":"promotora-pede-impugnacao-da-candidatura-de-serginho-em-queimadas","status":"publish","type":"post","link":"https:\/\/minutobahia24h.com.br\/?p=15821","title":{"rendered":"Promotora pede impugna\u00e7\u00e3o da candidatura de Serginho, em Queimadas"},"content":{"rendered":"<div class=\"wp-block-image\">\n<figure class=\"aligncenter size-full\"><img data-recalc-dims=\"1\" fetchpriority=\"high\" decoding=\"async\" width=\"429\" height=\"245\" src=\"https:\/\/i0.wp.com\/minutobahia24h.com.br\/wp-content\/uploads\/2024\/08\/Sem-titulo-133.jpg?resize=429%2C245&#038;ssl=1\" alt=\"\" class=\"wp-image-15822\" srcset=\"https:\/\/i0.wp.com\/minutobahia24h.com.br\/wp-content\/uploads\/2024\/08\/Sem-titulo-133.jpg?w=429&amp;ssl=1 429w, https:\/\/i0.wp.com\/minutobahia24h.com.br\/wp-content\/uploads\/2024\/08\/Sem-titulo-133.jpg?resize=300%2C171&amp;ssl=1 300w\" sizes=\"(max-width: 429px) 100vw, 429px\" \/><figcaption class=\"wp-element-caption\">Foto: Not\u00edcias de Queimadas<\/figcaption><\/figure>\n<\/div>\n\n\n<p>A promotora eleitoral de Queimadas, Nubia Rolim, pediu \u00e0 Justi\u00e7a eleitoral a<strong>&nbsp;impugna\u00e7\u00e3o da candidatura de Paulo S\u00e9rgio Brand\u00e3o (PT) \u00e0 Prefeitura<\/strong>. O documento foi assinado no final da \u00faltima segunda-feira (12). A solicita\u00e7\u00e3o explica que Serginho, como \u00e9 conhecido,&nbsp;<strong>teve contas rejeitadas pelo Tribunal de Contas da Uni\u00e3o (TCU) enquanto era prefeito, na gest\u00e3o de 2012<\/strong>.<\/p>\n\n\n\n<p>\u201cAs contas do impugnado foram rejeitadas pelo TCU porque constatadas irregularidade: 1. na aus\u00eancia de comprova\u00e7\u00e3o de despesas com recursos do bloco da aten\u00e7\u00e3o b\u00e1sica para reformas de unidades b\u00e1sicas de sa\u00fade, no valor original de R$ 51.163,65 (data-base 28\/12\/2011); 2. aus\u00eancia de comprova\u00e7\u00e3o de despesas com recursos do bloco da aten\u00e7\u00e3o b\u00e1sica para amplia\u00e7\u00e3o de unidades b\u00e1sicas de sa\u00fade\u201d, elencou a promotora.<\/p>\n\n\n\n<p>\u201cAs condutas essas configuradoras, em tese, de ato doloso de improbidade administrativa, porquanto indiscut\u00edvel que sua pr\u00e1tica somente seria vi\u00e1vel mediante deliberada inten\u00e7\u00e3o do impugnado em desenvolver as a\u00e7\u00f5es il\u00edcitas\u201d, entendeu Nubia Rolim.<\/p>\n\n\n\n<p>\u201cA omiss\u00e3o na presta\u00e7\u00e3o de contas determinou a decis\u00e3o do Tribunal de contas [\u2026] que reconheceu a exist\u00eancia de ind\u00edcios de dano ao er\u00e1rio, em raz\u00e3o da n\u00e3o comprova\u00e7\u00e3o de despesas realizadas com Bloco da Aten\u00e7\u00e3o B\u00e1sica, e determinou a obriga\u00e7\u00e3o de devolu\u00e7\u00e3o desses valores ao Fundo Nacional de Sa\u00fade, sendo not\u00e1vel, pois, o prop\u00f3sito do Impugnado em n\u00e3o prestar obedi\u00eancia a normas de reg\u00eancia\u201d, escreveu a promotora.<\/p>\n\n\n\n<p><strong>O QUE VAI ACONTECER?<\/strong><\/p>\n\n\n\n<p>Na pr\u00e1tica,&nbsp;<strong>cabe ao juiz da zona eleitoral, Armando Duarte J\u00fanior, decidir pela manuten\u00e7\u00e3o ou n\u00e3o de Serginho como candidato a prefeito de Queimadas<\/strong>.&nbsp;<strong>A defesa do candidato tem sete dias para se manifestar.<\/strong><\/p>\n\n\n\n<p>\u201cFoi feita a impugna\u00e7\u00e3o do registro.&nbsp;<strong>O candidato ainda n\u00e3o foi citado para se manifestar.<\/strong>&nbsp;Ele tem sete dias.&nbsp;<strong>Isso j\u00e1 era aguardado pelo candidato, porque existe uma press\u00e3o por conta de uma conta que foi rejeitada em 2020, referente ao ano de 2012<\/strong>. No entanto, a assessoria jur\u00eddica entende que&nbsp;<strong>o d\u00e9bito est\u00e1 prescrito<\/strong>. Tem uma a\u00e7\u00e3o judicial correndo. Isso est\u00e1 pendente de an\u00e1lise\u201d, disseram os advogados de Paulo S\u00e9rgio.<\/p>\n\n\n\n<p>A defesa \u00e9 comandada pelo advogado Marcos Tanan. \u201c<strong>Independente, o processo n\u00e3o se trata de improbidade [administrativa]<\/strong>. Foram problemas na documenta\u00e7\u00e3o.<strong>\u00a0A inelegibilidade s\u00f3 ocorre quando acontece ato doloso de improbidade.<\/strong>\u00a0O que aconteceu com Paulo S\u00e9rgio<strong>\u00a0foi um problema na documenta\u00e7\u00e3o em 2012 e ele s\u00f3 teve ci\u00eancia disso em 2019, mais de sete anos depois<\/strong>\u201c, conclu\u00edram os advogados.<\/p>\n\n\n\n<p><br>Fonte: Not\u00edcias de Queimadas<\/p>\n\n\n\n<p><a href=\"https:\/\/na01.safelinks.protection.outlook.com\/?url=https%3A%2F%2Fwww.ba.gov.br%2Fcuidadegente%3Futm_source%3Dsites-verticais%26utm_medium%3Dcpm%26utm_campaign%3Dbahia-social-2024%26utm_source_platform%3Dleiaute%26utm_content%3Dbanner&amp;data=05%7C02%7C%7C2467ac3cf5bb4d2b9b6a08dcb582bc7b%7C84df9e7fe9f640afb435aaaaaaaaaaaa%7C1%7C0%7C638584820345870050%7CUnknown%7CTWFpbGZsb3d8eyJWIjoiMC4wLjAwMDAiLCJQIjoiV2luMzIiLCJBTiI6Ik1haWwiLCJXVCI6Mn0%3D%7C0%7C%7C%7C&amp;sdata=BHsT3B4hsbo3yfULXXmEX787ilOGg3FEZel5yNZ1hG4%3D&amp;reserved=0\"><\/a><\/p>\n","protected":false},"excerpt":{"rendered":"<p>A promotora eleitoral de Queimadas, Nubia Rolim, pediu \u00e0 Justi\u00e7a eleitoral a&nbsp;impugna\u00e7\u00e3o da candidatura de Paulo S\u00e9rgio Brand\u00e3o (PT) \u00e0 Prefeitura. O documento foi assinado no final da \u00faltima segunda-feira (12). A solicita\u00e7\u00e3o explica que Serginho, como \u00e9 conhecido,&nbsp;teve contas rejeitadas pelo Tribunal de Contas da Uni\u00e3o (TCU) enquanto era prefeito, na gest\u00e3o de 2012. [&hellip;]<\/p>\n","protected":false},"author":2,"featured_media":15822,"comment_status":"open","ping_status":"open","sticky":false,"template":"","format":"standard","meta":{"_jetpack_memberships_contains_paid_content":false,"footnotes":""},"categories":[46],"tags":[],"class_list":["post-15821","post","type-post","status-publish","format-standard","has-post-thumbnail","hentry","category-noticia"],"aioseo_notices":[],"jetpack_featured_media_url":"https:\/\/i0.wp.com\/minutobahia24h.com.br\/wp-content\/uploads\/2024\/08\/Sem-titulo-133.jpg?fit=429%2C245&ssl=1","jetpack_sharing_enabled":true,"_links":{"self":[{"href":"https:\/\/minutobahia24h.com.br\/index.php?rest_route=\/wp\/v2\/posts\/15821","targetHints":{"allow":["GET"]}}],"collection":[{"href":"https:\/\/minutobahia24h.com.br\/index.php?rest_route=\/wp\/v2\/posts"}],"about":[{"href":"https:\/\/minutobahia24h.com.br\/index.php?rest_route=\/wp\/v2\/types\/post"}],"author":[{"embeddable":true,"href":"https:\/\/minutobahia24h.com.br\/index.php?rest_route=\/wp\/v2\/users\/2"}],"replies":[{"embeddable":true,"href":"https:\/\/minutobahia24h.com.br\/index.php?rest_route=%2Fwp%2Fv2%2Fcomments&post=15821"}],"version-history":[{"count":1,"href":"https:\/\/minutobahia24h.com.br\/index.php?rest_route=\/wp\/v2\/posts\/15821\/revisions"}],"predecessor-version":[{"id":15823,"href":"https:\/\/minutobahia24h.com.br\/index.php?rest_route=\/wp\/v2\/posts\/15821\/revisions\/15823"}],"wp:featuredmedia":[{"embeddable":true,"href":"https:\/\/minutobahia24h.com.br\/index.php?rest_route=\/wp\/v2\/media\/15822"}],"wp:attachment":[{"href":"https:\/\/minutobahia24h.com.br\/index.php?rest_route=%2Fwp%2Fv2%2Fmedia&parent=15821"}],"wp:term":[{"taxonomy":"category","embeddable":true,"href":"https:\/\/minutobahia24h.com.br\/index.php?rest_route=%2Fwp%2Fv2%2Fcategories&post=15821"},{"taxonomy":"post_tag","embeddable":true,"href":"https:\/\/minutobahia24h.com.br\/index.php?rest_route=%2Fwp%2Fv2%2Ftags&post=15821"}],"curies":[{"name":"wp","href":"https:\/\/api.w.org\/{rel}","templated":true}]}}