{"id":15815,"date":"2024-08-13T18:41:36","date_gmt":"2024-08-13T21:41:36","guid":{"rendered":"https:\/\/minutobahia24h.com.br\/?p=15815"},"modified":"2024-08-13T18:42:04","modified_gmt":"2024-08-13T21:42:04","slug":"camara-de-senhor-do-bonfim-realiza-8a-sessao-ordinaria-do-2o-periodo-nesta-terca-feira-13","status":"publish","type":"post","link":"https:\/\/minutobahia24h.com.br\/?p=15815","title":{"rendered":"C\u00e2mara de Senhor do Bonfim realiza 8\u00aa sess\u00e3o ordin\u00e1ria do 2\u00ba per\u00edodo nesta ter\u00e7a-feira (13)"},"content":{"rendered":"<div class=\"wp-block-image\">\n<figure class=\"aligncenter size-large\"><img data-recalc-dims=\"1\" fetchpriority=\"high\" decoding=\"async\" width=\"576\" height=\"1024\" src=\"https:\/\/i0.wp.com\/minutobahia24h.com.br\/wp-content\/uploads\/2024\/08\/WhatsApp-Image-2024-08-13-at-18.27.39-576x1024.jpeg?resize=576%2C1024&#038;ssl=1\" alt=\"\" class=\"wp-image-15816\" srcset=\"https:\/\/i0.wp.com\/minutobahia24h.com.br\/wp-content\/uploads\/2024\/08\/WhatsApp-Image-2024-08-13-at-18.27.39.jpeg?resize=576%2C1024&amp;ssl=1 576w, https:\/\/i0.wp.com\/minutobahia24h.com.br\/wp-content\/uploads\/2024\/08\/WhatsApp-Image-2024-08-13-at-18.27.39.jpeg?resize=169%2C300&amp;ssl=1 169w, https:\/\/i0.wp.com\/minutobahia24h.com.br\/wp-content\/uploads\/2024\/08\/WhatsApp-Image-2024-08-13-at-18.27.39.jpeg?resize=768%2C1365&amp;ssl=1 768w, https:\/\/i0.wp.com\/minutobahia24h.com.br\/wp-content\/uploads\/2024\/08\/WhatsApp-Image-2024-08-13-at-18.27.39.jpeg?resize=864%2C1536&amp;ssl=1 864w, https:\/\/i0.wp.com\/minutobahia24h.com.br\/wp-content\/uploads\/2024\/08\/WhatsApp-Image-2024-08-13-at-18.27.39.jpeg?resize=750%2C1333&amp;ssl=1 750w, https:\/\/i0.wp.com\/minutobahia24h.com.br\/wp-content\/uploads\/2024\/08\/WhatsApp-Image-2024-08-13-at-18.27.39.jpeg?w=900&amp;ssl=1 900w\" sizes=\"(max-width: 576px) 100vw, 576px\" \/><\/figure>\n<\/div>\n\n\n<p>EXPEDIENTE<\/p>\n\n\n\n<p>* Indica\u00e7\u00e3o n\u00ba 020\/2024, oriunda do gabinete do vereador Arinaldo Urbano da Costa, que indica \u201ca instala\u00e7\u00e3o de uma casa de apoio na cidade de Juazeiro-BA, para atender aos pacientes que necessitam de tratamentos diversos e que recorrem \u00e0s unidades de sa\u00fade do Vale do S\u00e3o Francisco\u201d;<\/p>\n\n\n\n<p>* Indica\u00e7\u00e3o n\u00ba 022\/2024, oriunda do gabinete do vereador Arinaldo Urbano da Costa, que indica \u201cestudo para viabilizar a necessidade de proceder com a pavimenta\u00e7\u00e3o em paralelep\u00edpedo e [sic] rede de esgoto da Rua Eduardo Suplicy, loteamento Emanuela\u201d;<\/p>\n\n\n\n<p>* Mo\u00e7\u00e3o de Reconhecimento e Aplauso n\u00ba 001\/2024, de autoria do vereador Cleiton Vieira Pinto, ao senhor Luiz Gomes Bonfim.<\/p>\n\n\n\n<p>ORDEM DO DIA<\/p>\n\n\n\n<p>* Mo\u00e7\u00e3o de Reconhecimento e Aplauso n\u00ba 001\/2024, de autoria do vereador Cleiton Vieira Pinto, ao senhor Luiz Gomes Bonfim.<\/p>\n\n\n\n<p>\ud83d\uddd3\ufe0f Hoje, \u00e0s 19h, a C\u00e2mara Municipal de Senhor do Bonfim realizar\u00e1 sua 08\u00aa sess\u00e3o ordin\u00e1ria do 02\u00aa semestre.<\/p>\n\n\n\n<p>\ud83e\udef6\ud83c\udffc Link do canal: <a href=\"https:\/\/www.youtube.com\/results?search_query=camara+de+bonfim\">https:\/\/www.youtube.com\/results?search_query=camara+de+bonfim<\/a><\/p>\n\n\n\n<p>\ud83d\udd35 ASCOM &#8211; CMSB.<\/p>\n","protected":false},"excerpt":{"rendered":"<p>EXPEDIENTE * Indica\u00e7\u00e3o n\u00ba 020\/2024, oriunda do gabinete do vereador Arinaldo Urbano da Costa, que indica \u201ca instala\u00e7\u00e3o de uma casa de apoio na cidade de Juazeiro-BA, para atender aos pacientes que necessitam de tratamentos diversos e que recorrem \u00e0s unidades de sa\u00fade do Vale do S\u00e3o Francisco\u201d; * Indica\u00e7\u00e3o n\u00ba 022\/2024, oriunda do gabinete [&hellip;]<\/p>\n","protected":false},"author":2,"featured_media":15816,"comment_status":"open","ping_status":"open","sticky":false,"template":"","format":"standard","meta":{"_jetpack_memberships_contains_paid_content":false,"footnotes":""},"categories":[17],"tags":[],"class_list":["post-15815","post","type-post","status-publish","format-standard","has-post-thumbnail","hentry","category-senhor-do-bonfim"],"aioseo_notices":[],"jetpack_featured_media_url":"https:\/\/i0.wp.com\/minutobahia24h.com.br\/wp-content\/uploads\/2024\/08\/WhatsApp-Image-2024-08-13-at-18.27.39.jpeg?fit=900%2C1600&ssl=1","jetpack_sharing_enabled":true,"_links":{"self":[{"href":"https:\/\/minutobahia24h.com.br\/index.php?rest_route=\/wp\/v2\/posts\/15815","targetHints":{"allow":["GET"]}}],"collection":[{"href":"https:\/\/minutobahia24h.com.br\/index.php?rest_route=\/wp\/v2\/posts"}],"about":[{"href":"https:\/\/minutobahia24h.com.br\/index.php?rest_route=\/wp\/v2\/types\/post"}],"author":[{"embeddable":true,"href":"https:\/\/minutobahia24h.com.br\/index.php?rest_route=\/wp\/v2\/users\/2"}],"replies":[{"embeddable":true,"href":"https:\/\/minutobahia24h.com.br\/index.php?rest_route=%2Fwp%2Fv2%2Fcomments&post=15815"}],"version-history":[{"count":1,"href":"https:\/\/minutobahia24h.com.br\/index.php?rest_route=\/wp\/v2\/posts\/15815\/revisions"}],"predecessor-version":[{"id":15817,"href":"https:\/\/minutobahia24h.com.br\/index.php?rest_route=\/wp\/v2\/posts\/15815\/revisions\/15817"}],"wp:featuredmedia":[{"embeddable":true,"href":"https:\/\/minutobahia24h.com.br\/index.php?rest_route=\/wp\/v2\/media\/15816"}],"wp:attachment":[{"href":"https:\/\/minutobahia24h.com.br\/index.php?rest_route=%2Fwp%2Fv2%2Fmedia&parent=15815"}],"wp:term":[{"taxonomy":"category","embeddable":true,"href":"https:\/\/minutobahia24h.com.br\/index.php?rest_route=%2Fwp%2Fv2%2Fcategories&post=15815"},{"taxonomy":"post_tag","embeddable":true,"href":"https:\/\/minutobahia24h.com.br\/index.php?rest_route=%2Fwp%2Fv2%2Ftags&post=15815"}],"curies":[{"name":"wp","href":"https:\/\/api.w.org\/{rel}","templated":true}]}}