{"id":15808,"date":"2024-08-13T08:22:56","date_gmt":"2024-08-13T11:22:56","guid":{"rendered":"https:\/\/minutobahia24h.com.br\/?p=15808"},"modified":"2024-08-13T08:22:58","modified_gmt":"2024-08-13T11:22:58","slug":"ira-rejeita-apelos-da-franca-alemanha-e-reino-unido-para-conter-tensoes-no-oriente-medio","status":"publish","type":"post","link":"https:\/\/minutobahia24h.com.br\/?p=15808","title":{"rendered":"Ir\u00e3 rejeita apelos da Fran\u00e7a, Alemanha e Reino Unido para conter tens\u00f5es no Oriente M\u00e9dio"},"content":{"rendered":"<div class=\"wp-block-image\">\n<figure class=\"aligncenter size-full\"><img data-recalc-dims=\"1\" fetchpriority=\"high\" decoding=\"async\" width=\"800\" height=\"533\" src=\"https:\/\/i0.wp.com\/minutobahia24h.com.br\/wp-content\/uploads\/2024\/08\/Sem-titulo-131.jpg?resize=800%2C533&#038;ssl=1\" alt=\"\" class=\"wp-image-15809\" srcset=\"https:\/\/i0.wp.com\/minutobahia24h.com.br\/wp-content\/uploads\/2024\/08\/Sem-titulo-131.jpg?w=981&amp;ssl=1 981w, https:\/\/i0.wp.com\/minutobahia24h.com.br\/wp-content\/uploads\/2024\/08\/Sem-titulo-131.jpg?resize=300%2C200&amp;ssl=1 300w, https:\/\/i0.wp.com\/minutobahia24h.com.br\/wp-content\/uploads\/2024\/08\/Sem-titulo-131.jpg?resize=768%2C511&amp;ssl=1 768w, https:\/\/i0.wp.com\/minutobahia24h.com.br\/wp-content\/uploads\/2024\/08\/Sem-titulo-131.jpg?resize=750%2C499&amp;ssl=1 750w\" sizes=\"(max-width: 800px) 100vw, 800px\" \/><figcaption class=\"wp-element-caption\">Multid\u00e3o acompanha caminh\u00e3o com restos mortais do chefe do Hamas, Ismail Haniyeh, em Teer\u00e3, no Ir\u00e3 \u2014 Foto: Vahid Salemi\/ AP<br><br><\/figcaption><\/figure>\n<\/div>\n\n\n<p>O Minist\u00e9rio das Rela\u00e7\u00f5es Exteriores do&nbsp;<a class=\"\" href=\"https:\/\/g1.globo.com\/tudo-sobre\/ira\/\">Ir\u00e3&nbsp;<\/a>rejeitou nesta ter\u00e7a-feira (13) os apelos de&nbsp;<a class=\"\" href=\"https:\/\/g1.globo.com\/tudo-sobre\/franca\/\">Fran\u00e7a<\/a>,&nbsp;<a class=\"\" href=\"https:\/\/g1.globo.com\/tudo-sobre\/alemanha\/\">Alemanha<\/a>&nbsp;e&nbsp;<a class=\"\" href=\"https:\/\/g1.globo.com\/tudo-sobre\/gra-bretanha\/\">Reino Unido<\/a>&nbsp;por modera\u00e7\u00e3o em rela\u00e7\u00e3o a&nbsp;<a class=\"\" href=\"https:\/\/g1.globo.com\/tudo-sobre\/israel\/\">Israel<\/a>, afirmando que falta aos chamados &#8220;l\u00f3gica pol\u00edtica&#8221; e que eles &#8220;contradizem princ\u00edpios do direito internacional&#8221;.<\/p>\n\n\n\n<p>Os tr\u00eas pa\u00edses europeus haviam solicitado, em uma declara\u00e7\u00e3o divulgada na segunda-feira (12), que o&nbsp;<a class=\"\" href=\"https:\/\/g1.globo.com\/tudo-sobre\/ira\/\">Ir\u00e3<\/a>&nbsp;e seus aliados&nbsp;<strong>se abstivessem de ataques contra Israel&nbsp;<\/strong>em retalia\u00e7\u00e3o ao&nbsp;<a class=\"\" href=\"https:\/\/g1.globo.com\/mundo\/noticia\/2024\/07\/31\/lider-do-hamas-morto.ghtml\">assassinato de Ismail Haniyeh, l\u00edder pol\u00edtico do grupo palestino Hamas, em Teer\u00e3, no fim de julho<\/a>.<\/p>\n\n\n\n<p>Teer\u00e3 e aliados, incluindo o Hamas e o grupo xiita Hezbollah,<strong>\u00a0acusam Israel de estar por tr\u00e1s do assassinato<\/strong>. O governo israelense n\u00e3o tassumiu nem negou a responsabilidade. O primeiro-ministro israelense,\u00a0<a class=\"\" href=\"https:\/\/g1.globo.com\/tudo-sobre\/benjamin-netanyahu\/\">Benjamin Netanyahu<\/a>, disse apenas que seu pa\u00eds deu &#8220;golpes esmagadores&#8221; em aliados do Ir\u00e3.<\/p>\n\n\n\n<p>Grupos terroristas e o Ir\u00e3 v\u00eam fazendo promessas de vingan\u00e7a contra Israel e seus aliados, e a possibilidade de uma expans\u00e3o da guerra no Oriente M\u00e9dio vem causando<a class=\"\" href=\"https:\/\/g1.globo.com\/mundo\/noticia\/2024\/08\/12\/companhias-aereas-suspendem-voos-para-o-oriente-medio-em-meio-a-escalada-de-tensoes.ghtml\">&nbsp;preocupa\u00e7\u00e3o entre governos da regi\u00e3o e do resto do mundo<\/a>.<\/p>\n\n\n\n<p>O porta-voz de seguran\u00e7a nacional da Casa Branca, John Kirby, afirmou na segunda-feira (12) que os&nbsp;<strong>Estados Unidos se preparam para o que podem ser&nbsp;<\/strong><a class=\"\" href=\"https:\/\/g1.globo.com\/mundo\/noticia\/2024\/08\/12\/israel-coloca-militares-em-alerta-maximo-e-eua-diz-que-se-prepara-para-ataque-do-ira-ainda-esta-semana.ghtml\"><strong>ataques significativos do Ir\u00e3&nbsp;<\/strong>ou de seus representantes no Oriente M\u00e9dio &#8220;ainda nesta semana&#8221;<\/a>.<\/p>\n\n\n\n<blockquote class=\"wp-block-quote is-layout-flow wp-block-quote-is-layout-flow\">\n<p>O porta-voz do minist\u00e9rio iraniano, Nasser Kanaani, criticou a declara\u00e7\u00e3o dos pa\u00edses europeus, destacando que ignora os &#8220;crimes do regime sionista (Israel)&#8221; e exige que o Ir\u00e3 n\u00e3o responda a uma viola\u00e7\u00e3o de sua soberania e integridade territorial.<\/p>\n<\/blockquote>\n\n\n\n<p>Segundo o &#8220;The Wall Street Journal&#8221;,&nbsp;<strong>Israel colocou suas for\u00e7as armadas em alerta m\u00e1ximo<\/strong>, e o&nbsp;<strong>Pent\u00e1gono enviou um submarino com m\u00edsseis guiados para a regi\u00e3o e est\u00e1 acelerando a chegada de do porta-avi\u00f5es USS Abraham Lincoln, equipado com ca\u00e7as F-35<\/strong>, para incrementar as defesas de Israel.<\/p>\n\n\n\n<p>Kanaani afirmou que o governo iraniano est\u00e1 determinado a desencorajar Israel e fez um apelo para que os pa\u00edses europeus se posicionem contra a guerra em Gaza e as a\u00e7\u00f5es b\u00e9licas de Israel.<\/p>\n\n\n\n<p>Na sexta-feira (9), um vice-comandante da Guarda Revolucion\u00e1ria do Ir\u00e3 afirmou que est\u00e1 pronto para cumprir ordem do l\u00edder supremo, o aiatol\u00e1&nbsp;<a class=\"\" href=\"https:\/\/g1.globo.com\/tudo-sobre\/ali-khamenei\">Ali Khamenei<\/a>, de&nbsp;<a class=\"\" href=\"https:\/\/g1.globo.com\/mundo\/noticia\/2024\/08\/09\/ordem-de-lider-do-ira-de-punir-duramente-israel-sera-cumprida-diz-vice-chefe-da-guarda.ghtml\">&#8220;punir duramente&#8221; Israel pelo assassinato de Haniyeh<\/a>.<\/p>\n\n\n\n<blockquote class=\"wp-block-quote is-layout-flow wp-block-quote-is-layout-flow\">\n<p>&#8220;As ordens do l\u00edder supremo em rela\u00e7\u00e3o \u00e0 puni\u00e7\u00e3o severa de Israel e \u00e0 vingan\u00e7a pelo sangue do m\u00e1rtir Ismail Haniyeh s\u00e3o claras e expl\u00edcitas&#8230; e ser\u00e3o implementadas da melhor maneira poss\u00edvel&#8221;, disse Ali Fadavi, segundo a imprensa estatal iraniana.<\/p>\n<\/blockquote>\n\n\n\n<p>J\u00e1 o chefe do Pent\u00e1gono, Lloyd Austin, afirmou na semana passada ter ligado para o ministro da Defesa de Israel, Yoav Gallant, para inform\u00e1-lo sobre ajustes na postura das for\u00e7as dos EUA e refor\u00e7ar o apoio &#8220;inabal\u00e1vel \u00e0 defesa de Israel&#8221;.<\/p>\n","protected":false},"excerpt":{"rendered":"<p>O Minist\u00e9rio das Rela\u00e7\u00f5es Exteriores do&nbsp;Ir\u00e3&nbsp;rejeitou nesta ter\u00e7a-feira (13) os apelos de&nbsp;Fran\u00e7a,&nbsp;Alemanha&nbsp;e&nbsp;Reino Unido&nbsp;por modera\u00e7\u00e3o em rela\u00e7\u00e3o a&nbsp;Israel, afirmando que falta aos chamados &#8220;l\u00f3gica pol\u00edtica&#8221; e que eles &#8220;contradizem princ\u00edpios do direito internacional&#8221;. Os tr\u00eas pa\u00edses europeus haviam solicitado, em uma declara\u00e7\u00e3o divulgada na segunda-feira (12), que o&nbsp;Ir\u00e3&nbsp;e seus aliados&nbsp;se abstivessem de ataques contra Israel&nbsp;em retalia\u00e7\u00e3o [&hellip;]<\/p>\n","protected":false},"author":2,"featured_media":15809,"comment_status":"open","ping_status":"open","sticky":false,"template":"","format":"standard","meta":{"_jetpack_memberships_contains_paid_content":false,"footnotes":""},"categories":[15],"tags":[],"class_list":["post-15808","post","type-post","status-publish","format-standard","has-post-thumbnail","hentry","category-mundo"],"aioseo_notices":[],"jetpack_featured_media_url":"https:\/\/i0.wp.com\/minutobahia24h.com.br\/wp-content\/uploads\/2024\/08\/Sem-titulo-131.jpg?fit=981%2C653&ssl=1","jetpack_sharing_enabled":true,"_links":{"self":[{"href":"https:\/\/minutobahia24h.com.br\/index.php?rest_route=\/wp\/v2\/posts\/15808","targetHints":{"allow":["GET"]}}],"collection":[{"href":"https:\/\/minutobahia24h.com.br\/index.php?rest_route=\/wp\/v2\/posts"}],"about":[{"href":"https:\/\/minutobahia24h.com.br\/index.php?rest_route=\/wp\/v2\/types\/post"}],"author":[{"embeddable":true,"href":"https:\/\/minutobahia24h.com.br\/index.php?rest_route=\/wp\/v2\/users\/2"}],"replies":[{"embeddable":true,"href":"https:\/\/minutobahia24h.com.br\/index.php?rest_route=%2Fwp%2Fv2%2Fcomments&post=15808"}],"version-history":[{"count":1,"href":"https:\/\/minutobahia24h.com.br\/index.php?rest_route=\/wp\/v2\/posts\/15808\/revisions"}],"predecessor-version":[{"id":15810,"href":"https:\/\/minutobahia24h.com.br\/index.php?rest_route=\/wp\/v2\/posts\/15808\/revisions\/15810"}],"wp:featuredmedia":[{"embeddable":true,"href":"https:\/\/minutobahia24h.com.br\/index.php?rest_route=\/wp\/v2\/media\/15809"}],"wp:attachment":[{"href":"https:\/\/minutobahia24h.com.br\/index.php?rest_route=%2Fwp%2Fv2%2Fmedia&parent=15808"}],"wp:term":[{"taxonomy":"category","embeddable":true,"href":"https:\/\/minutobahia24h.com.br\/index.php?rest_route=%2Fwp%2Fv2%2Fcategories&post=15808"},{"taxonomy":"post_tag","embeddable":true,"href":"https:\/\/minutobahia24h.com.br\/index.php?rest_route=%2Fwp%2Fv2%2Ftags&post=15808"}],"curies":[{"name":"wp","href":"https:\/\/api.w.org\/{rel}","templated":true}]}}