{"id":15787,"date":"2024-08-13T07:57:22","date_gmt":"2024-08-13T10:57:22","guid":{"rendered":"https:\/\/minutobahia24h.com.br\/?p=15787"},"modified":"2024-08-13T07:57:23","modified_gmt":"2024-08-13T10:57:23","slug":"acusado-de-matar-delegada-ja-responde-por-tres-casos-de-agressao-diz-policia","status":"publish","type":"post","link":"https:\/\/minutobahia24h.com.br\/?p=15787","title":{"rendered":"\u201cAcusado de matar delegada j\u00e1 responde por tr\u00eas casos de agress\u00e3o\u201d, diz pol\u00edcia"},"content":{"rendered":"<div class=\"wp-block-image\">\n<figure class=\"aligncenter size-full\"><img data-recalc-dims=\"1\" fetchpriority=\"high\" decoding=\"async\" width=\"492\" height=\"328\" src=\"https:\/\/i0.wp.com\/minutobahia24h.com.br\/wp-content\/uploads\/2024\/08\/Sem-titulo-124.jpg?resize=492%2C328&#038;ssl=1\" alt=\"\" class=\"wp-image-15788\" srcset=\"https:\/\/i0.wp.com\/minutobahia24h.com.br\/wp-content\/uploads\/2024\/08\/Sem-titulo-124.jpg?w=492&amp;ssl=1 492w, https:\/\/i0.wp.com\/minutobahia24h.com.br\/wp-content\/uploads\/2024\/08\/Sem-titulo-124.jpg?resize=300%2C200&amp;ssl=1 300w\" sizes=\"(max-width: 492px) 100vw, 492px\" \/><\/figure>\n<\/div>\n\n\n<p>O homem suspeito de matar a delegada Patr\u00edcia Neves Jackes Aires, de 39 anos, j\u00e1 tinha sido preso em maio de 2024 por agress\u00e3o contra a v\u00edtima. Segundo a Pol\u00edcia Civil, Tancredo Neves Feliciano de Arruda tamb\u00e9m tem o hist\u00f3rico com indiciamentos por exerc\u00edcio ilegal da medicina e falsidade ideol\u00f3gica.<\/p>\n\n\n<div class=\"wp-block-image\">\n<figure class=\"aligncenter\"><a href=\"https:\/\/blogger.googleusercontent.com\/img\/a\/AVvXsEjzRpvifa6Q9yVKV3U8QRY_12oD09l1if-M_DU0ggajxLEOh3OSArLPHsDiRP9EBi0Nxh1JRn7PEQlZu5PgKXzI4GPQGnGDK7mQbFymbRmpuFWoxzTY4gSq78idyFhVonai3yr7x28ay5k5lGhTi8ArIXlXOZgS4tQidTgAKXI97__CDX-f3ktzgP11nm0\"><img decoding=\"async\" data-src=\"https:\/\/blogger.googleusercontent.com\/img\/a\/AVvXsEjzRpvifa6Q9yVKV3U8QRY_12oD09l1if-M_DU0ggajxLEOh3OSArLPHsDiRP9EBi0Nxh1JRn7PEQlZu5PgKXzI4GPQGnGDK7mQbFymbRmpuFWoxzTY4gSq78idyFhVonai3yr7x28ay5k5lGhTi8ArIXlXOZgS4tQidTgAKXI97__CDX-f3ktzgP11nm0=w490-h335\" alt=\"\" src=\"data:image\/gif;base64,R0lGODlhAQABAAAAACH5BAEKAAEALAAAAAABAAEAAAICTAEAOw==\" class=\"lazyload\" \/><noscript><img decoding=\"async\" src=\"https:\/\/blogger.googleusercontent.com\/img\/a\/AVvXsEjzRpvifa6Q9yVKV3U8QRY_12oD09l1if-M_DU0ggajxLEOh3OSArLPHsDiRP9EBi0Nxh1JRn7PEQlZu5PgKXzI4GPQGnGDK7mQbFymbRmpuFWoxzTY4gSq78idyFhVonai3yr7x28ay5k5lGhTi8ArIXlXOZgS4tQidTgAKXI97__CDX-f3ktzgP11nm0=w490-h335\" alt=\"\"\/><\/noscript><\/a><\/figure>\n<\/div>\n\n\n<p>Patr\u00edcia Neves Jackes Aires nasceu em Recife, era m\u00e3e, atuava como plantonista e era ativa no enfrentamento \u00e0s viol\u00eancias de g\u00eanero. Ela atuava na delegacia da cidade de Santo Ant\u00f4nio de Jesus, no rec\u00f4ncavo baiano.<a><\/a><\/p>\n\n\n\n<p>O corpo da delegada foi encontrado no banco do carona do carro dela, \u00e0s margens da BR-324, pr\u00f3ximo a S\u00e3o Sebasti\u00e3o do Pass\u00e9, na Regi\u00e3o Metropolitana de Salvador. H\u00e1 a suspeita de que a v\u00edtima tenha sido estrangulada.<\/p>\n\n\n\n<p>Nas redes sociais, horas antes do crime, Patr\u00edcia Neves havia postado fotos jantando, em um restaurante, com o namorado. O suspeito est\u00e1 preso.<\/p>\n\n\n\n<p>Record&nbsp;<\/p>\n","protected":false},"excerpt":{"rendered":"<p>O homem suspeito de matar a delegada Patr\u00edcia Neves Jackes Aires, de 39 anos, j\u00e1 tinha sido preso em maio de 2024 por agress\u00e3o contra a v\u00edtima. Segundo a Pol\u00edcia Civil, Tancredo Neves Feliciano de Arruda tamb\u00e9m tem o hist\u00f3rico com indiciamentos por exerc\u00edcio ilegal da medicina e falsidade ideol\u00f3gica. Patr\u00edcia Neves Jackes Aires nasceu [&hellip;]<\/p>\n","protected":false},"author":2,"featured_media":15788,"comment_status":"open","ping_status":"open","sticky":false,"template":"","format":"standard","meta":{"_jetpack_memberships_contains_paid_content":false,"footnotes":""},"categories":[13],"tags":[],"class_list":["post-15787","post","type-post","status-publish","format-standard","has-post-thumbnail","hentry","category-policial"],"aioseo_notices":[],"jetpack_featured_media_url":"https:\/\/i0.wp.com\/minutobahia24h.com.br\/wp-content\/uploads\/2024\/08\/Sem-titulo-124.jpg?fit=492%2C328&ssl=1","jetpack_sharing_enabled":true,"_links":{"self":[{"href":"https:\/\/minutobahia24h.com.br\/index.php?rest_route=\/wp\/v2\/posts\/15787","targetHints":{"allow":["GET"]}}],"collection":[{"href":"https:\/\/minutobahia24h.com.br\/index.php?rest_route=\/wp\/v2\/posts"}],"about":[{"href":"https:\/\/minutobahia24h.com.br\/index.php?rest_route=\/wp\/v2\/types\/post"}],"author":[{"embeddable":true,"href":"https:\/\/minutobahia24h.com.br\/index.php?rest_route=\/wp\/v2\/users\/2"}],"replies":[{"embeddable":true,"href":"https:\/\/minutobahia24h.com.br\/index.php?rest_route=%2Fwp%2Fv2%2Fcomments&post=15787"}],"version-history":[{"count":1,"href":"https:\/\/minutobahia24h.com.br\/index.php?rest_route=\/wp\/v2\/posts\/15787\/revisions"}],"predecessor-version":[{"id":15789,"href":"https:\/\/minutobahia24h.com.br\/index.php?rest_route=\/wp\/v2\/posts\/15787\/revisions\/15789"}],"wp:featuredmedia":[{"embeddable":true,"href":"https:\/\/minutobahia24h.com.br\/index.php?rest_route=\/wp\/v2\/media\/15788"}],"wp:attachment":[{"href":"https:\/\/minutobahia24h.com.br\/index.php?rest_route=%2Fwp%2Fv2%2Fmedia&parent=15787"}],"wp:term":[{"taxonomy":"category","embeddable":true,"href":"https:\/\/minutobahia24h.com.br\/index.php?rest_route=%2Fwp%2Fv2%2Fcategories&post=15787"},{"taxonomy":"post_tag","embeddable":true,"href":"https:\/\/minutobahia24h.com.br\/index.php?rest_route=%2Fwp%2Fv2%2Ftags&post=15787"}],"curies":[{"name":"wp","href":"https:\/\/api.w.org\/{rel}","templated":true}]}}