{"id":15685,"date":"2024-08-09T07:25:38","date_gmt":"2024-08-09T10:25:38","guid":{"rendered":"https:\/\/minutobahia24h.com.br\/?p=15685"},"modified":"2024-08-09T07:25:39","modified_gmt":"2024-08-09T10:25:39","slug":"maduro-diz-que-whatsapp-e-usado-para-espalhar-violencia-e-pede-que-apoiadores-excluam-app","status":"publish","type":"post","link":"https:\/\/minutobahia24h.com.br\/?p=15685","title":{"rendered":"Maduro diz que Whatsapp \u00e9 usado para espalhar viol\u00eancia e pede que apoiadores excluam app"},"content":{"rendered":"<div class=\"wp-block-image\">\n<figure class=\"aligncenter size-full\"><img data-recalc-dims=\"1\" fetchpriority=\"high\" decoding=\"async\" width=\"600\" height=\"421\" src=\"https:\/\/i0.wp.com\/minutobahia24h.com.br\/wp-content\/uploads\/2024\/08\/Sem-titulo-96.jpg?resize=600%2C421&#038;ssl=1\" alt=\"\" class=\"wp-image-15686\" srcset=\"https:\/\/i0.wp.com\/minutobahia24h.com.br\/wp-content\/uploads\/2024\/08\/Sem-titulo-96.jpg?w=600&amp;ssl=1 600w, https:\/\/i0.wp.com\/minutobahia24h.com.br\/wp-content\/uploads\/2024\/08\/Sem-titulo-96.jpg?resize=300%2C211&amp;ssl=1 300w\" sizes=\"(max-width: 600px) 100vw, 600px\" \/><figcaption class=\"wp-element-caption\">Foto: Elza Fi\u00faza\/ABr<br><\/figcaption><\/figure>\n<\/div>\n\n\n<p>O presidente da Venezuela Nicol\u00e1s Maduro disse que o WhatsApp, aplicativo de mensagens de propriedade da Meta, est\u00e1 sendo usado por \u201cfascistas\u201d para disseminar a viol\u00eancia. Ele pediu a seus partid\u00e1rios que removessem o aplicativo.<\/p>\n\n\n\n<p>\u201cAtrav\u00e9s do WhatsApp eles est\u00e3o amea\u00e7ando a fam\u00edlia militar, a pol\u00edcia, os l\u00edderes de rua, a comunidade, todos que n\u00e3o se declaram a favor do fascismo\u201d, disse ele. No domingo, 4, Maduro tamb\u00e9m disse que o TikTok e o Instagram estavam sendo usados para promover o \u201c\u00f3dio\u201d e prometeu regulamentar seu uso.<\/p>\n\n\n\n<p>O ataque de Maduro \u00e0s plataformas de rede social vem na esteira de uma onda de repress\u00e3o de seu regime contra qualquer resist\u00eancia \u00e0 sua autodeclarada vit\u00f3ria na elei\u00e7\u00e3o presidencial.<\/p>\n\n\n\n<p>Ele tem se referido repetidamente \u00e0 l\u00edder da oposi\u00e7\u00e3o, Mar\u00eda Corina Machado, e a seu candidato substituto, Edmundo Gonz\u00e1lez, como \u201cfascistas\u201d, e os culpou pelos protestos que se seguiram depois que eles publicaram documentos mostrando que sua vit\u00f3ria eleitoral foi fraudulenta.<\/p>\n\n\n\n<p>O pedido de Maduro para a remo\u00e7\u00e3o do WhatsApp \u00e9 uma r\u00e1pida reviravolta, depois de ter confiado na rede social para ajudar a suavizar sua imagem antes da elei\u00e7\u00e3o de 28 de julho. A \u00faltima mensagem que ele compartilhou pelo WhatsApp foi em 30 de julho, dizendo que \u201co povo saiu \u00e0s ruas contra a viol\u00eancia e o fascismo\u2026 Deus est\u00e1 conosco\u2026 A paz vencer\u00e1\u201d.<\/p>\n\n\n\n<p>Bahia.ba<\/p>\n","protected":false},"excerpt":{"rendered":"<p>O presidente da Venezuela Nicol\u00e1s Maduro disse que o WhatsApp, aplicativo de mensagens de propriedade da Meta, est\u00e1 sendo usado por \u201cfascistas\u201d para disseminar a viol\u00eancia. Ele pediu a seus partid\u00e1rios que removessem o aplicativo. \u201cAtrav\u00e9s do WhatsApp eles est\u00e3o amea\u00e7ando a fam\u00edlia militar, a pol\u00edcia, os l\u00edderes de rua, a comunidade, todos que n\u00e3o [&hellip;]<\/p>\n","protected":false},"author":2,"featured_media":15686,"comment_status":"open","ping_status":"open","sticky":false,"template":"","format":"standard","meta":{"_jetpack_memberships_contains_paid_content":false,"footnotes":""},"categories":[15],"tags":[],"class_list":["post-15685","post","type-post","status-publish","format-standard","has-post-thumbnail","hentry","category-mundo"],"aioseo_notices":[],"jetpack_featured_media_url":"https:\/\/i0.wp.com\/minutobahia24h.com.br\/wp-content\/uploads\/2024\/08\/Sem-titulo-96.jpg?fit=600%2C421&ssl=1","jetpack_sharing_enabled":true,"_links":{"self":[{"href":"https:\/\/minutobahia24h.com.br\/index.php?rest_route=\/wp\/v2\/posts\/15685","targetHints":{"allow":["GET"]}}],"collection":[{"href":"https:\/\/minutobahia24h.com.br\/index.php?rest_route=\/wp\/v2\/posts"}],"about":[{"href":"https:\/\/minutobahia24h.com.br\/index.php?rest_route=\/wp\/v2\/types\/post"}],"author":[{"embeddable":true,"href":"https:\/\/minutobahia24h.com.br\/index.php?rest_route=\/wp\/v2\/users\/2"}],"replies":[{"embeddable":true,"href":"https:\/\/minutobahia24h.com.br\/index.php?rest_route=%2Fwp%2Fv2%2Fcomments&post=15685"}],"version-history":[{"count":1,"href":"https:\/\/minutobahia24h.com.br\/index.php?rest_route=\/wp\/v2\/posts\/15685\/revisions"}],"predecessor-version":[{"id":15687,"href":"https:\/\/minutobahia24h.com.br\/index.php?rest_route=\/wp\/v2\/posts\/15685\/revisions\/15687"}],"wp:featuredmedia":[{"embeddable":true,"href":"https:\/\/minutobahia24h.com.br\/index.php?rest_route=\/wp\/v2\/media\/15686"}],"wp:attachment":[{"href":"https:\/\/minutobahia24h.com.br\/index.php?rest_route=%2Fwp%2Fv2%2Fmedia&parent=15685"}],"wp:term":[{"taxonomy":"category","embeddable":true,"href":"https:\/\/minutobahia24h.com.br\/index.php?rest_route=%2Fwp%2Fv2%2Fcategories&post=15685"},{"taxonomy":"post_tag","embeddable":true,"href":"https:\/\/minutobahia24h.com.br\/index.php?rest_route=%2Fwp%2Fv2%2Ftags&post=15685"}],"curies":[{"name":"wp","href":"https:\/\/api.w.org\/{rel}","templated":true}]}}