{"id":15664,"date":"2024-08-09T07:06:50","date_gmt":"2024-08-09T10:06:50","guid":{"rendered":"https:\/\/minutobahia24h.com.br\/?p=15664"},"modified":"2024-08-09T07:06:52","modified_gmt":"2024-08-09T10:06:52","slug":"feira-de-santana-foi-condenada-pela-justica-do-trabalho-a-pagar-r-200-mil-por-assedio-eleitoral","status":"publish","type":"post","link":"https:\/\/minutobahia24h.com.br\/?p=15664","title":{"rendered":"Feira de Santana foi condenada pela Justi\u00e7a do Trabalho a pagar R$ 200 mil por ass\u00e9dio eleitoral"},"content":{"rendered":"<div class=\"wp-block-image\">\n<figure class=\"aligncenter size-full\"><img data-recalc-dims=\"1\" fetchpriority=\"high\" decoding=\"async\" width=\"696\" height=\"392\" src=\"https:\/\/i0.wp.com\/minutobahia24h.com.br\/wp-content\/uploads\/2024\/08\/Sem-titulo-89.jpg?resize=696%2C392&#038;ssl=1\" alt=\"\" class=\"wp-image-15665\" srcset=\"https:\/\/i0.wp.com\/minutobahia24h.com.br\/wp-content\/uploads\/2024\/08\/Sem-titulo-89.jpg?w=696&amp;ssl=1 696w, https:\/\/i0.wp.com\/minutobahia24h.com.br\/wp-content\/uploads\/2024\/08\/Sem-titulo-89.jpg?resize=300%2C169&amp;ssl=1 300w\" sizes=\"(max-width: 696px) 100vw, 696px\" \/><\/figure>\n<\/div>\n\n\n<p>A prefeitura da segunda maior da Bahia, Feira de Santana, a cerca de 100 km de Salvador, foi condenada a pagar danos morais por ass\u00e9dio eleitoral, segundo decis\u00e3o divulgada, pelo Minist\u00e9rio P\u00fablico do Trabalho na Bahia (MPT-BA).<\/p>\n\n\n\n<p>O Minist\u00e9rio P\u00fablico do Trabalho (MPT) obteve decis\u00e3o para que a Prefeitura pague indeniza\u00e7\u00e3o pela pr\u00e1tica de ass\u00e9dio eleitoral. A Justi\u00e7a, que j\u00e1 havia condenado o Munic\u00edpio a cumprir uma s\u00e9rie de normas, determinou, em recente decis\u00e3o, o pagamento de R$ 200 mil a serem revertidos a entidades filantr\u00f3picas a serem definidas pelo MPT.<\/p>\n\n\n\n<p>clebervieiranews<\/p>\n","protected":false},"excerpt":{"rendered":"<p>A prefeitura da segunda maior da Bahia, Feira de Santana, a cerca de 100 km de Salvador, foi condenada a pagar danos morais por ass\u00e9dio eleitoral, segundo decis\u00e3o divulgada, pelo Minist\u00e9rio P\u00fablico do Trabalho na Bahia (MPT-BA). O Minist\u00e9rio P\u00fablico do Trabalho (MPT) obteve decis\u00e3o para que a Prefeitura pague indeniza\u00e7\u00e3o pela pr\u00e1tica de ass\u00e9dio [&hellip;]<\/p>\n","protected":false},"author":2,"featured_media":15665,"comment_status":"open","ping_status":"open","sticky":false,"template":"","format":"standard","meta":{"_jetpack_memberships_contains_paid_content":false,"footnotes":""},"categories":[3],"tags":[],"class_list":["post-15664","post","type-post","status-publish","format-standard","has-post-thumbnail","hentry","category-regional"],"aioseo_notices":[],"jetpack_featured_media_url":"https:\/\/i0.wp.com\/minutobahia24h.com.br\/wp-content\/uploads\/2024\/08\/Sem-titulo-89.jpg?fit=696%2C392&ssl=1","jetpack_sharing_enabled":true,"_links":{"self":[{"href":"https:\/\/minutobahia24h.com.br\/index.php?rest_route=\/wp\/v2\/posts\/15664","targetHints":{"allow":["GET"]}}],"collection":[{"href":"https:\/\/minutobahia24h.com.br\/index.php?rest_route=\/wp\/v2\/posts"}],"about":[{"href":"https:\/\/minutobahia24h.com.br\/index.php?rest_route=\/wp\/v2\/types\/post"}],"author":[{"embeddable":true,"href":"https:\/\/minutobahia24h.com.br\/index.php?rest_route=\/wp\/v2\/users\/2"}],"replies":[{"embeddable":true,"href":"https:\/\/minutobahia24h.com.br\/index.php?rest_route=%2Fwp%2Fv2%2Fcomments&post=15664"}],"version-history":[{"count":1,"href":"https:\/\/minutobahia24h.com.br\/index.php?rest_route=\/wp\/v2\/posts\/15664\/revisions"}],"predecessor-version":[{"id":15666,"href":"https:\/\/minutobahia24h.com.br\/index.php?rest_route=\/wp\/v2\/posts\/15664\/revisions\/15666"}],"wp:featuredmedia":[{"embeddable":true,"href":"https:\/\/minutobahia24h.com.br\/index.php?rest_route=\/wp\/v2\/media\/15665"}],"wp:attachment":[{"href":"https:\/\/minutobahia24h.com.br\/index.php?rest_route=%2Fwp%2Fv2%2Fmedia&parent=15664"}],"wp:term":[{"taxonomy":"category","embeddable":true,"href":"https:\/\/minutobahia24h.com.br\/index.php?rest_route=%2Fwp%2Fv2%2Fcategories&post=15664"},{"taxonomy":"post_tag","embeddable":true,"href":"https:\/\/minutobahia24h.com.br\/index.php?rest_route=%2Fwp%2Fv2%2Ftags&post=15664"}],"curies":[{"name":"wp","href":"https:\/\/api.w.org\/{rel}","templated":true}]}}