{"id":1566,"date":"2023-10-02T10:34:50","date_gmt":"2023-10-02T13:34:50","guid":{"rendered":"https:\/\/minutobahia24h.com.br\/?p=1566"},"modified":"2023-10-02T10:34:51","modified_gmt":"2023-10-02T13:34:51","slug":"contra-pauta-progressista-senado-discute-mandato-temporario-para-ministros-do-stf","status":"publish","type":"post","link":"https:\/\/minutobahia24h.com.br\/?p=1566","title":{"rendered":"Contra pauta progressista, Senado discute mandato tempor\u00e1rio para ministros do STF"},"content":{"rendered":"<div class=\"wp-block-image\">\n<figure class=\"aligncenter size-full\"><img data-recalc-dims=\"1\" fetchpriority=\"high\" decoding=\"async\" width=\"789\" height=\"524\" src=\"https:\/\/i0.wp.com\/minutobahia24h.com.br\/wp-content\/uploads\/2023\/10\/2.jpg?resize=789%2C524&#038;ssl=1\" alt=\"\" class=\"wp-image-1568\" srcset=\"https:\/\/i0.wp.com\/minutobahia24h.com.br\/wp-content\/uploads\/2023\/10\/2.jpg?w=789&amp;ssl=1 789w, https:\/\/i0.wp.com\/minutobahia24h.com.br\/wp-content\/uploads\/2023\/10\/2.jpg?resize=300%2C199&amp;ssl=1 300w, https:\/\/i0.wp.com\/minutobahia24h.com.br\/wp-content\/uploads\/2023\/10\/2.jpg?resize=768%2C510&amp;ssl=1 768w, https:\/\/i0.wp.com\/minutobahia24h.com.br\/wp-content\/uploads\/2023\/10\/2.jpg?resize=750%2C498&amp;ssl=1 750w\" sizes=\"(max-width: 789px) 100vw, 789px\" \/><figcaption class=\"wp-element-caption\">Plen\u00e1rio do STF em setembro, durante julgamento dos acusados de participar dos atos golpistas de 8 de janeiro. \u2014 Foto: Rosinei Coutinho\/SCO\/STF<br><\/figcaption><\/figure>\n<\/div>\n\n\n<p>Senadores de diversos partidos \u2013 incluindo da c\u00fapula da Casa \u2013 intensificaram a defesa nas \u00faltimas semanas uma Proposta de Emenda \u00e0 Constitui\u00e7\u00e3o (PEC) que estabelece mandato tempor\u00e1rio para ministros do Supremo Tribunal Federal (<a class=\"\" href=\"https:\/\/g1.globo.com\/tudo-sobre\/supremo-tribunal-federal\/\">STF<\/a>). Atualmente, os mandatos s\u00e3o limitados apenas pela idade \u2013 os magistrados s\u00e3o aposentados compulsoriamente ao chegar aos 75 anos.<\/p>\n\n\n\n<p>Senadores ouvidos pelo\u00a0<strong>blog\u00a0<\/strong>argumentam que \u00e9 preciso &#8221;puxar o STF para a conten\u00e7\u00e3o&#8221; pois,\u00a0na vis\u00e3o desses parlamentares, a Corte tem levantado temas que o Legislativo considera n\u00e3o estarem maduros, como a\u00a0<strong>descriminaliza\u00e7\u00e3o do aborto<\/strong>.<\/p>\n\n\n\n<p>Antes de se aposentar, a ministra Rosa Weber votou a favor dessa tese, que pode livrar de puni\u00e7\u00e3o criminal mulheres e profissionais que realizem o procedimento. Caso confirmada pelos demais ministros, a decis\u00e3o n\u00e3o significa, necessariamente, que o aborto vai ser oferecido no Sistema \u00danico de Sa\u00fade (SUS). Apenas que a mulher que optar pelo aborto n\u00e3o ser\u00e1 criminalizada.<\/p>\n\n\n\n<p>Interlocutores do presidente do Senado,&nbsp;<a class=\"\" href=\"https:\/\/g1.globo.com\/politica\/politico\/rodrigo-otavio-soares-pacheco\/\">Rodrigo Pacheco<\/a>&nbsp;(PSD-MG) relataram ao&nbsp;<strong>blog<\/strong>, que o pr\u00f3prio senador j\u00e1 disse a ministros do STF considerar o mandato tempor\u00e1rio uma boa ideia. Ministros ouvidos pelo&nbsp;<strong>blog&nbsp;<\/strong>confirmam que est\u00e3o acompanhando a discuss\u00e3o.<\/p>\n\n\n\n<p>Pacheco havia colocado um freio nas discuss\u00f5es no primeiro semestre para n\u00e3o parecer um &#8220;enquadramento&#8221; da Corte.<\/p>\n\n\n\n<p>Senadores, entretanto, argumentam que, quando o STF decide sobre pauta de costumes \u2013 como \u00e9 o caso do aborto \u2013, d\u00e1 muni\u00e7\u00e3o \u00e0 extrema direita e tira foco da agenda econ\u00f4mica e da defesa da democracia. Por isso, voltaram a cobrar do presidente da Casa o debate sobre o limite de mandato na Corte.<\/p>\n\n\n\n<p>Al\u00e9m de aborto, a volta da articula\u00e7\u00e3o sobre o assunto acontece em meio ao enfrentamento do Congresso ao STF no caso do marco temporal \u2013 dias depois de ser invalidada pelo Supremo, a tese que limita a demarca\u00e7\u00e3o de terras ind\u00edgenas foi aprovada pelo Congresso.<\/p>\n\n\n\n<p>O texto foi \u00e0 san\u00e7\u00e3o do presidente Lula (PT), que pode vet\u00e1-lo parcial ou totalmente. O Congresso, por\u00e9m, j\u00e1 sinalizou que derrubar\u00e1 um eventual veto que inviabilize o marco temporal.<\/p>\n\n\n\n<h2 class=\"wp-block-heading\">Em 2009, Dino prop\u00f4s limite de mandato no STF<\/h2>\n\n\n\n<p>A ideia de limitar mandato de ministro do STF n\u00e3o \u00e9 nova. Em 2009, o ent\u00e3o deputado federal e integrante da base do governo Lula 2 Fl\u00e1vio Dino apresentou uma proposta nesse sentido. O texto acabou arquivado.<\/p>\n\n\n\n<p>Hoje ministro da Justi\u00e7a, Dino \u00e9 o principal candidato a uma indica\u00e7\u00e3o para a vaga de Rosa Weber e, segundo o blog apurou, n\u00e3o enfrentaria dificuldades em ter o nome aprovado pelo Senado.<\/p>\n","protected":false},"excerpt":{"rendered":"<p>Senadores de diversos partidos \u2013 incluindo da c\u00fapula da Casa \u2013 intensificaram a defesa nas \u00faltimas semanas uma Proposta de Emenda \u00e0 Constitui\u00e7\u00e3o (PEC) que estabelece mandato tempor\u00e1rio para ministros do Supremo Tribunal Federal (STF). Atualmente, os mandatos s\u00e3o limitados apenas pela idade \u2013 os magistrados s\u00e3o aposentados compulsoriamente ao chegar aos 75 anos. Senadores [&hellip;]<\/p>\n","protected":false},"author":2,"featured_media":1568,"comment_status":"open","ping_status":"open","sticky":false,"template":"","format":"standard","meta":{"_jetpack_memberships_contains_paid_content":false,"footnotes":""},"categories":[39],"tags":[],"class_list":["post-1566","post","type-post","status-publish","format-standard","has-post-thumbnail","hentry","category-politica"],"aioseo_notices":[],"jetpack_featured_media_url":"https:\/\/i0.wp.com\/minutobahia24h.com.br\/wp-content\/uploads\/2023\/10\/2.jpg?fit=789%2C524&ssl=1","jetpack_sharing_enabled":true,"_links":{"self":[{"href":"https:\/\/minutobahia24h.com.br\/index.php?rest_route=\/wp\/v2\/posts\/1566","targetHints":{"allow":["GET"]}}],"collection":[{"href":"https:\/\/minutobahia24h.com.br\/index.php?rest_route=\/wp\/v2\/posts"}],"about":[{"href":"https:\/\/minutobahia24h.com.br\/index.php?rest_route=\/wp\/v2\/types\/post"}],"author":[{"embeddable":true,"href":"https:\/\/minutobahia24h.com.br\/index.php?rest_route=\/wp\/v2\/users\/2"}],"replies":[{"embeddable":true,"href":"https:\/\/minutobahia24h.com.br\/index.php?rest_route=%2Fwp%2Fv2%2Fcomments&post=1566"}],"version-history":[{"count":1,"href":"https:\/\/minutobahia24h.com.br\/index.php?rest_route=\/wp\/v2\/posts\/1566\/revisions"}],"predecessor-version":[{"id":1569,"href":"https:\/\/minutobahia24h.com.br\/index.php?rest_route=\/wp\/v2\/posts\/1566\/revisions\/1569"}],"wp:featuredmedia":[{"embeddable":true,"href":"https:\/\/minutobahia24h.com.br\/index.php?rest_route=\/wp\/v2\/media\/1568"}],"wp:attachment":[{"href":"https:\/\/minutobahia24h.com.br\/index.php?rest_route=%2Fwp%2Fv2%2Fmedia&parent=1566"}],"wp:term":[{"taxonomy":"category","embeddable":true,"href":"https:\/\/minutobahia24h.com.br\/index.php?rest_route=%2Fwp%2Fv2%2Fcategories&post=1566"},{"taxonomy":"post_tag","embeddable":true,"href":"https:\/\/minutobahia24h.com.br\/index.php?rest_route=%2Fwp%2Fv2%2Ftags&post=1566"}],"curies":[{"name":"wp","href":"https:\/\/api.w.org\/{rel}","templated":true}]}}