{"id":15629,"date":"2024-08-08T07:32:23","date_gmt":"2024-08-08T10:32:23","guid":{"rendered":"https:\/\/minutobahia24h.com.br\/?p=15629"},"modified":"2024-08-08T07:32:25","modified_gmt":"2024-08-08T10:32:25","slug":"bolsonaro-e-ameacado-de-morte-cupula-do-pl-toma-decisao-sobre-assunto","status":"publish","type":"post","link":"https:\/\/minutobahia24h.com.br\/?p=15629","title":{"rendered":"Bolsonaro \u00e9 amea\u00e7ado de morte; c\u00fapula do PL toma decis\u00e3o sobre assunto"},"content":{"rendered":"<div class=\"wp-block-image\">\n<figure class=\"aligncenter size-full\"><img data-recalc-dims=\"1\" fetchpriority=\"high\" decoding=\"async\" width=\"800\" height=\"535\" src=\"https:\/\/i0.wp.com\/minutobahia24h.com.br\/wp-content\/uploads\/2024\/08\/Sem-titulo-81.jpg?resize=800%2C535&#038;ssl=1\" alt=\"\" class=\"wp-image-15630\" srcset=\"https:\/\/i0.wp.com\/minutobahia24h.com.br\/wp-content\/uploads\/2024\/08\/Sem-titulo-81.jpg?w=899&amp;ssl=1 899w, https:\/\/i0.wp.com\/minutobahia24h.com.br\/wp-content\/uploads\/2024\/08\/Sem-titulo-81.jpg?resize=300%2C201&amp;ssl=1 300w, https:\/\/i0.wp.com\/minutobahia24h.com.br\/wp-content\/uploads\/2024\/08\/Sem-titulo-81.jpg?resize=768%2C513&amp;ssl=1 768w, https:\/\/i0.wp.com\/minutobahia24h.com.br\/wp-content\/uploads\/2024\/08\/Sem-titulo-81.jpg?resize=750%2C501&amp;ssl=1 750w\" sizes=\"(max-width: 800px) 100vw, 800px\" \/><figcaption class=\"wp-element-caption\">Pol\u00edcia Federal deve refor\u00e7ar seguran\u00e7a do ex-presidente &#8211; Foto: Carolina Antunes | PR<\/figcaption><\/figure>\n<\/div>\n\n\n<p>O ex-presidente Jair Bolsonaro (PL)<a href=\"https:\/\/atarde.com.br\/politica\/brasil\/jair-bolsonaro-e-filho-01-mantem-empresa-que-pode-fabricar-arma-1281491\"><\/a>foi amea\u00e7ado de morte atrav\u00e9s de coment\u00e1rios em uma postagem nas suas redes sociais. A intimida\u00e7\u00e3o foi identificada pela c\u00fapula do partido, que vai apresentar o caso \u00e0 Pol\u00edcia Federal.<\/p>\n\n\n\n<p>Na publica\u00e7\u00e3o, o internauta intimou o ex-mandat\u00e1rio com uma \u201cpeixeira (fac\u00e3o)\u201d, sem dar mais explica\u00e7\u00f5es. No mesmo post, o usu\u00e1rio ainda postou uma foto de faca.<\/p>\n\n\n\n<p>Temendo pela vida do ex-chefe do Executivo, o PL recorreu aos agentes de seguran\u00e7a para identificar a origem da amea\u00e7a e tome provid\u00eancias imediatas na seguran\u00e7a de Bolsonaro, que cumpre a agenda em Pernambuco, nesta quarta-feira, 7.<\/p>\n\n\n\n<p>As viagens fazem parte da estrat\u00e9gia de impulsionamento das pr\u00e9-candidaturas para as&nbsp;<a href=\"https:\/\/atarde.com.br\/?q=elei%C3%A7%C3%B5es&amp;d=1\"><\/a>elei\u00e7\u00f5es municipais. Bolsonaro usa avi\u00e3o de carreira, uma vez que se recusa a usar jatinhos particulares, e \u00e9 acompanhado pelos seguran\u00e7as a que t\u00eam direito por ser ex-presidente.<\/p>\n\n\n\n<p><strong>Fonte: A Tarde<\/strong><\/p>\n","protected":false},"excerpt":{"rendered":"<p>O ex-presidente Jair Bolsonaro (PL)foi amea\u00e7ado de morte atrav\u00e9s de coment\u00e1rios em uma postagem nas suas redes sociais. A intimida\u00e7\u00e3o foi identificada pela c\u00fapula do partido, que vai apresentar o caso \u00e0 Pol\u00edcia Federal. Na publica\u00e7\u00e3o, o internauta intimou o ex-mandat\u00e1rio com uma \u201cpeixeira (fac\u00e3o)\u201d, sem dar mais explica\u00e7\u00f5es. No mesmo post, o usu\u00e1rio ainda [&hellip;]<\/p>\n","protected":false},"author":2,"featured_media":15630,"comment_status":"open","ping_status":"open","sticky":false,"template":"","format":"standard","meta":{"_jetpack_memberships_contains_paid_content":false,"footnotes":""},"categories":[46],"tags":[],"class_list":["post-15629","post","type-post","status-publish","format-standard","has-post-thumbnail","hentry","category-noticia"],"aioseo_notices":[],"jetpack_featured_media_url":"https:\/\/i0.wp.com\/minutobahia24h.com.br\/wp-content\/uploads\/2024\/08\/Sem-titulo-81.jpg?fit=899%2C601&ssl=1","jetpack_sharing_enabled":true,"_links":{"self":[{"href":"https:\/\/minutobahia24h.com.br\/index.php?rest_route=\/wp\/v2\/posts\/15629","targetHints":{"allow":["GET"]}}],"collection":[{"href":"https:\/\/minutobahia24h.com.br\/index.php?rest_route=\/wp\/v2\/posts"}],"about":[{"href":"https:\/\/minutobahia24h.com.br\/index.php?rest_route=\/wp\/v2\/types\/post"}],"author":[{"embeddable":true,"href":"https:\/\/minutobahia24h.com.br\/index.php?rest_route=\/wp\/v2\/users\/2"}],"replies":[{"embeddable":true,"href":"https:\/\/minutobahia24h.com.br\/index.php?rest_route=%2Fwp%2Fv2%2Fcomments&post=15629"}],"version-history":[{"count":1,"href":"https:\/\/minutobahia24h.com.br\/index.php?rest_route=\/wp\/v2\/posts\/15629\/revisions"}],"predecessor-version":[{"id":15631,"href":"https:\/\/minutobahia24h.com.br\/index.php?rest_route=\/wp\/v2\/posts\/15629\/revisions\/15631"}],"wp:featuredmedia":[{"embeddable":true,"href":"https:\/\/minutobahia24h.com.br\/index.php?rest_route=\/wp\/v2\/media\/15630"}],"wp:attachment":[{"href":"https:\/\/minutobahia24h.com.br\/index.php?rest_route=%2Fwp%2Fv2%2Fmedia&parent=15629"}],"wp:term":[{"taxonomy":"category","embeddable":true,"href":"https:\/\/minutobahia24h.com.br\/index.php?rest_route=%2Fwp%2Fv2%2Fcategories&post=15629"},{"taxonomy":"post_tag","embeddable":true,"href":"https:\/\/minutobahia24h.com.br\/index.php?rest_route=%2Fwp%2Fv2%2Ftags&post=15629"}],"curies":[{"name":"wp","href":"https:\/\/api.w.org\/{rel}","templated":true}]}}