{"id":1560,"date":"2023-10-02T10:14:05","date_gmt":"2023-10-02T13:14:05","guid":{"rendered":"https:\/\/minutobahia24h.com.br\/?p=1560"},"modified":"2023-10-02T10:14:06","modified_gmt":"2023-10-02T13:14:06","slug":"agricultoras-de-curaca-garantem-renda-familiar-com-beneficiamento-de-frutas-e-mandioca","status":"publish","type":"post","link":"https:\/\/minutobahia24h.com.br\/?p=1560","title":{"rendered":"Agricultoras de Cura\u00e7\u00e1 garantem renda familiar com beneficiamento de frutas e mandioca"},"content":{"rendered":"<div class=\"wp-block-image\">\n<figure class=\"aligncenter size-full\"><img data-recalc-dims=\"1\" fetchpriority=\"high\" decoding=\"async\" width=\"640\" height=\"640\" src=\"https:\/\/i0.wp.com\/minutobahia24h.com.br\/wp-content\/uploads\/2023\/10\/20231001.jpg?resize=640%2C640&#038;ssl=1\" alt=\"\" class=\"wp-image-1562\" srcset=\"https:\/\/i0.wp.com\/minutobahia24h.com.br\/wp-content\/uploads\/2023\/10\/20231001.jpg?w=640&amp;ssl=1 640w, https:\/\/i0.wp.com\/minutobahia24h.com.br\/wp-content\/uploads\/2023\/10\/20231001.jpg?resize=300%2C300&amp;ssl=1 300w, https:\/\/i0.wp.com\/minutobahia24h.com.br\/wp-content\/uploads\/2023\/10\/20231001.jpg?resize=150%2C150&amp;ssl=1 150w, https:\/\/i0.wp.com\/minutobahia24h.com.br\/wp-content\/uploads\/2023\/10\/20231001.jpg?resize=75%2C75&amp;ssl=1 75w\" sizes=\"(max-width: 640px) 100vw, 640px\" \/><\/figure>\n<\/div>\n\n\n<p>O grupo de agricultoras da Associa\u00e7\u00e3o de Mulheres em A\u00e7\u00e3o da Fazenda Esfomeado (Amafe), no munic\u00edpio de Cura\u00e7\u00e1, territ\u00f3rio de identidade Sert\u00e3o do S\u00e3o Francisco, est\u00e3o conseguindo assegurar renda mensal de cerca de um sal\u00e1rio m\u00ednimo, por integrante, a partir do beneficiamento e comercializa\u00e7\u00e3o de geleias, sequilhos, bolos e licores.\u00a0\u00a0<\/p>\n\n\n\n<p>A diversidade de produtos inclui os derivados de frutas nativas como umbu e maracuj\u00e1-da-Caatinga, e outras como manga e acerola; e os de mandioca e de palma, sendo o carro-chefe: a geleia de palma.&nbsp;&nbsp;<\/p>\n\n\n\n<p>A capacidade de produ\u00e7\u00e3o da Unidade de Beneficiamento aumentou com os investimentos de mais R$ 239 mil do Governo do Estado, por meio do Pr\u00f3-Semi\u00e1rido, projeto executado pela Companhia de Desenvolvimento e A\u00e7\u00e3o Regional (CAR), vinculada \u00e0 Secretaria de Desenvolvimento Rural (SDR), com cofinanciamento do Fundo Internacional de Desenvolvimento Agr\u00edcola (Fida).&nbsp;<\/p>\n\n\n\n<p>\u201cO apoio do Pro-Semi\u00e1rido foi importante para o melhoramento em mais de 80% das atividades operadas na Unidade, possibilitando o aumento da produ\u00e7\u00e3o e, consequentemente, mais renda\u201d, enfatizou a presidenta da Amafe, Cristiane Ribeiro da Silva.&nbsp;&nbsp;<\/p>\n\n\n\n<p>O Projeto assegurou a reforma e amplia\u00e7\u00e3o de Unidade de Beneficiamento de Frutas e de Mandioca e possibilitou a aquisi\u00e7\u00e3o de equipamentos complementares como geladeira, fog\u00e3o e balan\u00e7a, al\u00e9m de uma caminhonete ba\u00fa para apoiar a comercializa\u00e7\u00e3o e log\u00edstica. O espa\u00e7o tem capacidade para processar, por m\u00eas, 350 quilos de geleia, 700 quilos de biscoito, 100 litros de licor e 253 quilos de bolo.&nbsp;<\/p>\n\n\n\n<p>O escoamento da produ\u00e7\u00e3o do grupo \u00e9 feito para mercados institucionais do munic\u00edpio, a exemplo do Programa Nacional de Alimenta\u00e7\u00e3o Escolar (PNAE) e Programa de Aquisi\u00e7\u00e3o de Alimentos (PAA). As vendas s\u00e3o feitas tamb\u00e9m para emp\u00f3rios, lojas da agricultura familiar e supermercados de Cura\u00e7\u00e1 e de outros munic\u00edpios baianos, a exemplo de Juazeiro, Uau\u00e1, Feira de Santana e Salvador.&nbsp;<\/p>\n\n\n\n<p><strong>Pr\u00eamio SAT&nbsp;<\/strong><\/p>\n\n\n\n<p>O Territ\u00f3rio das Comunidades Tradicionais Fundo de Pasto Esfomeado e Vargem Comprida foi um dos 12 contemplados do Semi\u00e1rido brasileiro no pr\u00eamio Dom Helder C\u00e2mara para Sistemas Agr\u00edcolas Tradicionais (SAT). O reconhecimento \u00e9 concedido pela contribui\u00e7\u00e3o dada para a seguran\u00e7a alimentar e a conserva\u00e7\u00e3o da biodiversidade, por meio de pr\u00e1ticas, tecnologias, conhecimentos e rituais.&nbsp;&nbsp;<\/p>\n\n\n\n<p>A cerim\u00f4nia organizada pela Embrapa Alimentos e Territ\u00f3rios ocorreu no munic\u00edpio de Piranhas, no sert\u00e3o de Alagoas. Al\u00e9m da Fazenda Esfomeado, a Bahia tamb\u00e9m foi agraciada com o pr\u00eamio concedido \u00e0 comunidade do Brejo Dois Irm\u00e3os de Pil\u00e3o Arcado, comunidade que tamb\u00e9m conta com apoio da CAR, por meio do Pr\u00f3-Semi\u00e1rido.&nbsp;<\/p>\n\n\n\n<p>\u201cO pr\u00eamio SAT \u00e9 muito importante para o nosso reconhecimento e para os produtos que ofertamos. Foi algo muito valioso para as atividades econ\u00f4micas da comunidade e uma contribui\u00e7\u00e3o para garantirmos a nossa tradicionalidade e o nosso direito de perman\u00eancia no territ\u00f3rio\u201d, afirmou Cintia.&nbsp;<\/p>\n\n\n\n<p><strong><em>Silvia Costa&nbsp;<\/em><\/strong><\/p>\n\n\n\n<p><strong><em>Assessoria de Comunica\u00e7\u00e3o da CAR&nbsp;<\/em><\/strong><\/p>\n","protected":false},"excerpt":{"rendered":"<p>O grupo de agricultoras da Associa\u00e7\u00e3o de Mulheres em A\u00e7\u00e3o da Fazenda Esfomeado (Amafe), no munic\u00edpio de Cura\u00e7\u00e1, territ\u00f3rio de identidade Sert\u00e3o do S\u00e3o Francisco, est\u00e3o conseguindo assegurar renda mensal de cerca de um sal\u00e1rio m\u00ednimo, por integrante, a partir do beneficiamento e comercializa\u00e7\u00e3o de geleias, sequilhos, bolos e licores.\u00a0\u00a0 A diversidade de produtos inclui [&hellip;]<\/p>\n","protected":false},"author":2,"featured_media":1562,"comment_status":"open","ping_status":"open","sticky":false,"template":"","format":"standard","meta":{"_jetpack_memberships_contains_paid_content":false,"footnotes":""},"categories":[3],"tags":[],"class_list":["post-1560","post","type-post","status-publish","format-standard","has-post-thumbnail","hentry","category-regional"],"aioseo_notices":[],"jetpack_featured_media_url":"https:\/\/i0.wp.com\/minutobahia24h.com.br\/wp-content\/uploads\/2023\/10\/20231001.jpg?fit=640%2C640&ssl=1","jetpack_sharing_enabled":true,"_links":{"self":[{"href":"https:\/\/minutobahia24h.com.br\/index.php?rest_route=\/wp\/v2\/posts\/1560","targetHints":{"allow":["GET"]}}],"collection":[{"href":"https:\/\/minutobahia24h.com.br\/index.php?rest_route=\/wp\/v2\/posts"}],"about":[{"href":"https:\/\/minutobahia24h.com.br\/index.php?rest_route=\/wp\/v2\/types\/post"}],"author":[{"embeddable":true,"href":"https:\/\/minutobahia24h.com.br\/index.php?rest_route=\/wp\/v2\/users\/2"}],"replies":[{"embeddable":true,"href":"https:\/\/minutobahia24h.com.br\/index.php?rest_route=%2Fwp%2Fv2%2Fcomments&post=1560"}],"version-history":[{"count":1,"href":"https:\/\/minutobahia24h.com.br\/index.php?rest_route=\/wp\/v2\/posts\/1560\/revisions"}],"predecessor-version":[{"id":1563,"href":"https:\/\/minutobahia24h.com.br\/index.php?rest_route=\/wp\/v2\/posts\/1560\/revisions\/1563"}],"wp:featuredmedia":[{"embeddable":true,"href":"https:\/\/minutobahia24h.com.br\/index.php?rest_route=\/wp\/v2\/media\/1562"}],"wp:attachment":[{"href":"https:\/\/minutobahia24h.com.br\/index.php?rest_route=%2Fwp%2Fv2%2Fmedia&parent=1560"}],"wp:term":[{"taxonomy":"category","embeddable":true,"href":"https:\/\/minutobahia24h.com.br\/index.php?rest_route=%2Fwp%2Fv2%2Fcategories&post=1560"},{"taxonomy":"post_tag","embeddable":true,"href":"https:\/\/minutobahia24h.com.br\/index.php?rest_route=%2Fwp%2Fv2%2Ftags&post=1560"}],"curies":[{"name":"wp","href":"https:\/\/api.w.org\/{rel}","templated":true}]}}