{"id":15536,"date":"2024-08-06T15:07:27","date_gmt":"2024-08-06T18:07:27","guid":{"rendered":"https:\/\/minutobahia24h.com.br\/?p=15536"},"modified":"2024-08-06T15:07:29","modified_gmt":"2024-08-06T18:07:29","slug":"pais-asfixiaram-bebe-de-3-meses-para-ofertar-ao-diabo","status":"publish","type":"post","link":"https:\/\/minutobahia24h.com.br\/?p=15536","title":{"rendered":"Pais asfixiaram beb\u00ea de 3 meses para &#8220;ofertar ao diabo&#8221;"},"content":{"rendered":"<div class=\"wp-block-image\">\n<figure class=\"aligncenter size-large\"><img data-recalc-dims=\"1\" fetchpriority=\"high\" decoding=\"async\" width=\"800\" height=\"420\" src=\"https:\/\/i0.wp.com\/minutobahia24h.com.br\/wp-content\/uploads\/2024\/08\/Sem-titulo-53-1024x538.jpg?resize=800%2C420&#038;ssl=1\" alt=\"\" class=\"wp-image-15537\" srcset=\"https:\/\/i0.wp.com\/minutobahia24h.com.br\/wp-content\/uploads\/2024\/08\/Sem-titulo-53.jpg?resize=1024%2C538&amp;ssl=1 1024w, https:\/\/i0.wp.com\/minutobahia24h.com.br\/wp-content\/uploads\/2024\/08\/Sem-titulo-53.jpg?resize=300%2C158&amp;ssl=1 300w, https:\/\/i0.wp.com\/minutobahia24h.com.br\/wp-content\/uploads\/2024\/08\/Sem-titulo-53.jpg?resize=768%2C403&amp;ssl=1 768w, https:\/\/i0.wp.com\/minutobahia24h.com.br\/wp-content\/uploads\/2024\/08\/Sem-titulo-53.jpg?resize=750%2C394&amp;ssl=1 750w, https:\/\/i0.wp.com\/minutobahia24h.com.br\/wp-content\/uploads\/2024\/08\/Sem-titulo-53.jpg?resize=1140%2C599&amp;ssl=1 1140w, https:\/\/i0.wp.com\/minutobahia24h.com.br\/wp-content\/uploads\/2024\/08\/Sem-titulo-53.jpg?w=1200&amp;ssl=1 1200w\" sizes=\"(max-width: 800px) 100vw, 800px\" \/><figcaption class=\"wp-element-caption\">Foto: Divulga\u00e7\u00e3o<br><\/figcaption><\/figure>\n<\/div>\n\n\n<p>A Pol\u00edcia Civil do Esp\u00edrito Santo concluiu, na \u00faltima segunda-feira (6), o inqu\u00e9rito do falecimento de uma beb\u00ea de tr\u00eas meses ocorrido no fim de julho, no munic\u00edpio de Barra de S\u00e3o Francisco. As autoridades locais conclu\u00edram que a crian\u00e7a foi morta pelos pais para ser &#8220;oferecida ao diabo&#8221; com o crime.&nbsp;<\/p>\n\n\n\n<p>O pai da&nbsp; crian\u00e7a, um homem de 21 anos, foi indiciado por homic\u00eddio triplamente qualificado cometido por motivo torpe, asfixia e contra menor de 14 anos. A m\u00e3e da crian\u00e7a morta, uma adolescente de 17 anos, foi indiciada por ato infracional an\u00e1logo aos mesmos crimes por ser menor de idade.&nbsp;<\/p>\n\n\n\n<p>Segundo o delegado Daniel Azevedo, da Delegacia Regional de Barra de S\u00e3o Francisco, uma testemunha do caso relatou que a m\u00e3e da crian\u00e7a ligou para ela momentos antes e efetuar o crime, ap\u00f3s o assassinato a jovem ligou para informando a conclus\u00e3o do ato.&nbsp;<\/p>\n\n\n\n<p>&#8220;O casal j\u00e1 havia sido detido na data do crime, mas, no desenrolar das investiga\u00e7\u00f5es, ficou demonstrado que os pais da crian\u00e7a a asfixiaram com o objetivo de praticar um ritual de magia, em que sacrificaram o beb\u00ea como oferenda ao diabo&#8221;.&nbsp;<\/p>\n\n\n\n<p>O casal j\u00e1 havia sido detido antes. O homem foi preso e foi encaminhado para a UFI (Unidade Feminina de Interna\u00e7\u00e3o). O caso segue agora para o Minist\u00e9rio P\u00fablico do Esp\u00edrito Santo, que vai decidir se ir\u00e1 denunciar o casal pelos crimes apontados pela pol\u00edcia.&nbsp;&nbsp;<\/p>\n\n\n\n<p>BN<\/p>\n","protected":false},"excerpt":{"rendered":"<p>A Pol\u00edcia Civil do Esp\u00edrito Santo concluiu, na \u00faltima segunda-feira (6), o inqu\u00e9rito do falecimento de uma beb\u00ea de tr\u00eas meses ocorrido no fim de julho, no munic\u00edpio de Barra de S\u00e3o Francisco. As autoridades locais conclu\u00edram que a crian\u00e7a foi morta pelos pais para ser &#8220;oferecida ao diabo&#8221; com o crime.&nbsp; O pai da&nbsp; [&hellip;]<\/p>\n","protected":false},"author":2,"featured_media":15537,"comment_status":"open","ping_status":"open","sticky":false,"template":"","format":"standard","meta":{"_jetpack_memberships_contains_paid_content":false,"footnotes":""},"categories":[46],"tags":[],"class_list":["post-15536","post","type-post","status-publish","format-standard","has-post-thumbnail","hentry","category-noticia"],"aioseo_notices":[],"jetpack_featured_media_url":"https:\/\/i0.wp.com\/minutobahia24h.com.br\/wp-content\/uploads\/2024\/08\/Sem-titulo-53.jpg?fit=1200%2C630&ssl=1","jetpack_sharing_enabled":true,"_links":{"self":[{"href":"https:\/\/minutobahia24h.com.br\/index.php?rest_route=\/wp\/v2\/posts\/15536","targetHints":{"allow":["GET"]}}],"collection":[{"href":"https:\/\/minutobahia24h.com.br\/index.php?rest_route=\/wp\/v2\/posts"}],"about":[{"href":"https:\/\/minutobahia24h.com.br\/index.php?rest_route=\/wp\/v2\/types\/post"}],"author":[{"embeddable":true,"href":"https:\/\/minutobahia24h.com.br\/index.php?rest_route=\/wp\/v2\/users\/2"}],"replies":[{"embeddable":true,"href":"https:\/\/minutobahia24h.com.br\/index.php?rest_route=%2Fwp%2Fv2%2Fcomments&post=15536"}],"version-history":[{"count":1,"href":"https:\/\/minutobahia24h.com.br\/index.php?rest_route=\/wp\/v2\/posts\/15536\/revisions"}],"predecessor-version":[{"id":15538,"href":"https:\/\/minutobahia24h.com.br\/index.php?rest_route=\/wp\/v2\/posts\/15536\/revisions\/15538"}],"wp:featuredmedia":[{"embeddable":true,"href":"https:\/\/minutobahia24h.com.br\/index.php?rest_route=\/wp\/v2\/media\/15537"}],"wp:attachment":[{"href":"https:\/\/minutobahia24h.com.br\/index.php?rest_route=%2Fwp%2Fv2%2Fmedia&parent=15536"}],"wp:term":[{"taxonomy":"category","embeddable":true,"href":"https:\/\/minutobahia24h.com.br\/index.php?rest_route=%2Fwp%2Fv2%2Fcategories&post=15536"},{"taxonomy":"post_tag","embeddable":true,"href":"https:\/\/minutobahia24h.com.br\/index.php?rest_route=%2Fwp%2Fv2%2Ftags&post=15536"}],"curies":[{"name":"wp","href":"https:\/\/api.w.org\/{rel}","templated":true}]}}