{"id":15511,"date":"2024-08-06T08:14:34","date_gmt":"2024-08-06T11:14:34","guid":{"rendered":"https:\/\/minutobahia24h.com.br\/?p=15511"},"modified":"2024-08-06T08:14:35","modified_gmt":"2024-08-06T11:14:35","slug":"rescisao-indireta-saiba-em-quais-casos-funcionario-pode-dar-justa-causa-no-patrao","status":"publish","type":"post","link":"https:\/\/minutobahia24h.com.br\/?p=15511","title":{"rendered":"Rescis\u00e3o indireta: saiba em quais casos funcion\u00e1rio pode dar &#8216;justa causa&#8217; no patr\u00e3o"},"content":{"rendered":"<div class=\"wp-block-image\">\n<figure class=\"aligncenter size-full\"><img data-recalc-dims=\"1\" fetchpriority=\"high\" decoding=\"async\" width=\"800\" height=\"531\" src=\"https:\/\/i0.wp.com\/minutobahia24h.com.br\/wp-content\/uploads\/2024\/08\/Sem-titulo-47.jpg?resize=800%2C531&#038;ssl=1\" alt=\"\" class=\"wp-image-15512\" srcset=\"https:\/\/i0.wp.com\/minutobahia24h.com.br\/wp-content\/uploads\/2024\/08\/Sem-titulo-47.jpg?w=984&amp;ssl=1 984w, https:\/\/i0.wp.com\/minutobahia24h.com.br\/wp-content\/uploads\/2024\/08\/Sem-titulo-47.jpg?resize=300%2C199&amp;ssl=1 300w, https:\/\/i0.wp.com\/minutobahia24h.com.br\/wp-content\/uploads\/2024\/08\/Sem-titulo-47.jpg?resize=768%2C510&amp;ssl=1 768w, https:\/\/i0.wp.com\/minutobahia24h.com.br\/wp-content\/uploads\/2024\/08\/Sem-titulo-47.jpg?resize=750%2C498&amp;ssl=1 750w\" sizes=\"(max-width: 800px) 100vw, 800px\" \/><figcaption class=\"wp-element-caption\">Na rescis\u00e3o indireta, o funcion\u00e1rio considera o seu contrato de trabalho extinto \u2014 Foto: drobotdean\/Freepik<br><br><\/figcaption><\/figure>\n<\/div>\n\n\n<p>Demiss\u00e3o por justa causa \u00e9 uma das formas mais dr\u00e1sticas de uma empresa desligar um funcion\u00e1rio. Ela s\u00f3 pode ser aplicada em algumas&nbsp;<a class=\"\" href=\"https:\/\/g1.globo.com\/trabalho-e-carreira\/noticia\/2022\/07\/12\/o-que-pode-levar-a-uma-demissao-por-justa-causa-e-quais-sao-os-direitos-do-funcionario.ghtml\">circunst\u00e2ncias previstas em lei<\/a>, como abandono de emprego, agress\u00e3o f\u00edsica e embriaguez em servi\u00e7o, por exemplo.<\/p>\n\n\n\n<p>Ao ser demitido nessas condi\u00e7\u00f5es, o trabalhador&nbsp;perde&nbsp;<a class=\"\" href=\"https:\/\/g1.globo.com\/trabalho-e-carreira\/noticia\/2022\/06\/13\/foi-demitido-ou-pediu-demissao-conheca-seus-direitos.ghtml\">direitos garantidos<\/a>&nbsp;em outras modalidades de demiss\u00e3o, como seguro-desemprego e a possibilidade de sacar o FGTS.<\/p>\n\n\n\n<p>Mas, voc\u00ea sabia que um&nbsp;<strong>funcion\u00e1rio com carteira assinada tamb\u00e9m pode \u201cdar justa causa\u201d no patr\u00e3o<\/strong>?<\/p>\n\n\n\n<p>\u00c9 a chamada<strong>&nbsp;rescis\u00e3o indireta<\/strong>, uma pr\u00e1tica assegurada pela Consolida\u00e7\u00e3o das Leis do Trabalho (<a class=\"\" href=\"https:\/\/g1.globo.com\/tudo-sobre\/clt\">CLT<\/a>) na qual o colaborador considera o seu contrato de emprego extinto porque o&nbsp;chefe cometeu uma falta grave, como atrasar repetidamente o pagamento do sal\u00e1rio&nbsp;<em>(veja mais exemplos abaixo)<\/em>.<\/p>\n\n\n\n<p>Na pr\u00e1tica, com a rescis\u00e3o indireta, o&nbsp;<strong>funcion\u00e1rio se demite&nbsp;<\/strong>do emprego, mas garante todos os direitos trabalhistas que conseguiria caso tivesse sido desligado&nbsp;<strong>pela empresa<\/strong>&nbsp;(sem justa causa, \u00e9 claro).<\/p>\n\n\n\n<p>Para pedir esse modelo de rescis\u00e3o, geralmente,&nbsp;\u00e9 necess\u00e1rio entrar com uma a\u00e7\u00e3o na Justi\u00e7a.<\/p>\n\n\n\n<p><em>Confira, a seguir, perguntas e respostas sobre o assunto.<\/em><\/p>\n\n\n\n<ol class=\"wp-block-list\">\n<li>Em quais casos posso pedir uma rescis\u00e3o indireta?<\/li>\n\n\n\n<li>Qual \u00e9 a vantagem dessa medida para o trabalhador?<\/li>\n\n\n\n<li>Como fazer o pedido de rescis\u00e3o indireta?<\/li>\n\n\n\n<li>O que acontece se o trabalhador perder o processo?<\/li>\n<\/ol>\n\n\n\n<h2 class=\"wp-block-heading\">1- Em quais casos posso pedir uma rescis\u00e3o indireta?<\/h2>\n\n\n\n<p>O funcion\u00e1rio pode recorrer \u00e0 rescis\u00e3o indireta se o chefe deixar de cumprir as obriga\u00e7\u00f5es do contrato de trabalho, cobrar dele a pr\u00e1tica de um ato ilegal, agredi-lo fisicamente, entre outras situa\u00e7\u00f5es previstas no artigo 483 da CLT.<\/p>\n\n\n\n<p>Todas&nbsp;essas condutas dever\u00e3o ser comprovadas \u00e0 Justi\u00e7a do Trabalho, que tem reconhecido o direito do empregado \u00e0 rescis\u00e3o indireta em v\u00e1rias situa\u00e7\u00f5es. Segundo o Tribunal Superior do Trabalho (TST), as mais comuns s\u00e3o:<\/p>\n\n\n\n<ul class=\"wp-block-list\">\n<li>atraso reiterado no pagamento de sal\u00e1rios e n\u00e3o<a class=\"\" href=\"https:\/\/g1.globo.com\/economia\/noticia\/2021\/07\/14\/fgts-quem-tem-direito-quando-pode-sacar-qual-o-rendimento-entenda.ghtml\">\u00a0recolhimento do FGTS<\/a>;<\/li>\n\n\n\n<li>n\u00e3o fornecimento do equipamento de prote\u00e7\u00e3o individual (EPI) necess\u00e1rio para o desempenho das atividades;<\/li>\n\n\n\n<li>n\u00e3o pagamento do adicional de insalubridade ou de periculosidade, no caso de trabalho que oferece risco \u00e0 sa\u00fade;<\/li>\n\n\n\n<li>n\u00e3o pagamento de\u00a0<a class=\"\" href=\"https:\/\/g1.globo.com\/trabalho-e-carreira\/noticia\/2023\/05\/30\/saiba-como-calcular-a-hora-extra.ghtml\">horas extras<\/a>;<\/li>\n\n\n\n<li><a class=\"\" href=\"https:\/\/g1.globo.com\/trabalho-e-carreira\/noticia\/2023\/03\/29\/assedio-moral-e-assedio-sexual-entenda-como-reconhecer-agressoes-no-ambiente-de-trabalho.ghtml\">ass\u00e9dio moral<\/a>;<\/li>\n\n\n\n<li>agress\u00e3o f\u00edsica ou submiss\u00e3o do trabalhador a um perigo consider\u00e1vel;<\/li>\n\n\n\n<li>redu\u00e7\u00e3o de horas de trabalho ou\u00a0<a class=\"\" href=\"https:\/\/g1.globo.com\/trabalho-e-carreira\/noticia\/2024\/04\/18\/reducao-salarial-entenda-quando-o-empregador-pode-diminuir-o-salario-do-funcionario.ghtml\">de sal\u00e1rio<\/a>\u00a0sem acordo.<\/li>\n<\/ul>\n\n\n\n<h2 class=\"wp-block-heading\">2- Qual \u00e9 a vantagem dessa medida para o trabalhador?<\/h2>\n\n\n\n<p>Com a rescis\u00e3o direta,&nbsp;o funcion\u00e1rio &#8220;garante o recebimento de todas as verbas trabalhistas, como se tivesse sido demitido\u201d, explica a advogada Hanna Garros, especialista em direito do trabalho, do escrit\u00f3rio Ferraz dos Passos Advocacia.<\/p>\n\n\n\n<p><strong>Veja a diferen\u00e7a:<\/strong><\/p>\n\n\n\n<ul class=\"wp-block-list\">\n<li>Ao\u00a0<strong>pedir demiss\u00e3o<\/strong>, o funcion\u00e1rio recebe: o sal\u00e1rio referente aos dias trabalhados naquele m\u00eas, 13\u00ba e f\u00e9rias (com adicional de \u2153 do sal\u00e1rio), ambos proporcionais aos meses trabalhados no ano. Al\u00e9m disso, deve cumprir aviso pr\u00e9vio.<\/li>\n\n\n\n<li>Ao\u00a0<strong>ser demitido\u00a0<\/strong>sem justa causa (<strong>ou pedir a rescis\u00e3o indireta<\/strong>), al\u00e9m das verbas rescis\u00f3rias citadas acima,\u00a0o trabalhador tem direito ao seguro-desemprego e a sacar o FGTS, mais uma multa de 40% sobre os dep\u00f3sitos do fundo. E, nesse caso, o aviso pr\u00e9vio deve ser pago pela empresa ao funcion\u00e1rio, ainda que n\u00e3o tenha sido trabalhado.<\/li>\n<\/ul>\n\n\n\n<h2 class=\"wp-block-heading\">3- Como fazer o pedido de rescis\u00e3o indireta?<\/h2>\n\n\n\n<p>O funcion\u00e1rio deve comunicar, formalmente, ao empregador que est\u00e1 considerando o seu contrato de trabalho extinto, orienta o advogado trabalhista Roberto Fiorencio, s\u00f3cio do escrit\u00f3rio A. C Burlamaqui Consultores.<\/p>\n\n\n\n<p>No entanto, normalmente, o empregador n\u00e3o reconhece a rescis\u00e3o indireta, e&nbsp;o trabalhador precisa entrar com uma a\u00e7\u00e3o na Justi\u00e7a, observa o especialista.<\/p>\n\n\n\n<p>Esse processo deve ser aberto na vara mais pr\u00f3xima de onde a pessoa trabalha, e que seja competente para julgar esse tipo de a\u00e7\u00e3o, acrescenta a advogada Hanna Garros.<\/p>\n\n\n\n<p>Enquanto a a\u00e7\u00e3o corre na Justi\u00e7a, o empregado pode escolher se quer seguir trabalhando ou n\u00e3o, afirma Fiorencio.<\/p>\n\n\n\n<p>\u201cNormalmente, ele opta por n\u00e3o seguir prestando o servi\u00e7o, mas o contrato somente ser\u00e1 tido como encerrado e&nbsp;as verbas rescis\u00f3rias ser\u00e3o recebidas ap\u00f3s o tr\u00e2nsito em julgado da senten\u00e7a&#8221;, ou seja, quando a Justi\u00e7a emite uma decis\u00e3o definitiva, da qual n\u00e3o se pode mais recorrer.<\/p>\n\n\n\n<p>Mas Garros ressalta que, se o trabalhador optar por deixar o emprego neste per\u00edodo, \u00e9 importante buscar orienta\u00e7\u00e3o de um advogado especializado sobre como notificar a empresa, para que a conduta n\u00e3o configure&nbsp;<a class=\"\" href=\"https:\/\/g1.globo.com\/trabalho-e-carreira\/noticia\/2023\/03\/17\/o-que-e-considerado-abandono-de-emprego-g1-ouviu-especialistas-sobre-o-tema-que-pode-levar-a-demissao-por-justa-causa.ghtml\">abandono de emprego<\/a>.<\/p>\n\n\n\n<h2 class=\"wp-block-heading\">4- O que acontece se o trabalhador perder o processo?<\/h2>\n\n\n\n<p>Se a Justi\u00e7a n\u00e3o entender pela rescis\u00e3o indireta e o funcion\u00e1rio tiver deixado o emprego durante o andamento do processo, o contrato de trabalho ser\u00e1 extinto, mas&nbsp;ele receber\u00e1 apenas as verbas que correspondem a um pedido de demiss\u00e3o, explica Hanna Garros.<\/p>\n\n\n\n<p>J\u00e1 se o empregado tiver permanecido trabalhando, o contrato dele vai se manter normalmente, diz a especialista.<\/p>\n\n\n\n<p>Al\u00e9m disso, nos dois casos, com exce\u00e7\u00e3o de quem \u00e9 benefici\u00e1rio da justi\u00e7a gratuita, o trabalhador&nbsp;ter\u00e1 que pagar os advogados da empresa&nbsp;que venceu o processo pelo servi\u00e7o prestado na a\u00e7\u00e3o, ressalta o Tribunal Superior do Trabalho.<\/p>\n\n\n\n<p>Por isso, para pedir a rescis\u00e3o indireta, \u201c\u00e9 importante que as faltas imputadas ao empregador sejam efetivamente graves e que&nbsp;<strong>exista prova do ocorrido<\/strong>\u201d, finaliza Fiorencio.<\/p>\n","protected":false},"excerpt":{"rendered":"<p>Demiss\u00e3o por justa causa \u00e9 uma das formas mais dr\u00e1sticas de uma empresa desligar um funcion\u00e1rio. Ela s\u00f3 pode ser aplicada em algumas&nbsp;circunst\u00e2ncias previstas em lei, como abandono de emprego, agress\u00e3o f\u00edsica e embriaguez em servi\u00e7o, por exemplo. Ao ser demitido nessas condi\u00e7\u00f5es, o trabalhador&nbsp;perde&nbsp;direitos garantidos&nbsp;em outras modalidades de demiss\u00e3o, como seguro-desemprego e a possibilidade [&hellip;]<\/p>\n","protected":false},"author":2,"featured_media":15512,"comment_status":"open","ping_status":"open","sticky":false,"template":"","format":"standard","meta":{"_jetpack_memberships_contains_paid_content":false,"footnotes":""},"categories":[46],"tags":[],"class_list":["post-15511","post","type-post","status-publish","format-standard","has-post-thumbnail","hentry","category-noticia"],"aioseo_notices":[],"jetpack_featured_media_url":"https:\/\/i0.wp.com\/minutobahia24h.com.br\/wp-content\/uploads\/2024\/08\/Sem-titulo-47.jpg?fit=984%2C653&ssl=1","jetpack_sharing_enabled":true,"_links":{"self":[{"href":"https:\/\/minutobahia24h.com.br\/index.php?rest_route=\/wp\/v2\/posts\/15511","targetHints":{"allow":["GET"]}}],"collection":[{"href":"https:\/\/minutobahia24h.com.br\/index.php?rest_route=\/wp\/v2\/posts"}],"about":[{"href":"https:\/\/minutobahia24h.com.br\/index.php?rest_route=\/wp\/v2\/types\/post"}],"author":[{"embeddable":true,"href":"https:\/\/minutobahia24h.com.br\/index.php?rest_route=\/wp\/v2\/users\/2"}],"replies":[{"embeddable":true,"href":"https:\/\/minutobahia24h.com.br\/index.php?rest_route=%2Fwp%2Fv2%2Fcomments&post=15511"}],"version-history":[{"count":1,"href":"https:\/\/minutobahia24h.com.br\/index.php?rest_route=\/wp\/v2\/posts\/15511\/revisions"}],"predecessor-version":[{"id":15513,"href":"https:\/\/minutobahia24h.com.br\/index.php?rest_route=\/wp\/v2\/posts\/15511\/revisions\/15513"}],"wp:featuredmedia":[{"embeddable":true,"href":"https:\/\/minutobahia24h.com.br\/index.php?rest_route=\/wp\/v2\/media\/15512"}],"wp:attachment":[{"href":"https:\/\/minutobahia24h.com.br\/index.php?rest_route=%2Fwp%2Fv2%2Fmedia&parent=15511"}],"wp:term":[{"taxonomy":"category","embeddable":true,"href":"https:\/\/minutobahia24h.com.br\/index.php?rest_route=%2Fwp%2Fv2%2Fcategories&post=15511"},{"taxonomy":"post_tag","embeddable":true,"href":"https:\/\/minutobahia24h.com.br\/index.php?rest_route=%2Fwp%2Fv2%2Ftags&post=15511"}],"curies":[{"name":"wp","href":"https:\/\/api.w.org\/{rel}","templated":true}]}}