{"id":15508,"date":"2024-08-06T07:58:08","date_gmt":"2024-08-06T10:58:08","guid":{"rendered":"https:\/\/minutobahia24h.com.br\/?p=15508"},"modified":"2024-08-06T07:58:09","modified_gmt":"2024-08-06T10:58:09","slug":"governo-vai-cumprir-meta-fiscal-cortando-despesas-para-reduzir-juros-diz-alckmin","status":"publish","type":"post","link":"https:\/\/minutobahia24h.com.br\/?p=15508","title":{"rendered":"\u2018Governo vai cumprir meta fiscal cortando despesas para reduzir juros\u2019, diz Alckmin"},"content":{"rendered":"<div class=\"wp-block-image\">\n<figure class=\"aligncenter size-full\"><img data-recalc-dims=\"1\" fetchpriority=\"high\" decoding=\"async\" width=\"600\" height=\"420\" src=\"https:\/\/i0.wp.com\/minutobahia24h.com.br\/wp-content\/uploads\/2024\/08\/Sem-titulo-46.jpg?resize=600%2C420&#038;ssl=1\" alt=\"\" class=\"wp-image-15509\" srcset=\"https:\/\/i0.wp.com\/minutobahia24h.com.br\/wp-content\/uploads\/2024\/08\/Sem-titulo-46.jpg?w=600&amp;ssl=1 600w, https:\/\/i0.wp.com\/minutobahia24h.com.br\/wp-content\/uploads\/2024\/08\/Sem-titulo-46.jpg?resize=300%2C210&amp;ssl=1 300w\" sizes=\"(max-width: 600px) 100vw, 600px\" \/><figcaption class=\"wp-element-caption\">Foto: Ant\u00f4nio Cruz\/Ag\u00eancia Brasil<br><\/figcaption><\/figure>\n<\/div>\n\n\n<p>Durante declara\u00e7\u00e3o dada, nesta segunda-feira (5), 0 presidente da Rep\u00fablica em exerc\u00edcio, Geraldo Alckmin, assegurou que o governo vai cortar gastos para cumprir \u201crigorosamente\u201d as metas fiscais, permitindo assim um ambiente favor\u00e1vel ao corte de juros.<\/p>\n\n\n\n<p>\u201cO governo vai cumprir o arcabou\u00e7o fiscal cortando despesas, tendo mais efici\u00eancia nos gastos, para poder cumprir rigorosamente o arcabou\u00e7o fiscal e com isso a gente poder reduzir a taxa de juros\u201d, declarou Alckmin ao abrir nesta noite o congresso A\u00e7o Brasil, organizado pela ind\u00fastria sider\u00fargica em S\u00e3o Paulo.<\/p>\n\n\n\n<p>Alckmin tamb\u00e9m disse que o governo est\u00e1 conseguindo recursos para dobrar o volume de recursos e estender por mais dois anos o programa de deprecia\u00e7\u00e3o acelerada, lan\u00e7ado para incentivar os investimentos em m\u00e1quinas e equipamentos na ind\u00fastria.<\/p>\n\n\n\n<p>O programa, que j\u00e1 teve lei sancionada, mas cujo funcionamento ainda depende de regulamenta\u00e7\u00e3o, foi lan\u00e7ado com autoriza\u00e7\u00e3o de R$ 3,4 bilh\u00f5es em cr\u00e9ditos financeiros para este ano e 2025. Nesta segunda-feira, por\u00e9m, Alckmin anunciou durante a cerim\u00f4nia de abertura do congresso A\u00e7o Brasil que est\u00e3o sendo levantados recursos para dobrar o est\u00edmulo tribut\u00e1rio e prolongar o programa at\u00e9 2027.<\/p>\n\n\n\n<p>\u201cN\u00e3o h\u00e1 nenhuma justificativa\u201d, disse o presidente em exerc\u00edcio, acrescentando que o rigor fiscal abrir\u00e1 espa\u00e7o para uma condu\u00e7\u00e3o da pol\u00edtica monet\u00e1ria que permita mais crescimento e investimentos.<\/p>\n\n\n\n<p>\u201cIria ser s\u00f3 este ano e o ano que vem, mas estamos conseguindo o recurso para dobrar o valor do est\u00edmulo tribut\u00e1rio e estender at\u00e9 2027\u2033, declarou o presidente em exerc\u00edcio, que tamb\u00e9m comanda o Minist\u00e9rio do Desenvolvimento, Ind\u00fastria, Com\u00e9rcio e Servi\u00e7os.<\/p>\n\n\n\n<p>Bahia.ba<\/p>\n","protected":false},"excerpt":{"rendered":"<p>Durante declara\u00e7\u00e3o dada, nesta segunda-feira (5), 0 presidente da Rep\u00fablica em exerc\u00edcio, Geraldo Alckmin, assegurou que o governo vai cortar gastos para cumprir \u201crigorosamente\u201d as metas fiscais, permitindo assim um ambiente favor\u00e1vel ao corte de juros. \u201cO governo vai cumprir o arcabou\u00e7o fiscal cortando despesas, tendo mais efici\u00eancia nos gastos, para poder cumprir rigorosamente o [&hellip;]<\/p>\n","protected":false},"author":2,"featured_media":15509,"comment_status":"open","ping_status":"open","sticky":false,"template":"","format":"standard","meta":{"_jetpack_memberships_contains_paid_content":false,"footnotes":""},"categories":[39],"tags":[],"class_list":["post-15508","post","type-post","status-publish","format-standard","has-post-thumbnail","hentry","category-politica"],"aioseo_notices":[],"jetpack_featured_media_url":"https:\/\/i0.wp.com\/minutobahia24h.com.br\/wp-content\/uploads\/2024\/08\/Sem-titulo-46.jpg?fit=600%2C420&ssl=1","jetpack_sharing_enabled":true,"_links":{"self":[{"href":"https:\/\/minutobahia24h.com.br\/index.php?rest_route=\/wp\/v2\/posts\/15508","targetHints":{"allow":["GET"]}}],"collection":[{"href":"https:\/\/minutobahia24h.com.br\/index.php?rest_route=\/wp\/v2\/posts"}],"about":[{"href":"https:\/\/minutobahia24h.com.br\/index.php?rest_route=\/wp\/v2\/types\/post"}],"author":[{"embeddable":true,"href":"https:\/\/minutobahia24h.com.br\/index.php?rest_route=\/wp\/v2\/users\/2"}],"replies":[{"embeddable":true,"href":"https:\/\/minutobahia24h.com.br\/index.php?rest_route=%2Fwp%2Fv2%2Fcomments&post=15508"}],"version-history":[{"count":1,"href":"https:\/\/minutobahia24h.com.br\/index.php?rest_route=\/wp\/v2\/posts\/15508\/revisions"}],"predecessor-version":[{"id":15510,"href":"https:\/\/minutobahia24h.com.br\/index.php?rest_route=\/wp\/v2\/posts\/15508\/revisions\/15510"}],"wp:featuredmedia":[{"embeddable":true,"href":"https:\/\/minutobahia24h.com.br\/index.php?rest_route=\/wp\/v2\/media\/15509"}],"wp:attachment":[{"href":"https:\/\/minutobahia24h.com.br\/index.php?rest_route=%2Fwp%2Fv2%2Fmedia&parent=15508"}],"wp:term":[{"taxonomy":"category","embeddable":true,"href":"https:\/\/minutobahia24h.com.br\/index.php?rest_route=%2Fwp%2Fv2%2Fcategories&post=15508"},{"taxonomy":"post_tag","embeddable":true,"href":"https:\/\/minutobahia24h.com.br\/index.php?rest_route=%2Fwp%2Fv2%2Ftags&post=15508"}],"curies":[{"name":"wp","href":"https:\/\/api.w.org\/{rel}","templated":true}]}}