{"id":15498,"date":"2024-08-06T06:56:04","date_gmt":"2024-08-06T09:56:04","guid":{"rendered":"https:\/\/minutobahia24h.com.br\/?p=15498"},"modified":"2024-08-06T06:56:06","modified_gmt":"2024-08-06T09:56:06","slug":"suprema-corte-da-venezuela-convoca-gonzalez-a-comparecer-perante-o-tribunal-e-responder-perguntas","status":"publish","type":"post","link":"https:\/\/minutobahia24h.com.br\/?p=15498","title":{"rendered":"Suprema Corte da Venezuela convoca Gonz\u00e1lez a comparecer perante o tribunal e responder perguntas"},"content":{"rendered":"<div class=\"wp-block-image\">\n<figure class=\"aligncenter size-full\"><img data-recalc-dims=\"1\" fetchpriority=\"high\" decoding=\"async\" width=\"800\" height=\"533\" src=\"https:\/\/i0.wp.com\/minutobahia24h.com.br\/wp-content\/uploads\/2024\/08\/Sem-titulo-43.jpg?resize=800%2C533&#038;ssl=1\" alt=\"\" class=\"wp-image-15499\" srcset=\"https:\/\/i0.wp.com\/minutobahia24h.com.br\/wp-content\/uploads\/2024\/08\/Sem-titulo-43.jpg?w=984&amp;ssl=1 984w, https:\/\/i0.wp.com\/minutobahia24h.com.br\/wp-content\/uploads\/2024\/08\/Sem-titulo-43.jpg?resize=300%2C200&amp;ssl=1 300w, https:\/\/i0.wp.com\/minutobahia24h.com.br\/wp-content\/uploads\/2024\/08\/Sem-titulo-43.jpg?resize=768%2C512&amp;ssl=1 768w, https:\/\/i0.wp.com\/minutobahia24h.com.br\/wp-content\/uploads\/2024\/08\/Sem-titulo-43.jpg?resize=750%2C500&amp;ssl=1 750w\" sizes=\"(max-width: 800px) 100vw, 800px\" \/><figcaption class=\"wp-element-caption\">Edmundo Gonz\u00e1lez, candidato de oposi\u00e7\u00e3o \u00e0 presid\u00eancia da Venezuela, foi convocado a comparecer perante a Suprema Corte. \u2014 Foto: Reuters\/Leonardo Fernandez Viloria<br><br><\/figcaption><\/figure>\n<\/div>\n\n\n<p>A Suprema Corte da\u00a0<a class=\"\" href=\"https:\/\/g1.globo.com\/tudo-sobre\/venezuela\/\">Venezuela<\/a>\u00a0convocou Edmundo Gonz\u00e1lez, candidato de oposi\u00e7\u00e3o a Maduro na elei\u00e7\u00e3o, e outros tr\u00eas candidatos a comparecer perante o tribunal nesta quarta-feira (7) \u00e0s 10h (hor\u00e1rio de Bras\u00edlia). A Suprema Corte \u00e9 alinhada ao presidente Maduro.<\/p>\n\n\n\n<p>&#8220;Para a devida consolida\u00e7\u00e3o de todos os instrumentos eleitorais que se encontram em posse dos partidos pol\u00edticos e dos candidatos, se procede a citar em pessoa, em cujo ato dever\u00e3o entregar a informa\u00e7\u00e3o requerida e responder \u00e0s perguntas que sejam formuladas pela Corte. (&#8230;) Citam os cidad\u00e3os Manuel Rosales, Jos\u00e9 Luis Cartaya, Sim\u00f3n Calzadilla e Edmundo Gonz\u00e1lez Urrutia&#8221;, disse uma juiza do tribunal.<\/p>\n\n\n\n<p>Gonz\u00e1lez n\u00e3o compareceu da \u00faltima vez que foi convocado pela Suprema Corte, na \u00faltima sexta (2), para uma sess\u00e3o junto de outros candidatos presidenciais em que houve a assinatura de um termo de aceite do resultado divulgado pelo Conselho Nacional Eleitoral, que proclamou a reelei\u00e7\u00e3o de Maduro.&nbsp;<strong>Acredita-se que o principal candidato de oposi\u00e7\u00e3o n\u00e3o compareceu porque havia possibilidade dele ser preso.<\/strong><\/p>\n\n\n\n<p>Desde semana passada, Maduro diz que Gonz\u00e1lez e Corina Machado&nbsp;<a class=\"\" href=\"https:\/\/g1.globo.com\/mundo\/noticia\/2024\/07\/31\/gonzalez-e-maria-corina-tem-que-estar-atras-das-grades-diz-maduro.ghtml\">&#8220;t\u00eam que estar atr\u00e1s das grades&#8221; e que &#8220;a Justi\u00e7a vai chegar&#8221;<\/a>&nbsp;para eles. Corina Machado disse em editorial ao jornal &#8220;The Wall Street Journal&#8221;&nbsp;<a class=\"\" href=\"https:\/\/g1.globo.com\/mundo\/noticia\/2024\/08\/01\/lider-da-oposicao-de-maduro-diz-que-esta-escondida-e-que-teme-pela-vida.ghtml\">que est\u00e1 escondida e teme pela sua vida<\/a>&nbsp;&#8211;em posi\u00e7\u00e3o similar, Gonz\u00e1lez&nbsp;<a class=\"\" href=\"https:\/\/g1.globo.com\/mundo\/noticia\/2024\/08\/03\/nao-imaginavam-esta-coragem-diz-lider-da-oposicao-venezuelana-maria-corina-machado-em-manifestacao.ghtml\">fez uma apari\u00e7\u00e3o p\u00fablica na \u00faltima semana, durante protesto junto de Corina Machado.<\/a><\/p>\n\n\n\n<p>A oposi\u00e7\u00e3o, liderada por ele e por&nbsp;<a class=\"\" href=\"https:\/\/g1.globo.com\/mundo\/noticia\/2024\/07\/28\/quem-e-maria-corina-machado-impedida-de-concorrer-na-venezuela-e-que-ajudou-a-bombar-edmundo-gonzalez.ghtml\">Mar\u00eda Corina Machado<\/a>, contesta o resultado da elei\u00e7\u00e3o desde o dia da vota\u00e7\u00e3o, em 28 de julho. Nesta segunda (5),&nbsp;<a class=\"\" href=\"https:\/\/g1.globo.com\/mundo\/noticia\/2024\/08\/05\/edmundo-gonzalez-venezuela.ghtml\"><strong>Edmundo Gonz\u00e1lez se proclamou o novo presidente eleito<\/strong><\/a><strong>&nbsp;da Venezuela.<\/strong><\/p>\n\n\n\n<p>Segundo Corina Machado, a oposi\u00e7\u00e3o det\u00e9m pouco mais de 80% das atas eleitorais de urnas de todo o pa\u00eds, e com elas est\u00e1 sendo feita uma contagem paralela, em que Gonz\u00e1lez teria batido Maduro por 66% a 30% dos votos v\u00e1lidos. Na sess\u00e3o de sexta, a Suprema Corte havia pedido para todos os partidos apresentarem documentos eleitorais ou atas que estivessem em seu poder.<\/p>\n\n\n\n<h2 class=\"wp-block-heading\">Investiga\u00e7\u00e3o<\/h2>\n\n\n\n<p><a class=\"\" href=\"https:\/\/g1.globo.com\/mundo\/noticia\/2024\/08\/05\/mp-da-venezuela-abre-investigacao-criminal-contra-gonzalez-e-o-acusa-se-declarar-falsamente-vencedor-da-eleicao.ghtml\">O Minist\u00e9rio P\u00fablico da Venezuela&nbsp;<strong>abriu uma investiga\u00e7\u00e3o criminal contra Edmundo Gonz\u00e1lez e Mar\u00eda Corina Machado<\/strong><\/a><strong>&nbsp;por conta do comunicado em que o candidato se proclamou presidente eleito.&nbsp;<\/strong>O MP venezuelano, comandado pelo procurador-geral Tarek William Saab, \u00e9 alinhado ao presidente&nbsp;<a class=\"\" href=\"https:\/\/g1.globo.com\/tudo-sobre\/nicolas-maduro\/\">Nicol\u00e1s Maduro<\/a>.<\/p>\n\n\n\n<p>A nota divulgada pelo MP e assinada por Saab disse que&nbsp;<strong>os principais opositores de Maduro &#8220;atuaram \u00e0s margens da Constitui\u00e7\u00e3o&#8221; ao &#8220;anunciar falsamente&#8221; que Gonz\u00e1lez seja o presidente eleito<\/strong>&nbsp;na elei\u00e7\u00e3o de 28 de julho e citou o&nbsp;<a class=\"\" href=\"https:\/\/g1.globo.com\/mundo\/noticia\/2024\/08\/02\/conselho-nacional-eleitoral-atualiza-apuracao-e-aponta-maduro-vencedor-da-eleicao-na-venezuela.ghtml\">resultado divulgado pelo Conselho Nacional Eleitoral (CNE), que deu a vit\u00f3ria a Maduro<\/a>&nbsp;&#8211;com 51,95% dos votos, contra 43,18% de Gonz\u00e1lez, com 96,87% das urnas apuradas at\u00e9 a \u00faltima sexta (2).<\/p>\n\n\n\n<p>Al\u00e9m de reafirmar a vit\u00f3ria de Gonz\u00e1lez, o comunicado da oposi\u00e7\u00e3o, assinado pelo candidato e por Corina Machado, tamb\u00e9m convocou as For\u00e7as Armadas da Venezuela para se colocarem &#8220;ao lado do povo&#8221;.&nbsp;Com isso, o MP vai investigar os principais opositores de Maduro pelos seguintes crimes:<\/p>\n\n\n\n<ul class=\"wp-block-list\">\n<li>Usurpa\u00e7\u00e3o de fun\u00e7\u00f5es;<\/li>\n\n\n\n<li>Divulga\u00e7\u00e3o de informa\u00e7\u00e3o falsa para causar alarmismo;<\/li>\n\n\n\n<li>Instiga\u00e7\u00e3o \u00e0 desobedi\u00eancia das leis;<\/li>\n\n\n\n<li>Instiga\u00e7\u00e3o \u00e0 Insurrei\u00e7\u00e3o;<\/li>\n\n\n\n<li>Associa\u00e7\u00e3o para delinquir e conspira\u00e7\u00e3o.<\/li>\n<\/ul>\n\n\n\n<blockquote class=\"wp-block-quote is-layout-flow wp-block-quote-is-layout-flow\">\n<p>&#8220;O Minist\u00e9rio P\u00fablico, como titular da a\u00e7\u00e3o penal, em seu dever de ser garantidor da paz e da estabilidade no pa\u00eds, se manter\u00e1 vigilante ante qualquer ato que implique a gera\u00e7\u00e3o de viol\u00eancia ou p\u00e2nico na popula\u00e7\u00e3o e que pretenda a reedi\u00e7\u00e3o de eventos que deixaram dolorosas feridas em toda a fam\u00edlia venezuelana&#8221;, disse nota do MP.<\/p>\n<\/blockquote>\n\n\n\n<p>A autoproclama\u00e7\u00e3o de Gonz\u00e1lez como presidente eleito tem car\u00e1ter simb\u00f3lico e ocorre em meio \u00e0 contesta\u00e7\u00e3o do resultado divulgado pelo CNE, autoridade eleitoral da Venezuela, pela oposi\u00e7\u00e3o de Maduro e pela comunidade internacional &#8211;h\u00e1 pedidos por divulga\u00e7\u00e3o integral das atas eleitorais, o que n\u00e3o aconteceu at\u00e9 o momento. O presidente da CNE \u00e9 um aliado do presidente Maduro.&nbsp;<strong><em>(Leia mais abaixo)<\/em><\/strong><\/p>\n\n\n\n<p>At\u00e9 o momento, Maduro n\u00e3o comprovou sua vit\u00f3ria na disputa.&nbsp;O presidente chamou seus opositores de terroristas e disse que&nbsp;<a class=\"\" href=\"https:\/\/g1.globo.com\/mundo\/noticia\/2024\/07\/31\/gonzalez-e-maria-corina-tem-que-estar-atras-das-grades-diz-maduro.ghtml\">eles &#8220;t\u00eam que estar atr\u00e1s das grades&#8221;<\/a>. Ainda no dia 29, ap\u00f3s a elei\u00e7\u00e3o, o procurador-geral Tarek William Saab&nbsp;<a class=\"\" href=\"https:\/\/g1.globo.com\/mundo\/noticia\/2024\/07\/29\/chefe-do-mp-da-venezuela-defende-eleicao-que-deu-vitoria-a-maduro-e-anuncia-investigacao-contra-lider-da-oposicao.ghtml\">defendeu publicamente a vit\u00f3ria de Maduro e disse que o MP abriu uma investiga\u00e7\u00e3o contra Corina Machado<\/a>&nbsp;para apurar uma tentativa de fraude no sistema eleitoral e adultera\u00e7\u00e3o as atas da elei\u00e7\u00e3o<\/p>\n\n\n\n<p>O MP venezuelano tamb\u00e9m anunciou a pris\u00e3o de mais de dois mil manifestantes, ap\u00f3s protestos contra o resultado das elei\u00e7\u00f5es eclodirem pela Venezuela na semana passada.<\/p>\n\n\n\n<p>A oposi\u00e7\u00e3o e a comunidade internacional&nbsp;<a class=\"\" href=\"https:\/\/g1.globo.com\/mundo\/noticia\/2024\/08\/02\/conselho-nacional-eleitoral-atualiza-apuracao-e-aponta-maduro-vencedor-da-eleicao-na-venezuela.ghtml\">contestam os n\u00fameros&nbsp;<\/a>divulgados pelo CNE e pedem a divulga\u00e7\u00e3o integral das atas eleitorais. Diversos pa\u00edses do mundo, observadores internacionais da elei\u00e7\u00e3o, a&nbsp;<a class=\"\" href=\"https:\/\/g1.globo.com\/mundo\/noticia\/2024\/07\/30\/resultado-das-eleicoes-na-venezuela-nao-pode-ser-reconhecido-diz-oea.ghtml\">Organiza\u00e7\u00e3o dos Estados Americanos&nbsp;<\/a>(OEA) e a&nbsp;<a class=\"\" href=\"https:\/\/g1.globo.com\/mundo\/noticia\/2024\/08\/04\/uniao-europeia-nao-reconhece-resultados-e-pede-verificacao-independente-da-eleicao-na-venezuela.ghtml\">Uni\u00e3o Europeia n\u00e3o reconhecem o resultado<\/a>&nbsp;e pedem a divulga\u00e7\u00e3o das atas eleitorais. O Centro Carter, ONG que observa democracias e elei\u00e7\u00f5es pelo mundo,&nbsp;<a class=\"\" href=\"https:\/\/g1.globo.com\/mundo\/noticia\/2024\/07\/31\/eleicao-na-venezuela-nao-atende-padrao-de-integridade-e-nao-pode-ser-considerada-democratica-diz-centro-carter.ghtml\">disse que a elei\u00e7\u00e3o &#8220;n\u00e3o pode ser considerada democr\u00e1tica&#8221;.<\/a><\/p>\n\n\n\n<p><strong>A autoproclama\u00e7\u00e3o ocorre ap\u00f3s&nbsp;<\/strong><a class=\"\" href=\"https:\/\/g1.globo.com\/mundo\/noticia\/2024\/08\/02\/vitoria-oposicao-venezuela.ghtml\"><strong>alguns pa\u00edses do mundo, liderados pelos Estados Unidos, considerarem Edmundo Gonz\u00e1lez vencedor&nbsp;<\/strong><\/a><strong>da elei\u00e7\u00e3o.<\/strong>&nbsp;Uma contagem paralela de votos realizada pela oposi\u00e7\u00e3o diz que Gonz\u00e1lez venceu Maduro com 67% dos votos, contra 30% do presidente.<\/p>\n\n\n\n<p>A Suprema Corte da Venezuela, tamb\u00e9m alinhada a Maduro, realizou na \u00faltima sexta (2) uma auditoria do resultado da elei\u00e7\u00e3o, a pedido do presidente.&nbsp;<a class=\"\" href=\"https:\/\/g1.globo.com\/mundo\/noticia\/2024\/08\/02\/conselho-nacional-eleitoral-atualiza-apuracao-e-aponta-maduro-vencedor-da-eleicao-na-venezuela.ghtml\">Na sess\u00e3o, os candidatos assinaram um documento em que aceitam os n\u00fameros divulgados pelo CNE<\/a>&nbsp;&#8211;uma tentativa de Maduro de &#8220;dar um verniz legal \u00e0s elei\u00e7\u00f5es&#8221;, segundo o comentarista da GloboNews Ariel Pal\u00e1cios.<\/p>\n\n\n\n<p>Ao argumentar que s\u00e3o um governo leg\u00edtimo eleito pelo povo, o pedido da oposi\u00e7\u00e3o seria uma nova tentativa de persuadir as For\u00e7as Armadas a ficarem do seu lado.&nbsp;<a class=\"\" href=\"https:\/\/g1.globo.com\/mundo\/noticia\/2024\/07\/30\/gonzalez-pede-que-forcas-armadas-da-venezuela-deixem-de-reprimir-manifestacoes-exercito-esta-com-maduro-diz-ministro-da-defesa.ghtml\">O Minist\u00e9rio da Defesa havia dito na semana passada que o Ex\u00e9rcito est\u00e1 com Maduro.<\/a><\/p>\n\n\n\n<blockquote class=\"wp-block-quote is-layout-flow wp-block-quote-is-layout-flow\">\n<p>&#8220;N\u00f3s os pedimos que impe\u00e7am o desvario do regime contra o povo e a respeitar, e a fazer respeitar, os resultados das elei\u00e7\u00f5es de 28 de julho. Maduro deu um golpe de Estado que contraria toda a ordem constitucional e quer torn\u00e1-los c\u00famplices disso. (&#8230;) Membros das For\u00e7as Armadas e dos corpos policiais, cumpram seus deveres institucionais, n\u00e3o reprimam o povo, acompanhem-no&#8221;, disse o comunicado.<\/p>\n<\/blockquote>\n\n\n\n<p>Maduro colocou as For\u00e7as Armadas nas ruas da Venezuela para coibir manifesta\u00e7\u00f5es que se espalharam pelo pa\u00eds desde a semana passada. Os protestos contra o governo j\u00e1 deixaram dezenas de mortos e de feridos, segundo ONGs venezuelanas. O Minist\u00e9rio P\u00fablico disse que prendeu mais de dois mil manifestantes.<\/p>\n\n\n\n<h2 class=\"wp-block-heading\">Entenda a crise<\/h2>\n\n\n\n<p>Nicol\u00e1s Maduro foi declarado o vencedor das elei\u00e7\u00f5es de 28 de julho pelo Conselho Nacional Eleitoral (CNE) na segunda-feira (29). O \u00f3rg\u00e3o respons\u00e1vel pelas elei\u00e7\u00f5es no pa\u00eds \u00e9 presidido por um aliado do presidente.<\/p>\n\n\n\n<p>Maduro foi reeleito com 51,95% dos votos, enquanto seu opositor, Edmundo Gonz\u00e1lez, recebeu 43,18%, com 96,87% das urnas apuradas, segundo n\u00fameros do CNE atualizados na tarde desta sexta-feira (2).<\/p>\n\n\n\n<p>A oposi\u00e7\u00e3o e a comunidade internacional contestam o resultado divulgado pelo \u00f3rg\u00e3o eleitoral e pedem a divulga\u00e7\u00e3o das atas eleitorais. Segundo contagem paralela da oposi\u00e7\u00e3o, Gonz\u00e1lez venceu Maduro com 67% dos votos, contra 30% de Maduro.<\/p>\n\n\n\n<p>Com base nessas contagens, Estados Unidos, Panam\u00e1, Costa Rica, Peru, Argentina e Uruguai declararam que o candidato da oposi\u00e7\u00e3o venceu Maduro.<\/p>\n\n\n\n<p>A Organiza\u00e7\u00e3o dos Estados Americanos (OEA) tamb\u00e9m n\u00e3o reconheceu o resultado das elei\u00e7\u00f5es presidenciais. Em relat\u00f3rio feito por observadores que acompanharam o pleito, a OEA diz haver ind\u00edcios de que o governo Maduro distorceu o resultado.<\/p>\n\n\n\n<p>O relat\u00f3rio tamb\u00e9m afirmou que o regime venezuelano aplicou &#8220;seu esquema repressivo&#8221; para &#8220;distorcer completamente o resultado eleitoral&#8221;.<\/p>\n\n\n\n<p>Brasil, Col\u00f4mbia e M\u00e9xico divulgaram uma nota conjunta na quinta-feira (1\u00ba), pedindo a divulga\u00e7\u00e3o de atas eleitorais na Venezuela. A nota pede tamb\u00e9m a solu\u00e7\u00e3o do impasse eleitoral no pa\u00eds pelas &#8220;vias institucionais&#8221; e que a soberania popular seja respeitada com &#8220;apura\u00e7\u00e3o imparcial&#8221;.<\/p>\n\n\n\n<p>O Brasil j\u00e1 vinha pedindo que o CNE \u2014 \u00f3rg\u00e3o controlado na pr\u00e1tica por Maduro \u2014 apresente as atas eleitorais, esp\u00e9cie de boletim das urnas.<\/p>\n","protected":false},"excerpt":{"rendered":"<p>A Suprema Corte da\u00a0Venezuela\u00a0convocou Edmundo Gonz\u00e1lez, candidato de oposi\u00e7\u00e3o a Maduro na elei\u00e7\u00e3o, e outros tr\u00eas candidatos a comparecer perante o tribunal nesta quarta-feira (7) \u00e0s 10h (hor\u00e1rio de Bras\u00edlia). A Suprema Corte \u00e9 alinhada ao presidente Maduro. &#8220;Para a devida consolida\u00e7\u00e3o de todos os instrumentos eleitorais que se encontram em posse dos partidos pol\u00edticos [&hellip;]<\/p>\n","protected":false},"author":2,"featured_media":15499,"comment_status":"open","ping_status":"open","sticky":false,"template":"","format":"standard","meta":{"_jetpack_memberships_contains_paid_content":false,"footnotes":""},"categories":[15],"tags":[],"class_list":["post-15498","post","type-post","status-publish","format-standard","has-post-thumbnail","hentry","category-mundo"],"aioseo_notices":[],"jetpack_featured_media_url":"https:\/\/i0.wp.com\/minutobahia24h.com.br\/wp-content\/uploads\/2024\/08\/Sem-titulo-43.jpg?fit=984%2C656&ssl=1","jetpack_sharing_enabled":true,"_links":{"self":[{"href":"https:\/\/minutobahia24h.com.br\/index.php?rest_route=\/wp\/v2\/posts\/15498","targetHints":{"allow":["GET"]}}],"collection":[{"href":"https:\/\/minutobahia24h.com.br\/index.php?rest_route=\/wp\/v2\/posts"}],"about":[{"href":"https:\/\/minutobahia24h.com.br\/index.php?rest_route=\/wp\/v2\/types\/post"}],"author":[{"embeddable":true,"href":"https:\/\/minutobahia24h.com.br\/index.php?rest_route=\/wp\/v2\/users\/2"}],"replies":[{"embeddable":true,"href":"https:\/\/minutobahia24h.com.br\/index.php?rest_route=%2Fwp%2Fv2%2Fcomments&post=15498"}],"version-history":[{"count":1,"href":"https:\/\/minutobahia24h.com.br\/index.php?rest_route=\/wp\/v2\/posts\/15498\/revisions"}],"predecessor-version":[{"id":15500,"href":"https:\/\/minutobahia24h.com.br\/index.php?rest_route=\/wp\/v2\/posts\/15498\/revisions\/15500"}],"wp:featuredmedia":[{"embeddable":true,"href":"https:\/\/minutobahia24h.com.br\/index.php?rest_route=\/wp\/v2\/media\/15499"}],"wp:attachment":[{"href":"https:\/\/minutobahia24h.com.br\/index.php?rest_route=%2Fwp%2Fv2%2Fmedia&parent=15498"}],"wp:term":[{"taxonomy":"category","embeddable":true,"href":"https:\/\/minutobahia24h.com.br\/index.php?rest_route=%2Fwp%2Fv2%2Fcategories&post=15498"},{"taxonomy":"post_tag","embeddable":true,"href":"https:\/\/minutobahia24h.com.br\/index.php?rest_route=%2Fwp%2Fv2%2Ftags&post=15498"}],"curies":[{"name":"wp","href":"https:\/\/api.w.org\/{rel}","templated":true}]}}