{"id":15486,"date":"2024-08-06T06:42:57","date_gmt":"2024-08-06T09:42:57","guid":{"rendered":"https:\/\/minutobahia24h.com.br\/?p=15486"},"modified":"2024-08-06T06:42:59","modified_gmt":"2024-08-06T09:42:59","slug":"calendario-eleitoral-proibida-a-veiculacao-de-propaganda-politica-no-radio-e-na-tv-a-partir-desta-terca-feira-6","status":"publish","type":"post","link":"https:\/\/minutobahia24h.com.br\/?p=15486","title":{"rendered":"Calend\u00e1rio Eleitoral: proibida a veicula\u00e7\u00e3o de propaganda pol\u00edtica no r\u00e1dio e na TV a partir desta ter\u00e7a-feira (6)"},"content":{"rendered":"<div class=\"wp-block-image\">\n<figure class=\"aligncenter size-full\"><img data-recalc-dims=\"1\" fetchpriority=\"high\" decoding=\"async\" width=\"800\" height=\"405\" src=\"https:\/\/i0.wp.com\/minutobahia24h.com.br\/wp-content\/uploads\/2024\/08\/Sem-titulo-39.jpg?resize=800%2C405&#038;ssl=1\" alt=\"\" class=\"wp-image-15487\" srcset=\"https:\/\/i0.wp.com\/minutobahia24h.com.br\/wp-content\/uploads\/2024\/08\/Sem-titulo-39.jpg?w=882&amp;ssl=1 882w, https:\/\/i0.wp.com\/minutobahia24h.com.br\/wp-content\/uploads\/2024\/08\/Sem-titulo-39.jpg?resize=300%2C152&amp;ssl=1 300w, https:\/\/i0.wp.com\/minutobahia24h.com.br\/wp-content\/uploads\/2024\/08\/Sem-titulo-39.jpg?resize=768%2C389&amp;ssl=1 768w, https:\/\/i0.wp.com\/minutobahia24h.com.br\/wp-content\/uploads\/2024\/08\/Sem-titulo-39.jpg?resize=750%2C380&amp;ssl=1 750w\" sizes=\"(max-width: 800px) 100vw, 800px\" \/><\/figure>\n<\/div>\n\n\n<p>A partir desta ter\u00e7a-feira (6), a apenas 60 dias para o primeiro turno das Elei\u00e7\u00f5es 2024, emissoras de r\u00e1dio e televis\u00e3o ficam proibidas de veicular propaganda pol\u00edtica em sua programa\u00e7\u00e3o normal e em seu notici\u00e1rio.<\/p>\n\n\n\n<p>A restri\u00e7\u00e3o est\u00e1 prevista no calend\u00e1rio eleitoral, em conformidade com a Lei das Elei\u00e7\u00f5es (Lei n\u00ba 9.504\/1997) e a Resolu\u00e7\u00e3o n\u00ba 23.610\/2019 do Tribunal Superior Eleitoral (TSE).<\/p>\n\n\n\n<p>\u00c9 tamb\u00e9m a partir desta data que fica vedada a veicula\u00e7\u00e3o ou a divulga\u00e7\u00e3o de filmes, novelas, miniss\u00e9ries ou qualquer outro programa com alus\u00e3o ou cr\u00edtica voltada especificamente a candidata, candidato, partido pol\u00edtico, federa\u00e7\u00e3o ou coliga\u00e7\u00e3o, mesmo que de forma impl\u00edcita. As exce\u00e7\u00f5es ficam por conta de programas jornal\u00edsticos e debates pol\u00edticos.<\/p>\n\n\n\n<p>Ainda de acordo com a legisla\u00e7\u00e3o, a data imp\u00f5e outras proibi\u00e7\u00f5es \u00e0s emissoras de r\u00e1dio e TV como a transmiss\u00e3o de imagens de realiza\u00e7\u00e3o de pesquisa ou de qualquer outro tipo de consulta popular de natureza eleitoral em que seja poss\u00edvel identificar os entrevistados ou em que haja manipula\u00e7\u00e3o de dados; o tratamento privilegiado a candidata, candidato, partido pol\u00edtico, federa\u00e7\u00e3o ou coliga\u00e7\u00e3o, inclusive sob a forma de retransmiss\u00e3o de live eleitoral; e a divulga\u00e7\u00e3o de nome de programa que se refira a candidato escolhido em conven\u00e7\u00e3o, mesmo que preexistente.<\/p>\n\n\n\n<p>TRE BA<\/p>\n","protected":false},"excerpt":{"rendered":"<p>A partir desta ter\u00e7a-feira (6), a apenas 60 dias para o primeiro turno das Elei\u00e7\u00f5es 2024, emissoras de r\u00e1dio e televis\u00e3o ficam proibidas de veicular propaganda pol\u00edtica em sua programa\u00e7\u00e3o normal e em seu notici\u00e1rio. A restri\u00e7\u00e3o est\u00e1 prevista no calend\u00e1rio eleitoral, em conformidade com a Lei das Elei\u00e7\u00f5es (Lei n\u00ba 9.504\/1997) e a Resolu\u00e7\u00e3o [&hellip;]<\/p>\n","protected":false},"author":2,"featured_media":15487,"comment_status":"open","ping_status":"open","sticky":false,"template":"","format":"standard","meta":{"_jetpack_memberships_contains_paid_content":false,"footnotes":""},"categories":[50],"tags":[],"class_list":["post-15486","post","type-post","status-publish","format-standard","has-post-thumbnail","hentry","category-eleicoes-2024"],"aioseo_notices":[],"jetpack_featured_media_url":"https:\/\/i0.wp.com\/minutobahia24h.com.br\/wp-content\/uploads\/2024\/08\/Sem-titulo-39.jpg?fit=882%2C447&ssl=1","jetpack_sharing_enabled":true,"_links":{"self":[{"href":"https:\/\/minutobahia24h.com.br\/index.php?rest_route=\/wp\/v2\/posts\/15486","targetHints":{"allow":["GET"]}}],"collection":[{"href":"https:\/\/minutobahia24h.com.br\/index.php?rest_route=\/wp\/v2\/posts"}],"about":[{"href":"https:\/\/minutobahia24h.com.br\/index.php?rest_route=\/wp\/v2\/types\/post"}],"author":[{"embeddable":true,"href":"https:\/\/minutobahia24h.com.br\/index.php?rest_route=\/wp\/v2\/users\/2"}],"replies":[{"embeddable":true,"href":"https:\/\/minutobahia24h.com.br\/index.php?rest_route=%2Fwp%2Fv2%2Fcomments&post=15486"}],"version-history":[{"count":1,"href":"https:\/\/minutobahia24h.com.br\/index.php?rest_route=\/wp\/v2\/posts\/15486\/revisions"}],"predecessor-version":[{"id":15488,"href":"https:\/\/minutobahia24h.com.br\/index.php?rest_route=\/wp\/v2\/posts\/15486\/revisions\/15488"}],"wp:featuredmedia":[{"embeddable":true,"href":"https:\/\/minutobahia24h.com.br\/index.php?rest_route=\/wp\/v2\/media\/15487"}],"wp:attachment":[{"href":"https:\/\/minutobahia24h.com.br\/index.php?rest_route=%2Fwp%2Fv2%2Fmedia&parent=15486"}],"wp:term":[{"taxonomy":"category","embeddable":true,"href":"https:\/\/minutobahia24h.com.br\/index.php?rest_route=%2Fwp%2Fv2%2Fcategories&post=15486"},{"taxonomy":"post_tag","embeddable":true,"href":"https:\/\/minutobahia24h.com.br\/index.php?rest_route=%2Fwp%2Fv2%2Ftags&post=15486"}],"curies":[{"name":"wp","href":"https:\/\/api.w.org\/{rel}","templated":true}]}}