{"id":15473,"date":"2024-08-05T08:04:06","date_gmt":"2024-08-05T11:04:06","guid":{"rendered":"https:\/\/minutobahia24h.com.br\/?p=15473"},"modified":"2024-08-05T08:04:08","modified_gmt":"2024-08-05T11:04:08","slug":"uso-de-inteligencia-artificial-nas-eleicoes-sera-debatido-na-camara-dos-deputados","status":"publish","type":"post","link":"https:\/\/minutobahia24h.com.br\/?p=15473","title":{"rendered":"Uso de intelig\u00eancia artificial nas elei\u00e7\u00f5es ser\u00e1 debatido na C\u00e2mara dos Deputados"},"content":{"rendered":"<div class=\"wp-block-image\">\n<figure class=\"aligncenter size-full\"><img data-recalc-dims=\"1\" fetchpriority=\"high\" decoding=\"async\" width=\"625\" height=\"420\" src=\"https:\/\/i0.wp.com\/minutobahia24h.com.br\/wp-content\/uploads\/2024\/08\/Sem-titulo-37.jpg?resize=625%2C420&#038;ssl=1\" alt=\"\" class=\"wp-image-15474\" srcset=\"https:\/\/i0.wp.com\/minutobahia24h.com.br\/wp-content\/uploads\/2024\/08\/Sem-titulo-37.jpg?w=625&amp;ssl=1 625w, https:\/\/i0.wp.com\/minutobahia24h.com.br\/wp-content\/uploads\/2024\/08\/Sem-titulo-37.jpg?resize=300%2C202&amp;ssl=1 300w\" sizes=\"(max-width: 625px) 100vw, 625px\" \/><figcaption class=\"wp-element-caption\"><sub>Conselho de Comunica\u00e7\u00e3o Social debate uso de intelig\u00eancia artificial nas elei\u00e7\u00f5es<\/sub><br><\/figcaption><\/figure>\n<\/div>\n\n\n<p>A regula\u00e7\u00e3o das redes sociais e da intelig\u00eancia artificial no processo eleitoral \u00e9 o tema da audi\u00eancia p\u00fablica que o Conselho de Comunica\u00e7\u00e3o Social do Congresso Nacional far\u00e1 nesta segunda-feira (5), \u00e0s 9h30. O debate ser\u00e1 interativo e quem tiver interesse pode enviar perguntas e coment\u00e1rios pelo portal e-Cidadania.<\/p>\n\n\n\n<p>Em maio, pesquisadores ouvidos na C\u00e2mara dos Deputados ressaltaram a import\u00e2ncia de uma lei para regulamentar a intelig\u00eancia artificial, a despeito de normas recentes do Tribunal Superior Eleitoral (TSE) para regular o uso da IA nas elei\u00e7\u00f5es.<\/p>\n\n\n<div class=\"wp-block-image\">\n<figure class=\"aligncenter\"><a href=\"https:\/\/i0.wp.com\/blogdoeloiltoncajuhy.com.br\/site\/wp-content\/uploads\/2024\/08\/Camara-dos-Deputados_Normas-TSE_Arte-Agencia-Camara.jpg?ssl=1\"><img decoding=\"async\" src=\"https:\/\/i0.wp.com\/blogdoeloiltoncajuhy.com.br\/site\/wp-content\/uploads\/2024\/08\/Camara-dos-Deputados_Normas-TSE_Arte-Agencia-Camara.jpg?resize=690%2C657&amp;ssl=1\" alt=\"\" class=\"wp-image-82177\"\/><\/a><\/figure>\n<\/div>\n\n\n<p>O Senado discute um projeto que regulamenta a intelig\u00eancia artificial (PL 2338\/23). O texto, apresentado pelo presidente do Senado, Rodrigo Pacheco (PSD-MG), \u00e9 fruto do trabalho de uma comiss\u00e3o de juristas e est\u00e1 sendo analisado junto a outras nove propostas, inclusive uma j\u00e1 aprovada pela C\u00e2mara dos Deputados (PL 21\/20), que lista diretrizes para o fomento e a atua\u00e7\u00e3o do poder p\u00fablico no tema.<\/p>\n\n\n\n<p><strong><em>Com informa\u00e7\u00f5es da Ag\u00eancia Senado<\/em><\/strong><\/p>\n","protected":false},"excerpt":{"rendered":"<p>A regula\u00e7\u00e3o das redes sociais e da intelig\u00eancia artificial no processo eleitoral \u00e9 o tema da audi\u00eancia p\u00fablica que o Conselho de Comunica\u00e7\u00e3o Social do Congresso Nacional far\u00e1 nesta segunda-feira (5), \u00e0s 9h30. O debate ser\u00e1 interativo e quem tiver interesse pode enviar perguntas e coment\u00e1rios pelo portal e-Cidadania. Em maio, pesquisadores ouvidos na C\u00e2mara [&hellip;]<\/p>\n","protected":false},"author":2,"featured_media":15474,"comment_status":"open","ping_status":"open","sticky":false,"template":"","format":"standard","meta":{"_jetpack_memberships_contains_paid_content":false,"footnotes":""},"categories":[39],"tags":[],"class_list":["post-15473","post","type-post","status-publish","format-standard","has-post-thumbnail","hentry","category-politica"],"aioseo_notices":[],"jetpack_featured_media_url":"https:\/\/i0.wp.com\/minutobahia24h.com.br\/wp-content\/uploads\/2024\/08\/Sem-titulo-37.jpg?fit=625%2C420&ssl=1","jetpack_sharing_enabled":true,"_links":{"self":[{"href":"https:\/\/minutobahia24h.com.br\/index.php?rest_route=\/wp\/v2\/posts\/15473","targetHints":{"allow":["GET"]}}],"collection":[{"href":"https:\/\/minutobahia24h.com.br\/index.php?rest_route=\/wp\/v2\/posts"}],"about":[{"href":"https:\/\/minutobahia24h.com.br\/index.php?rest_route=\/wp\/v2\/types\/post"}],"author":[{"embeddable":true,"href":"https:\/\/minutobahia24h.com.br\/index.php?rest_route=\/wp\/v2\/users\/2"}],"replies":[{"embeddable":true,"href":"https:\/\/minutobahia24h.com.br\/index.php?rest_route=%2Fwp%2Fv2%2Fcomments&post=15473"}],"version-history":[{"count":1,"href":"https:\/\/minutobahia24h.com.br\/index.php?rest_route=\/wp\/v2\/posts\/15473\/revisions"}],"predecessor-version":[{"id":15475,"href":"https:\/\/minutobahia24h.com.br\/index.php?rest_route=\/wp\/v2\/posts\/15473\/revisions\/15475"}],"wp:featuredmedia":[{"embeddable":true,"href":"https:\/\/minutobahia24h.com.br\/index.php?rest_route=\/wp\/v2\/media\/15474"}],"wp:attachment":[{"href":"https:\/\/minutobahia24h.com.br\/index.php?rest_route=%2Fwp%2Fv2%2Fmedia&parent=15473"}],"wp:term":[{"taxonomy":"category","embeddable":true,"href":"https:\/\/minutobahia24h.com.br\/index.php?rest_route=%2Fwp%2Fv2%2Fcategories&post=15473"},{"taxonomy":"post_tag","embeddable":true,"href":"https:\/\/minutobahia24h.com.br\/index.php?rest_route=%2Fwp%2Fv2%2Ftags&post=15473"}],"curies":[{"name":"wp","href":"https:\/\/api.w.org\/{rel}","templated":true}]}}