{"id":15461,"date":"2024-08-05T07:43:59","date_gmt":"2024-08-05T10:43:59","guid":{"rendered":"https:\/\/minutobahia24h.com.br\/?p=15461"},"modified":"2024-08-05T07:44:00","modified_gmt":"2024-08-05T10:44:00","slug":"convencao-homologa-mariana-e-cicero-monteiro-para-a-concorrer-a-prefeitura-de-jacobina","status":"publish","type":"post","link":"https:\/\/minutobahia24h.com.br\/?p=15461","title":{"rendered":"Conven\u00e7\u00e3o homologa Mariana e C\u00edcero Monteiro para a concorrer \u00e0 prefeitura de Jacobina"},"content":{"rendered":"<div class=\"wp-block-image\">\n<figure class=\"aligncenter size-full\"><img data-recalc-dims=\"1\" fetchpriority=\"high\" decoding=\"async\" width=\"518\" height=\"390\" src=\"https:\/\/i0.wp.com\/minutobahia24h.com.br\/wp-content\/uploads\/2024\/08\/Sem-titulo-33.jpg?resize=518%2C390&#038;ssl=1\" alt=\"\" class=\"wp-image-15462\" srcset=\"https:\/\/i0.wp.com\/minutobahia24h.com.br\/wp-content\/uploads\/2024\/08\/Sem-titulo-33.jpg?w=518&amp;ssl=1 518w, https:\/\/i0.wp.com\/minutobahia24h.com.br\/wp-content\/uploads\/2024\/08\/Sem-titulo-33.jpg?resize=300%2C226&amp;ssl=1 300w\" sizes=\"(max-width: 518px) 100vw, 518px\" \/><figcaption class=\"wp-element-caption\">Em seu discurso, a candidata refor\u00e7ou que a uni\u00e3o presente no evento tem foco na reconstru\u00e7\u00e3o da cidade<\/figcaption><\/figure>\n<\/div>\n\n\n<p>A conven\u00e7\u00e3o realizada neste s\u00e1bado, 03,em Jacobina, marcou a homologa\u00e7\u00e3o dos nomes de Mariana (PSB) e C\u00edcero Monteiro (Avante) como candidatos \u00e0 prefeitura de Jacobina nas pr\u00f3ximas elei\u00e7\u00f5es. O evento reuniu diversas lideran\u00e7as pol\u00edticas e partid\u00e1rias, consolidando uma ampla alian\u00e7a em torno da reconstru\u00e7\u00e3o da cidade.<\/p>\n\n\n\n<p>Entre os presentes, figuras importantes do PT, como o ex-deputado federal Amaury Teixeira e o atual deputado federal Jorge Solla. As presen\u00e7as do ex-prefeito Luciano da Locar, candidatos a vereadores do Uni\u00e3o Brasil e do ex-prefeito Rui Macedo, tamb\u00e9m fortaleceram o palanque.&nbsp;<\/p>\n\n\n\n<p>O evento foi marcado por discursos que enfatizaram a necessidade de uma gest\u00e3o unida e focada na reconstru\u00e7\u00e3o de Jacobina. &#8220;Estamos aqui para unir for\u00e7as e trabalhar pelo bem da nossa cidade. Somos a esperan\u00e7a que Jacobina precisa&#8221;, declarou Mariana. C\u00edcero Monteiro complementou, refor\u00e7ando a import\u00e2ncia da uni\u00e3o de diferentes partidos em prol de um objetivo comum: &#8220;Jacobina precisa de uma gest\u00e3o comprometida e n\u00f3s estamos prontos para esse desafio&#8221;.<\/p>\n\n\n<div class=\"wp-block-image\">\n<figure class=\"aligncenter\"><a href=\"https:\/\/i0.wp.com\/blogger.googleusercontent.com\/img\/b\/R29vZ2xl\/AVvXsEgJX_fXyOvvP-Yb3MW4RzMPEgaYA5KGK28nZlej9nxAf2UpFjf-7eNRsnLw-svwPh5NBA56cvWL9GtEhyqvm5SSiKNpBqGrkp3KAnBcORuaJNlfBwsBKwWv4KghJ_vo1OEJ00p-j5ewWEkdCSEZ0JPTWHssqbOhercGlplgZzzdB_6xZO0_h7gnEUQDA7Y\/s1600\/IMG-20240803-WA0217.jpg?ssl=1\"><img data-recalc-dims=\"1\" decoding=\"async\" data-src=\"https:\/\/i0.wp.com\/blogger.googleusercontent.com\/img\/b\/R29vZ2xl\/AVvXsEgJX_fXyOvvP-Yb3MW4RzMPEgaYA5KGK28nZlej9nxAf2UpFjf-7eNRsnLw-svwPh5NBA56cvWL9GtEhyqvm5SSiKNpBqGrkp3KAnBcORuaJNlfBwsBKwWv4KghJ_vo1OEJ00p-j5ewWEkdCSEZ0JPTWHssqbOhercGlplgZzzdB_6xZO0_h7gnEUQDA7Y\/w482-h361\/IMG-20240803-WA0217.jpg?w=800&#038;ssl=1\" alt=\"\" src=\"data:image\/gif;base64,R0lGODlhAQABAAAAACH5BAEKAAEALAAAAAABAAEAAAICTAEAOw==\" class=\"lazyload\" \/><noscript><img data-recalc-dims=\"1\" decoding=\"async\" src=\"https:\/\/i0.wp.com\/blogger.googleusercontent.com\/img\/b\/R29vZ2xl\/AVvXsEgJX_fXyOvvP-Yb3MW4RzMPEgaYA5KGK28nZlej9nxAf2UpFjf-7eNRsnLw-svwPh5NBA56cvWL9GtEhyqvm5SSiKNpBqGrkp3KAnBcORuaJNlfBwsBKwWv4KghJ_vo1OEJ00p-j5ewWEkdCSEZ0JPTWHssqbOhercGlplgZzzdB_6xZO0_h7gnEUQDA7Y\/w482-h361\/IMG-20240803-WA0217.jpg?w=800&#038;ssl=1\" alt=\"\"\/><\/noscript><\/a><\/figure>\n<\/div>\n\n\n<p>A ades\u00e3o da federa\u00e7\u00e3o PSDB- Cidadania tamb\u00e9m foi um ponto alto da conven\u00e7\u00e3o. Paulo da Compusist, representante das legendas, que tamb\u00e9m estava pr\u00e9 &#8211; candidato \u00e0 prefeito, reafirmou o apoio ao projeto liderado por Mariana. &#8220;Estamos aqui porque acreditamos na capacidade e na compet\u00eancia de Mariana para transformar Jacobina&#8221;, afirmou Paulo.<\/p>\n\n\n<div class=\"wp-block-image\">\n<figure class=\"aligncenter\"><a href=\"https:\/\/i0.wp.com\/blogger.googleusercontent.com\/img\/b\/R29vZ2xl\/AVvXsEifYKqvl2gSMrZG0nfkyAwEnpjH9y3ZljnsC-OHrfq73tCTdEnaJnPQME9KViAm4K6rKXM18iFqqNJwF7s8InVhFba0NyW8WVH1Al2h_FtEA0eRm8iUHZe-ACs3xKADfL_JoOpvFeSp0xFMi_oNqwiwAFHXs9QkuzCuc1vCgf_NAg2Y4Qe9Cj9OGsOxZxg\/s1600\/IMG-20240803-WA0214.jpg?ssl=1\"><img data-recalc-dims=\"1\" decoding=\"async\" data-src=\"https:\/\/i0.wp.com\/blogger.googleusercontent.com\/img\/b\/R29vZ2xl\/AVvXsEifYKqvl2gSMrZG0nfkyAwEnpjH9y3ZljnsC-OHrfq73tCTdEnaJnPQME9KViAm4K6rKXM18iFqqNJwF7s8InVhFba0NyW8WVH1Al2h_FtEA0eRm8iUHZe-ACs3xKADfL_JoOpvFeSp0xFMi_oNqwiwAFHXs9QkuzCuc1vCgf_NAg2Y4Qe9Cj9OGsOxZxg\/w478-h359\/IMG-20240803-WA0214.jpg?w=800&#038;ssl=1\" alt=\"\" src=\"data:image\/gif;base64,R0lGODlhAQABAAAAACH5BAEKAAEALAAAAAABAAEAAAICTAEAOw==\" class=\"lazyload\" \/><noscript><img data-recalc-dims=\"1\" decoding=\"async\" src=\"https:\/\/i0.wp.com\/blogger.googleusercontent.com\/img\/b\/R29vZ2xl\/AVvXsEifYKqvl2gSMrZG0nfkyAwEnpjH9y3ZljnsC-OHrfq73tCTdEnaJnPQME9KViAm4K6rKXM18iFqqNJwF7s8InVhFba0NyW8WVH1Al2h_FtEA0eRm8iUHZe-ACs3xKADfL_JoOpvFeSp0xFMi_oNqwiwAFHXs9QkuzCuc1vCgf_NAg2Y4Qe9Cj9OGsOxZxg\/w478-h359\/IMG-20240803-WA0214.jpg?w=800&#038;ssl=1\" alt=\"\"\/><\/noscript><\/a><\/figure>\n<\/div>\n\n\n<p>A deputada federal e presidente estadual do PSB, L\u00eddice da Mata, o deputado federal Ant\u00f4nio Britto (PSD) e o presidente estadual do Avante, Ronaldo Carletto, enviaram v\u00eddeos de apoio.&nbsp;<\/p>\n\n\n\n<p>Com a homologa\u00e7\u00e3o oficial, Mariana e C\u00edcero Monteiro iniciam sua campanha com uma base s\u00f3lida e diversificada de apoio, pronta para enfrentar os desafios e apresentar propostas que visam a melhoria da qualidade de vida dos cidad\u00e3os de Jacobina.<\/p>\n","protected":false},"excerpt":{"rendered":"<p>A conven\u00e7\u00e3o realizada neste s\u00e1bado, 03,em Jacobina, marcou a homologa\u00e7\u00e3o dos nomes de Mariana (PSB) e C\u00edcero Monteiro (Avante) como candidatos \u00e0 prefeitura de Jacobina nas pr\u00f3ximas elei\u00e7\u00f5es. O evento reuniu diversas lideran\u00e7as pol\u00edticas e partid\u00e1rias, consolidando uma ampla alian\u00e7a em torno da reconstru\u00e7\u00e3o da cidade. Entre os presentes, figuras importantes do PT, como o [&hellip;]<\/p>\n","protected":false},"author":2,"featured_media":15462,"comment_status":"open","ping_status":"open","sticky":false,"template":"","format":"standard","meta":{"_jetpack_memberships_contains_paid_content":false,"footnotes":""},"categories":[50],"tags":[],"class_list":["post-15461","post","type-post","status-publish","format-standard","has-post-thumbnail","hentry","category-eleicoes-2024"],"aioseo_notices":[],"jetpack_featured_media_url":"https:\/\/i0.wp.com\/minutobahia24h.com.br\/wp-content\/uploads\/2024\/08\/Sem-titulo-33.jpg?fit=518%2C390&ssl=1","jetpack_sharing_enabled":true,"_links":{"self":[{"href":"https:\/\/minutobahia24h.com.br\/index.php?rest_route=\/wp\/v2\/posts\/15461","targetHints":{"allow":["GET"]}}],"collection":[{"href":"https:\/\/minutobahia24h.com.br\/index.php?rest_route=\/wp\/v2\/posts"}],"about":[{"href":"https:\/\/minutobahia24h.com.br\/index.php?rest_route=\/wp\/v2\/types\/post"}],"author":[{"embeddable":true,"href":"https:\/\/minutobahia24h.com.br\/index.php?rest_route=\/wp\/v2\/users\/2"}],"replies":[{"embeddable":true,"href":"https:\/\/minutobahia24h.com.br\/index.php?rest_route=%2Fwp%2Fv2%2Fcomments&post=15461"}],"version-history":[{"count":1,"href":"https:\/\/minutobahia24h.com.br\/index.php?rest_route=\/wp\/v2\/posts\/15461\/revisions"}],"predecessor-version":[{"id":15463,"href":"https:\/\/minutobahia24h.com.br\/index.php?rest_route=\/wp\/v2\/posts\/15461\/revisions\/15463"}],"wp:featuredmedia":[{"embeddable":true,"href":"https:\/\/minutobahia24h.com.br\/index.php?rest_route=\/wp\/v2\/media\/15462"}],"wp:attachment":[{"href":"https:\/\/minutobahia24h.com.br\/index.php?rest_route=%2Fwp%2Fv2%2Fmedia&parent=15461"}],"wp:term":[{"taxonomy":"category","embeddable":true,"href":"https:\/\/minutobahia24h.com.br\/index.php?rest_route=%2Fwp%2Fv2%2Fcategories&post=15461"},{"taxonomy":"post_tag","embeddable":true,"href":"https:\/\/minutobahia24h.com.br\/index.php?rest_route=%2Fwp%2Fv2%2Ftags&post=15461"}],"curies":[{"name":"wp","href":"https:\/\/api.w.org\/{rel}","templated":true}]}}