{"id":15446,"date":"2024-08-05T07:00:12","date_gmt":"2024-08-05T10:00:12","guid":{"rendered":"https:\/\/minutobahia24h.com.br\/?p=15446"},"modified":"2024-08-05T07:00:13","modified_gmt":"2024-08-05T10:00:13","slug":"com-apoio-do-prefeito-candinho-convencao-homologa-candidatura-de-pedro-henrique-para-prefeito-e-marcio-da-fazendinha-como-vice-em-caldeirao-grande","status":"publish","type":"post","link":"https:\/\/minutobahia24h.com.br\/?p=15446","title":{"rendered":"Com apoio do prefeito Candinho, Conven\u00e7\u00e3o homologa candidatura de Pedro Henrique para prefeito e M\u00e1rcio da Fazendinha como vice em Caldeir\u00e3o Grande"},"content":{"rendered":"<div class=\"wp-block-image\">\n<figure class=\"aligncenter size-large\"><img data-recalc-dims=\"1\" fetchpriority=\"high\" decoding=\"async\" width=\"800\" height=\"533\" src=\"https:\/\/i0.wp.com\/minutobahia24h.com.br\/wp-content\/uploads\/2024\/08\/Sem-titulo-28-1024x682.jpg?resize=800%2C533&#038;ssl=1\" alt=\"\" class=\"wp-image-15447\" srcset=\"https:\/\/i0.wp.com\/minutobahia24h.com.br\/wp-content\/uploads\/2024\/08\/Sem-titulo-28.jpg?resize=1024%2C682&amp;ssl=1 1024w, https:\/\/i0.wp.com\/minutobahia24h.com.br\/wp-content\/uploads\/2024\/08\/Sem-titulo-28.jpg?resize=300%2C200&amp;ssl=1 300w, https:\/\/i0.wp.com\/minutobahia24h.com.br\/wp-content\/uploads\/2024\/08\/Sem-titulo-28.jpg?resize=768%2C512&amp;ssl=1 768w, https:\/\/i0.wp.com\/minutobahia24h.com.br\/wp-content\/uploads\/2024\/08\/Sem-titulo-28.jpg?resize=1536%2C1023&amp;ssl=1 1536w, https:\/\/i0.wp.com\/minutobahia24h.com.br\/wp-content\/uploads\/2024\/08\/Sem-titulo-28.jpg?resize=750%2C500&amp;ssl=1 750w, https:\/\/i0.wp.com\/minutobahia24h.com.br\/wp-content\/uploads\/2024\/08\/Sem-titulo-28.jpg?resize=1140%2C760&amp;ssl=1 1140w, https:\/\/i0.wp.com\/minutobahia24h.com.br\/wp-content\/uploads\/2024\/08\/Sem-titulo-28.jpg?w=1600&amp;ssl=1 1600w\" sizes=\"(max-width: 800px) 100vw, 800px\" \/><\/figure>\n<\/div>\n\n\n<p>No \u00faltimo s\u00e1bado, dia 3 de agosto de 2024, o Col\u00e9gio Celecista em Caldeir\u00e3o Grande foi palco do lan\u00e7amento da candidatura de Pedro Henrique \u00e0 prefeitura de Caldeir\u00e3o Grande, \u00e9 o Marcio da Fazendinha a vice. O evento atraiu um grande p\u00fablico, incluindo os pr\u00e9-candidatos a vereadores dos partidos da base, lideran\u00e7as pol\u00edticas regionais e o deputado estadual J\u00fanior Nascimento.<\/p>\n\n\n\n<p>A noite foi marcada por uma homenagem ao ex-presidente da C\u00e2mara, Luiz Guirra, que faleceu recentemente, dando in\u00edcio ao evento de forma emocionante. Em seguida, foram exibidos recados do deputado federal M\u00e1rio Negromonte J\u00fanior e Acm Neto, ex-prefeito de Salvador e ex-candidato ao governo da Bahia.<\/p>\n\n\n\n<p>Durante os discursos, Pedro Henrique destacou a import\u00e2ncia do evento e do apoio recebido: &#8220;Nossa caminhada \u00e9 de todos n\u00f3s, juntos por um Caldeir\u00e3o Grande ainda melhor.&#8221; Marcio da Fazendinha, frisou a import\u00e2ncia do suporte dado \u00e0 chapa: &#8220;\u00c9 uma honra ter o apoio de todos voc\u00eas. Vamos continuar trabalhando por nossa terra.&#8221; O prefeito Candinho reafirmou sua confian\u00e7a na candidatura de Pedro Henrique, destacando a continuidade dos trabalhos e do desenvolvimento de Caldeir\u00e3o Grande: &#8220;Pedro Henrique \u00e9 a escolha certa para seguir com nosso compromisso de progresso e desenvolvimento.&#8221;&nbsp;<\/p>\n\n\n\n<p>O deputado estadual J\u00fanior Nascimento tamb\u00e9m compartilhou seu apoio: &#8220;Pedro Henrique representa a renova\u00e7\u00e3o e a continuidade do trabalho bem-feito. Estamos juntos nessa jornada para o bem de Caldeir\u00e3o Grande.&#8221;<\/p>\n\n\n\n<p>Fonte: Ag\u00eancia DC<\/p>\n","protected":false},"excerpt":{"rendered":"<p>No \u00faltimo s\u00e1bado, dia 3 de agosto de 2024, o Col\u00e9gio Celecista em Caldeir\u00e3o Grande foi palco do lan\u00e7amento da candidatura de Pedro Henrique \u00e0 prefeitura de Caldeir\u00e3o Grande, \u00e9 o Marcio da Fazendinha a vice. O evento atraiu um grande p\u00fablico, incluindo os pr\u00e9-candidatos a vereadores dos partidos da base, lideran\u00e7as pol\u00edticas regionais e [&hellip;]<\/p>\n","protected":false},"author":2,"featured_media":15447,"comment_status":"open","ping_status":"open","sticky":false,"template":"","format":"standard","meta":{"_jetpack_memberships_contains_paid_content":false,"footnotes":""},"categories":[50],"tags":[],"class_list":["post-15446","post","type-post","status-publish","format-standard","has-post-thumbnail","hentry","category-eleicoes-2024"],"aioseo_notices":[],"jetpack_featured_media_url":"https:\/\/i0.wp.com\/minutobahia24h.com.br\/wp-content\/uploads\/2024\/08\/Sem-titulo-28.jpg?fit=1600%2C1066&ssl=1","jetpack_sharing_enabled":true,"_links":{"self":[{"href":"https:\/\/minutobahia24h.com.br\/index.php?rest_route=\/wp\/v2\/posts\/15446","targetHints":{"allow":["GET"]}}],"collection":[{"href":"https:\/\/minutobahia24h.com.br\/index.php?rest_route=\/wp\/v2\/posts"}],"about":[{"href":"https:\/\/minutobahia24h.com.br\/index.php?rest_route=\/wp\/v2\/types\/post"}],"author":[{"embeddable":true,"href":"https:\/\/minutobahia24h.com.br\/index.php?rest_route=\/wp\/v2\/users\/2"}],"replies":[{"embeddable":true,"href":"https:\/\/minutobahia24h.com.br\/index.php?rest_route=%2Fwp%2Fv2%2Fcomments&post=15446"}],"version-history":[{"count":1,"href":"https:\/\/minutobahia24h.com.br\/index.php?rest_route=\/wp\/v2\/posts\/15446\/revisions"}],"predecessor-version":[{"id":15448,"href":"https:\/\/minutobahia24h.com.br\/index.php?rest_route=\/wp\/v2\/posts\/15446\/revisions\/15448"}],"wp:featuredmedia":[{"embeddable":true,"href":"https:\/\/minutobahia24h.com.br\/index.php?rest_route=\/wp\/v2\/media\/15447"}],"wp:attachment":[{"href":"https:\/\/minutobahia24h.com.br\/index.php?rest_route=%2Fwp%2Fv2%2Fmedia&parent=15446"}],"wp:term":[{"taxonomy":"category","embeddable":true,"href":"https:\/\/minutobahia24h.com.br\/index.php?rest_route=%2Fwp%2Fv2%2Fcategories&post=15446"},{"taxonomy":"post_tag","embeddable":true,"href":"https:\/\/minutobahia24h.com.br\/index.php?rest_route=%2Fwp%2Fv2%2Ftags&post=15446"}],"curies":[{"name":"wp","href":"https:\/\/api.w.org\/{rel}","templated":true}]}}