{"id":1544,"date":"2023-10-02T10:03:47","date_gmt":"2023-10-02T13:03:47","guid":{"rendered":"https:\/\/minutobahia24h.com.br\/?p=1544"},"modified":"2023-10-02T10:03:48","modified_gmt":"2023-10-02T13:03:48","slug":"projeto-das-policlinicas-regionais-e-celebrado-em-forum-e-sera-expandido-para-todo-o-brasil","status":"publish","type":"post","link":"https:\/\/minutobahia24h.com.br\/?p=1544","title":{"rendered":"Projeto das Policl\u00ednicas Regionais \u00e9 celebrado em f\u00f3rum e ser\u00e1 expandido para todo o Brasil"},"content":{"rendered":"<div class=\"wp-block-image\">\n<figure class=\"aligncenter size-full\"><img data-recalc-dims=\"1\" fetchpriority=\"high\" decoding=\"async\" width=\"750\" height=\"563\" src=\"https:\/\/i0.wp.com\/minutobahia24h.com.br\/wp-content\/uploads\/2023\/10\/Sem-titulo-5.jpg?resize=750%2C563&#038;ssl=1\" alt=\"\" class=\"wp-image-1546\" srcset=\"https:\/\/i0.wp.com\/minutobahia24h.com.br\/wp-content\/uploads\/2023\/10\/Sem-titulo-5.jpg?w=750&amp;ssl=1 750w, https:\/\/i0.wp.com\/minutobahia24h.com.br\/wp-content\/uploads\/2023\/10\/Sem-titulo-5.jpg?resize=300%2C225&amp;ssl=1 300w\" sizes=\"(max-width: 750px) 100vw, 750px\" \/><figcaption class=\"wp-element-caption\"><sub>Foto: Ivan Dias Marques\/SA\u00daDE GOVBA<\/sub><br><\/figcaption><\/figure>\n<\/div>\n\n\n<p>Com mais de 4 milh\u00f5es de atendimentos, as 25 Policl\u00ednicas Regionais de Sa\u00fade foram pauta do I F\u00f3rum Estadual dos Cons\u00f3rcios P\u00fablicos Interfederativos de Sa\u00fade, realizado na sexta-feira (29), no audit\u00f3rio da Uni\u00e3o dos Munic\u00edpios da Bahia (UPB), no Centro Administrativo da Bahia (CAB), e, em virtude dos resultados positivos, o projeto tornou-se refer\u00eancia para o Minist\u00e9rio da Sa\u00fade, que pretende implant\u00e1-lo em todo o Brasil.<\/p>\n\n\n\n<p>Com a presen\u00e7a do governador do Estado, Jer\u00f4nimo Rodrigues, da secret\u00e1ria da Sa\u00fade, Roberta Santana, entre outras autoridades, diversos gestores, coordenadores, presidentes de cons\u00f3rcios e profissionais de sa\u00fade compartilharam ideias, iniciativas e projetos que acontecem nas 23 policl\u00ednicas no interior e nas duas da capital, que operam nas 28 regi\u00f5es de sa\u00fade da Bahia. Ao todo, s\u00e3o 24 cons\u00f3rcios, entidades mantenedoras das policl\u00ednicas, em gest\u00e3o consorciada com o Governo do Estado.<\/p>\n\n\n\n<p>\u201cEssa \u00e9 uma iniciativa que veio do Cear\u00e1 em 2017, ainda no governo Rui Costa, e que ampliamos. Vamos entregar mais uma policl\u00ednica em Ilh\u00e9us at\u00e9 o final do ano e temos o plano de entregar mais seis\u201d, afirmou o governador. O sucesso das policl\u00ednicas fez com que o projeto entrasse no Novo PAC Sele\u00e7\u00f5es, que vai financiar a constru\u00e7\u00e3o de 90 policl\u00ednicas pelo Brasil, de acordo com Jer\u00f4nimo.<\/p>\n\n\n\n<p>\u201cTemos consorciados 411 dos 417 munic\u00edpios da Bahia, com entrada recente de Porto Seguro. E vamos buscar atingir os 100%. S\u00e3o mais de 4 milh\u00f5es de atendimentos e exames realizados, o que mostra o sucesso das policl\u00ednicas. Hoje, o tema mais discutido na \u00e1rea da sa\u00fade \u00e9 a regionaliza\u00e7\u00e3o e fico muito feliz de poder aprimorar essa experi\u00eancia\u201d, enfatizou a secret\u00e1ria Roberta Santana.<\/p>\n\n\n\n<figure class=\"wp-block-image\"><a href=\"https:\/\/i0.wp.com\/blogdoeloiltoncajuhy.com.br\/site\/wp-content\/uploads\/2023\/10\/GOVBA_forum-policlinicas-e-foto-Ivan-DIas-Marques-SAUDE-GOVBA-2.jpg?ssl=1\"><img decoding=\"async\" src=\"https:\/\/i0.wp.com\/blogdoeloiltoncajuhy.com.br\/site\/wp-content\/uploads\/2023\/10\/GOVBA_forum-policlinicas-e-foto-Ivan-DIas-Marques-SAUDE-GOVBA-2.jpg?resize=750%2C563&amp;ssl=1\" alt=\"\" class=\"wp-image-76830\"\/><\/a><figcaption class=\"wp-element-caption\"><sub>Foto: Ivan Dias Marques\/SA\u00daDE GOVBA<\/sub><\/figcaption><\/figure>\n\n\n\n<p>O sucesso do modelo se deve \u00e0s boas pr\u00e1ticas realizadas pela gest\u00e3o consorciada em sa\u00fade, modelo de gest\u00e3o que fortalece a regionaliza\u00e7\u00e3o no SUS e amplia o acesso \u00e0 sa\u00fade para a popula\u00e7\u00e3o baiana, que conta com servi\u00e7os mais pr\u00f3ximos \u00e0s suas resid\u00eancias.<\/p>\n\n\n\n<p>Durante o evento, o governador ainda anunciou que o Estado vai ampliar o repasse para os cons\u00f3rcios e que o Governo Federal tamb\u00e9m contribuir\u00e1 com a gest\u00e3o or\u00e7ament\u00e1ria das policl\u00ednicas. Al\u00e9m de construir a policl\u00ednica, equipar, comprar os \u00f4nibus e as vans, o Governo do Estado ainda custeia 50% da opera\u00e7\u00e3o, antes era 40%. O Minist\u00e9rio da Sa\u00fade tamb\u00e9m passou a enviar verba para ajudar os cons\u00f3rcios, o que resultou em um desconto na parcela dos munic\u00edpios, em torno entre 40% e 50%.<\/p>\n\n\n\n<p><strong>Premia\u00e7\u00e3o<\/strong><\/p>\n\n\n\n<p>Como parte da programa\u00e7\u00e3o do f\u00f3rum, aconteceu a 1\u00aa edi\u00e7\u00e3o do Pr\u00eamio Melhores Pr\u00e1ticas dos Cons\u00f3rcios P\u00fablicos Interfederativos de Sa\u00fade do Estado da Bahia. Foram apresentados cinco cases, originados das policl\u00ednicas de Ribeira do Pombal, Guanambi, Barreiras, Itabuna e Teixeira de Freitas. A iniciativa vencedora foi a da unidade de Guanambi, que, al\u00e9m de trof\u00e9u e cesta de pr\u00eamios, ganhou uma viagem para o Cear\u00e1, para conhecer o projeto inicial das policl\u00ednicas.<\/p>\n\n\n\n<p>O projeto, chamado de Fios de Amor, recebe doa\u00e7\u00f5es de cabelos virgem, que s\u00e3o transformados em perucas, e tamb\u00e9m realiza a venda de rifas com objetivo de arrecada\u00e7\u00e3o de fundos para cria\u00e7\u00e3o de um banco de perucas. As perucas s\u00e3o doadas \u00e0s mulheres diagnosticadas com c\u00e2ncer de mama. A policl\u00ednica de Guanambi ainda recebe doa\u00e7\u00f5es de len\u00e7os e turbantes, que tamb\u00e9m auxiliam na melhoria da autoestima das pacientes acometidas pelo c\u00e2ncer. Todo o processo \u00e9 gratuito.<\/p>\n\n\n\n<p>blogdoeloiltoncajuhy<\/p>\n","protected":false},"excerpt":{"rendered":"<p>Com mais de 4 milh\u00f5es de atendimentos, as 25 Policl\u00ednicas Regionais de Sa\u00fade foram pauta do I F\u00f3rum Estadual dos Cons\u00f3rcios P\u00fablicos Interfederativos de Sa\u00fade, realizado na sexta-feira (29), no audit\u00f3rio da Uni\u00e3o dos Munic\u00edpios da Bahia (UPB), no Centro Administrativo da Bahia (CAB), e, em virtude dos resultados positivos, o projeto tornou-se refer\u00eancia para [&hellip;]<\/p>\n","protected":false},"author":2,"featured_media":1546,"comment_status":"open","ping_status":"open","sticky":false,"template":"","format":"standard","meta":{"_jetpack_memberships_contains_paid_content":false,"footnotes":""},"categories":[18],"tags":[],"class_list":["post-1544","post","type-post","status-publish","format-standard","has-post-thumbnail","hentry","category-saude"],"aioseo_notices":[],"jetpack_featured_media_url":"https:\/\/i0.wp.com\/minutobahia24h.com.br\/wp-content\/uploads\/2023\/10\/Sem-titulo-5.jpg?fit=750%2C563&ssl=1","jetpack_sharing_enabled":true,"_links":{"self":[{"href":"https:\/\/minutobahia24h.com.br\/index.php?rest_route=\/wp\/v2\/posts\/1544","targetHints":{"allow":["GET"]}}],"collection":[{"href":"https:\/\/minutobahia24h.com.br\/index.php?rest_route=\/wp\/v2\/posts"}],"about":[{"href":"https:\/\/minutobahia24h.com.br\/index.php?rest_route=\/wp\/v2\/types\/post"}],"author":[{"embeddable":true,"href":"https:\/\/minutobahia24h.com.br\/index.php?rest_route=\/wp\/v2\/users\/2"}],"replies":[{"embeddable":true,"href":"https:\/\/minutobahia24h.com.br\/index.php?rest_route=%2Fwp%2Fv2%2Fcomments&post=1544"}],"version-history":[{"count":1,"href":"https:\/\/minutobahia24h.com.br\/index.php?rest_route=\/wp\/v2\/posts\/1544\/revisions"}],"predecessor-version":[{"id":1547,"href":"https:\/\/minutobahia24h.com.br\/index.php?rest_route=\/wp\/v2\/posts\/1544\/revisions\/1547"}],"wp:featuredmedia":[{"embeddable":true,"href":"https:\/\/minutobahia24h.com.br\/index.php?rest_route=\/wp\/v2\/media\/1546"}],"wp:attachment":[{"href":"https:\/\/minutobahia24h.com.br\/index.php?rest_route=%2Fwp%2Fv2%2Fmedia&parent=1544"}],"wp:term":[{"taxonomy":"category","embeddable":true,"href":"https:\/\/minutobahia24h.com.br\/index.php?rest_route=%2Fwp%2Fv2%2Fcategories&post=1544"},{"taxonomy":"post_tag","embeddable":true,"href":"https:\/\/minutobahia24h.com.br\/index.php?rest_route=%2Fwp%2Fv2%2Ftags&post=1544"}],"curies":[{"name":"wp","href":"https:\/\/api.w.org\/{rel}","templated":true}]}}