{"id":1536,"date":"2023-10-02T06:51:26","date_gmt":"2023-10-02T09:51:26","guid":{"rendered":"https:\/\/minutobahia24h.com.br\/?p=1536"},"modified":"2023-10-02T06:51:27","modified_gmt":"2023-10-02T09:51:27","slug":"isencao-na-taxa-de-us-50-clientes-relatam-que-tempo-de-entrega-de-compras-internacionais-diminuiu","status":"publish","type":"post","link":"https:\/\/minutobahia24h.com.br\/?p=1536","title":{"rendered":"Isen\u00e7\u00e3o na taxa de US$ 50: clientes relatam que tempo de entrega de compras internacionais diminuiu"},"content":{"rendered":"<div class=\"wp-block-image\">\n<figure class=\"aligncenter size-full\"><img data-recalc-dims=\"1\" fetchpriority=\"high\" decoding=\"async\" width=\"800\" height=\"481\" src=\"https:\/\/i0.wp.com\/minutobahia24h.com.br\/wp-content\/uploads\/2023\/10\/Sem-titulo-4.jpg?resize=800%2C481&#038;ssl=1\" alt=\"\" class=\"wp-image-1538\" srcset=\"https:\/\/i0.wp.com\/minutobahia24h.com.br\/wp-content\/uploads\/2023\/10\/Sem-titulo-4.jpg?w=984&amp;ssl=1 984w, https:\/\/i0.wp.com\/minutobahia24h.com.br\/wp-content\/uploads\/2023\/10\/Sem-titulo-4.jpg?resize=300%2C180&amp;ssl=1 300w, https:\/\/i0.wp.com\/minutobahia24h.com.br\/wp-content\/uploads\/2023\/10\/Sem-titulo-4.jpg?resize=768%2C462&amp;ssl=1 768w, https:\/\/i0.wp.com\/minutobahia24h.com.br\/wp-content\/uploads\/2023\/10\/Sem-titulo-4.jpg?resize=750%2C451&amp;ssl=1 750w\" sizes=\"(max-width: 800px) 100vw, 800px\" \/><figcaption class=\"wp-element-caption\">Apps da Shopee, Shein e AliExpress \u2014 Foto: Vivian Souza\/g1; Reprodu\u00e7\u00e3o\/Shein e Aline Lamas\/g1<\/figcaption><\/figure>\n<\/div>\n\n\n<p>O governo lan\u00e7ou h\u00e1 cerca de dois meses o Remessa Conforme, programa que trouxe\u00a0<a class=\"\" href=\"https:\/\/g1.globo.com\/economia\/noticia\/2023\/08\/01\/compras-internacionais-de-us-50-como-ficam-os-precos.ghtml\">novas regras para a tributa\u00e7\u00e3o de compras internacionais<\/a>. Desde ent\u00e3o, clientes relatam que\u00a0a medida reduziu o tempo de entrega dessas encomendas \u2014 o que tem incentivado a aquisi\u00e7\u00e3o de produtos vindos do exterior.<\/p>\n\n\n\n<p>Uma das pessoas que sentiu o impacto no tempo das entregas \u00e9 a advogada Rafaella Leonel, de 24 anos, que gasta em m\u00e9dia R$ 600 por ano em compras internacionais. Ela contou que o prazo era normalmente de um m\u00eas, podendo atrasar, o que a deixava perdida.<\/p>\n\n\n\n<p>Ap\u00f3s a ades\u00e3o das empresas no programa, em suas palavras, o prazo informado para a entrega ficou mais preciso. \u201cElas [empresas] est\u00e3o sendo mais fi\u00e9is com os clientes. O que me d\u00e1 mais vontade de comprar\u201d.<\/p>\n\n\n\n<figure class=\"wp-block-image\"><img decoding=\"async\" src=\"https:\/\/s2-g1.glbimg.com\/1w6YZi6NZLmTxoofoUmiv6WkYqk=\/0x0:1024x1024\/984x0\/smart\/filters:strip_icc()\/i.s3.glbimg.com\/v1\/AUTH_59edd422c0c84a879bd37670ae4f538a\/internal_photos\/bs\/2023\/N\/L\/jRF2doQKSZbd56XZjDMg\/montagem-rafaella-leonel.jfif\" alt=\"Rafaella Leonel com roupa comprada no e-commerce e prazo de entrega de novos produtos \u2014 Foto: Arquivo pessoal\"\/><\/figure>\n\n\n\n<p>Rafaella Leonel com roupa comprada no e-commerce e prazo de entrega de novos produtos \u2014 Foto: Arquivo pessoal<\/p>\n\n\n\n<blockquote class=\"wp-block-quote is-layout-flow wp-block-quote-is-layout-flow\">\n<p>&#8220;Por me entender como uma pessoa gorda, eu passei a comprar roupas em sites internacionais porque os produtos s\u00e3o mais baratos. Agora que o prazo de entrega ficou melhor, devo comprar ainda mais&#8221;.<\/p>\n<cite>Outra pessoa que tamb\u00e9m sentiu a diferen\u00e7a \u00e9 a jornalista Eduarda Petronilho, de 25 anos, que costuma fazer compras internacionais todos os meses. S\u00f3 nos \u00faltimos 30 dias, por exemplo, ela gastou cerca de R$ 880 com produtos vindos do exterior.<\/cite><\/blockquote>\n\n\n\n<p>Eduarda contou que uma de suas aquisi\u00e7\u00f5es, feita em 10 de setembro \u2014 quando a Shein ainda n\u00e3o havia aderido ao programa do governo&nbsp;<em>(entenda como funciona a entrega dos produtos)<\/em>\u2014, ainda est\u00e1 em&nbsp;<a class=\"\" href=\"https:\/\/g1.globo.com\/pr\/parana\/cidade\/curitiba\/\">Curitiba<\/a>&nbsp;e que ainda n\u00e3o h\u00e1 previs\u00e3o de quando deve receber a encomenda.<\/p>\n\n\n\n<p>J\u00e1 outra compra realizada por ela no mesmo site, em 23 de setembro \u2014 ap\u00f3s a ades\u00e3o da empresa ao Remessa Conforme \u2014 j\u00e1 est\u00e1 em dire\u00e7\u00e3o a sua casa.<\/p>\n\n\n\n<figure class=\"wp-block-image\"><img data-recalc-dims=\"1\" decoding=\"async\" src=\"https:\/\/i0.wp.com\/s2-g1.glbimg.com\/POnla3Ja-pVWVSDJXIqdzACeSqU%3D\/0x0%3A1024x581\/984x0\/smart\/filters%3Astrip_icc%28%29\/i.s3.glbimg.com\/v1\/AUTH_59edd422c0c84a879bd37670ae4f538a\/internal_photos\/bs\/2023\/B\/I\/2EsmXWTj2IBBcwLK8VwA\/whatsapp-image-2023-09-27-at-14.05.12.jpeg?w=800&#038;ssl=1\" alt=\"Primeiro produto comprado antes da ades\u00e3o da Shein est\u00e1 parado em Curitiba. Segunda imagem (de baixo) \u00e9 o produto que est\u00e1 em dire\u00e7\u00e3o da casa de Eduarda \u2014 Foto: Arquivo pessoal\"\/><\/figure>\n\n\n\n<p>Primeiro produto comprado antes da ades\u00e3o da Shein est\u00e1 parado em Curitiba. Segunda imagem (de baixo) \u00e9 o produto que est\u00e1 em dire\u00e7\u00e3o da casa de Eduarda \u2014 Foto: Arquivo pessoal<\/p>\n\n\n\n<blockquote class=\"wp-block-quote is-layout-flow wp-block-quote-is-layout-flow\">\n<p>\u201cIsso me fez ter vontade de comprar mais porque \u00e9 mais r\u00e1pido e agora demora como qualquer loja do Brasil. Al\u00e9m de o valor ser mais barato\u201d, afirmou.<\/p>\n<\/blockquote>\n\n\n\n<p>Para a estudante de moda Gabriella Arine, de 21 anos, al\u00e9m de as varejistas internacionais estarem &#8220;mais a par das modas moment\u00e2neas&#8221;, os pre\u00e7os oferecidos por esses sites s\u00e3o &#8220;muito mais baratos&#8221; \u2014 o que a estimula a fazer compras frequentes nessas empresas.&nbsp;Por m\u00eas, Gabriella gasta cerca de R$ 250.<\/p>\n\n\n\n<figure class=\"wp-block-image\"><img data-recalc-dims=\"1\" decoding=\"async\" src=\"https:\/\/i0.wp.com\/s2-g1.glbimg.com\/Er6x6ysAaFwxmweC3KXr1Yk2Ga4%3D\/0x0%3A1200x1200\/984x0\/smart\/filters%3Astrip_icc%28%29\/i.s3.glbimg.com\/v1\/AUTH_59edd422c0c84a879bd37670ae4f538a\/internal_photos\/bs\/2023\/N\/F\/MsDPXlTsedKF2DaliirQ\/fotojet.jpg?w=800&#038;ssl=1\" alt=\"Roupas compradas por Gabriella Arine nas varejistas internacionais \u2014 Foto: Arquivo pessoal\"\/><\/figure>\n\n\n\n<p>Roupas compradas por Gabriella Arine nas varejistas internacionais \u2014 Foto: Arquivo pessoal<\/p>\n\n\n\n<p>A estudante disse tamb\u00e9m que, em suas experi\u00eancias anteriores, os produtos ficavam nos principais terminais alfandeg\u00e1rios da Receita por cerca de uma semana e que, agora, os itens chegam mais r\u00e1pido.&nbsp;A \u00faltima compra feita por ela, h\u00e1 menos de duas semanas, j\u00e1 est\u00e1 em dire\u00e7\u00e3o a sua casa.<\/p>\n\n\n\n<blockquote class=\"wp-block-quote is-layout-flow wp-block-quote-is-layout-flow\">\n<p>&#8220;Antes [do programa do governo], demorava cerca de um m\u00eas [at\u00e9 que o produto chegasse]. Agora, se quero uma roupa que est\u00e1 na moda para usar na semana seguinte, se tornou poss\u00edvel&#8221;.<\/p>\n<\/blockquote>\n\n\n\n<p>As entregas mais r\u00e1pidas por parte das varejistas internacionais tamb\u00e9m gerou uma s\u00e9rie de coment\u00e1rios de clientes nas redes sociais.&nbsp;<strong>Veja abaixo:<\/strong><\/p>\n\n\n\n<figure class=\"wp-block-image\"><img data-recalc-dims=\"1\" decoding=\"async\" src=\"https:\/\/i0.wp.com\/s2-g1.glbimg.com\/5G9DevYi_umeAOnRJopoD4Xv-mQ%3D\/0x0%3A594x127\/984x0\/smart\/filters%3Astrip_icc%28%29\/i.s3.glbimg.com\/v1\/AUTH_59edd422c0c84a879bd37670ae4f538a\/internal_photos\/bs\/2023\/l\/w\/BAB0enQdiJSfq5hHhMBQ\/print-2.png?w=800&#038;ssl=1\" alt=\"Usu\u00e1rios relatam no X que produtos internacionais chegam mais r\u00e1pido \u2014 Foto: Reprodu\u00e7\u00e3o\/x\"\/><\/figure>\n\n\n\n<p>Usu\u00e1rios relatam no X que produtos internacionais chegam mais r\u00e1pido \u2014 Foto: Reprodu\u00e7\u00e3o\/x<\/p>\n\n\n\n<figure class=\"wp-block-image\"><img data-recalc-dims=\"1\" decoding=\"async\" src=\"https:\/\/i0.wp.com\/s2-g1.glbimg.com\/PPmQGr1uOK91eWOSahq6rLhstHQ%3D\/0x0%3A595x141\/984x0\/smart\/filters%3Astrip_icc%28%29\/i.s3.glbimg.com\/v1\/AUTH_59edd422c0c84a879bd37670ae4f538a\/internal_photos\/bs\/2023\/b\/P\/lUeBamSFSsN12UV7XgzQ\/print-3.png?w=800&#038;ssl=1\" alt=\"Usu\u00e1rios relatam no X que produtos internacionais chegam mais r\u00e1pido \u2014 Foto: Reprodu\u00e7\u00e3o\/X\"\/><\/figure>\n\n\n\n<p>Usu\u00e1rios relatam no X que produtos internacionais chegam mais r\u00e1pido \u2014 Foto: Reprodu\u00e7\u00e3o\/X<\/p>\n\n\n\n<figure class=\"wp-block-image\"><img data-recalc-dims=\"1\" decoding=\"async\" src=\"https:\/\/i0.wp.com\/s2-g1.glbimg.com\/nBcERH7GXgPjnPQ9c9MhwFnZFRI%3D\/0x0%3A597x129\/984x0\/smart\/filters%3Astrip_icc%28%29\/i.s3.glbimg.com\/v1\/AUTH_59edd422c0c84a879bd37670ae4f538a\/internal_photos\/bs\/2023\/n\/8\/SCxNAYQnAbzXRHKNnYqA\/print-4.png?w=800&#038;ssl=1\" alt=\"Usu\u00e1rios relatam no X que produtos internacionais chegam mais r\u00e1pido \u2014 Foto: Reprodu\u00e7\u00e3o\/X\"\/><\/figure>\n\n\n\n<p>Usu\u00e1rios relatam no X que produtos internacionais chegam mais r\u00e1pido \u2014 Foto: Reprodu\u00e7\u00e3o\/X<\/p>\n\n\n\n<figure class=\"wp-block-image\"><img data-recalc-dims=\"1\" decoding=\"async\" src=\"https:\/\/i0.wp.com\/s2-g1.glbimg.com\/glXRwqiItdg4iPtfYCzStvTo6hs%3D\/0x0%3A616x185\/984x0\/smart\/filters%3Astrip_icc%28%29\/i.s3.glbimg.com\/v1\/AUTH_59edd422c0c84a879bd37670ae4f538a\/internal_photos\/bs\/2023\/5\/e\/3h9JJXR2A51a9g98dsuw\/print-1.png?w=800&#038;ssl=1\" alt=\"Usu\u00e1rios relatam no X que produtos internacionais chegam mais r\u00e1pido \u2014 Foto: Reprodu\u00e7]ao\/X\"\/><\/figure>\n\n\n\n<p>Usu\u00e1rios relatam no X que produtos internacionais chegam mais r\u00e1pido \u2014 Foto: Reprodu\u00e7]ao\/X<\/p>\n\n\n\n<h2 class=\"wp-block-heading\">Como funciona a entrega dos produtos<\/h2>\n\n\n\n<p>Antes da cria\u00e7\u00e3o do programa, as encomendas vinham ao pa\u00eds sem a presta\u00e7\u00e3o de informa\u00e7\u00f5es pr\u00e9vias. Isso obrigava a Receita a fazer uma verifica\u00e7\u00e3o aduaneira<strong>&nbsp;ap\u00f3s o produto chegar no Brasil&nbsp;<\/strong>\u2014 o que poderia aumentar o tempo de espera do consumidor.<\/p>\n\n\n\n<p>Essa verifica\u00e7\u00e3o consistia, por exemplo, na verifica\u00e7\u00e3o da documenta\u00e7\u00e3o, se os impostos foram pagos ou at\u00e9 na fiscaliza\u00e7\u00e3o f\u00edsica do produto.<\/p>\n\n\n\n<p>Agora, o tempo de entrega \u00e9 menor porque a&nbsp;<a class=\"\" href=\"https:\/\/g1.globo.com\/tudo-sobre\/receita-federal\/\">Receita Federal<\/a>&nbsp;recebe as informa\u00e7\u00f5es sobre os produtos&nbsp;<strong>antes mesmo de chegarem no Brasil.<\/strong><\/p>\n\n\n\n<p>Ap\u00f3s a carga desembarcar, o Fisco s\u00f3 faz uma gest\u00e3o de risco (escaneamento dos produtos) para liber\u00e1-los aos compradores \u2014 nas palavras dos&nbsp;<a class=\"\" href=\"https:\/\/g1.globo.com\/tudo-sobre\/correios\/\">Correios<\/a>, &#8220;os itens j\u00e1 chegam prontos para serem enviados aos destinat\u00e1rios&#8221;.<\/p>\n\n\n\n<p>A antecipa\u00e7\u00e3o de informa\u00e7\u00f5es \u00e0 Receita Federal \u00e9 uma das exig\u00eancias do governo para as empresas que aderirem ao Remessa Conforme.<\/p>\n\n\n\n<p>A medida, que passou a valer em 1\u00ba de agosto, tamb\u00e9m trata sobre a&nbsp;<a class=\"\" href=\"https:\/\/g1.globo.com\/economia\/noticia\/2023\/06\/30\/governo-taxara-compras-internacionais-de-ate-us-50-feitas-em-sites-de-empresas-que-nao-pagam-impostos.ghtml\">isen\u00e7\u00e3o da cobran\u00e7a do imposto de importa\u00e7\u00e3o sobre compras de at\u00e9 US$ 50<\/a>&nbsp;\u2014 acima deste valor, o imposto de importa\u00e7\u00e3o \u00e9 de 60% sobre o valor do produto.<\/p>\n\n\n\n<p>Vale destacar que o recolhimento do Imposto sobre a Circula\u00e7\u00e3o de Mercadorias e Servi\u00e7os (ICMS), cobrado em compras feitas em plataformas online de varejistas internacionais, passou a ser de\u00a0<a class=\"\" href=\"https:\/\/g1.globo.com\/economia\/noticia\/2023\/06\/02\/estados-definem-aliquota-de-17percent-de-icms-para-compras-de-varejistas-internacionais.ghtml\">17% para todo o pa\u00eds<\/a>.<\/p>\n\n\n\n<p>O&nbsp;<a class=\"\" href=\"https:\/\/g1.globo.com\/\"><strong>g1<\/strong><\/a>&nbsp;entrou em contato com a Receita Federal para saber quantas entregas tiveram seu tempo otimizado, se houve aumento na quantidade de produtos importados para o Brasil e quanto o tempo de entrega diminuiu, mas n\u00e3o teve retorno at\u00e9 a publica\u00e7\u00e3o desta mat\u00e9ria.<\/p>\n\n\n\n<p>Os Correios, por sua vez, n\u00e3o informaram o volume de encomendas internacionais transportado desde o in\u00edcio do programa do governo.<\/p>\n\n\n\n<h2 class=\"wp-block-heading\">Empresas com o aval do programa<\/h2>\n\n\n\n<p>Entre os dias 23 e 25 de setembro, o Aeroporto Internacional de Guarulhos (SP) recebeu as primeiras remessas de produtos da Shein, com o aval do Remessa Conforme.<\/p>\n\n\n\n<p>Ao todo, 200 toneladas foram levadas aos Correios para o controle aduaneiro das cargas, feito pelo Fisco. A expectativa da empresa \u00e9 que essa log\u00edstica do novo programa \u2014 que permite uma fiscaliza\u00e7\u00e3o mais \u00e1gil por parte da Receita \u2014 \u201cpermita que objetos cheguem mais r\u00e1pido para o cliente final\u201d.<\/p>\n\n\n\n<blockquote class=\"wp-block-quote is-layout-flow wp-block-quote-is-layout-flow\">\n<p>\u201cEssas remessas (agora) s\u00e3o entregues com mais velocidade, com redu\u00e7\u00e3o dos custos relativos \u00e0s atividades de deslocamento e armazenamento, de forma a proporcionar (tamb\u00e9m) ganhos relevantes para os operadores log\u00edsticos&#8221;, informou o governo.<\/p>\n<\/blockquote>\n\n\n\n<p>A lista de empresas que com certifica\u00e7\u00e3o conclu\u00edda no Remessa Conforme j\u00e1&nbsp;conta com mais de 40 nomes.&nbsp;<strong>Entre eles, est\u00e3o:<\/strong><\/p>\n\n\n\n<ul class=\"wp-block-list\">\n<li>E-commerce Sinerlog, foi o primeiro a entrar, em 22 de agosto;<\/li>\n\n\n\n<li>Alibaba, para compras no site AliExpress, em 30 de agosto;<\/li>\n\n\n\n<li><a class=\"\" href=\"https:\/\/g1.globo.com\/economia\/noticia\/2023\/09\/14\/shein-receita.ghtml\">Shein, em 14 de setembro<\/a>;<\/li>\n\n\n\n<li><a class=\"\" href=\"https:\/\/g1.globo.com\/economia\/noticia\/2023\/09\/22\/shopee-entra-em-programa-da-receita-para-isencao-de-imposto-de-importacao-em-compras-de-ate-us-50.ghtml\">Shopee, em 22 de setembro<\/a><\/li>\n<\/ul>\n\n\n\n<p>Para ter a isen\u00e7\u00e3o, as empresas precisam aderir voluntariamente ao programa do governo.<\/p>\n\n\n\n<p>Segundo o \u00faltimo levantamento do Fisco, realizado em 14 de setembro, as empresas&nbsp;<a class=\"\" href=\"https:\/\/g1.globo.com\/economia\/noticia\/2023\/09\/14\/com-entrada-da-shein-programa-reune-67percent-do-volume-de-remessas-enviadas-ao-pais-diz-receita.ghtml\">j\u00e1 habilitadas no programa representam cerca de 67% do total de remessas enviadas ao Brasil de janeiro a julho de 2023<\/a>&nbsp;\u2014 o levantamento desconsiderou a Shopee, que n\u00e3o havia aderido at\u00e9 ent\u00e3o.<\/p>\n\n\n\n<p>No per\u00edodo, as remessas enviadas ao pa\u00eds totalizaram cerca de 123 milh\u00f5es de volumes. Desse total, cerca de 83 milh\u00f5es chegaram via transportadoras que prestam servi\u00e7os \u00e0s empresas j\u00e1 certificadas.<\/p>\n\n\n\n<h2 class=\"wp-block-heading\">Problema para as varejistas<\/h2>\n\n\n\n<p>Com o aumento no interesse dos consumidores por produtos internacionais, no entanto, as medidas do governo acenderam um alerta para as varejistas brasileiras, que podem acabar sentindo no volume de vendas e no faturamento essa prefer\u00eancia por produtos vindos do exterior.<\/p>\n\n\n\n<p>Mesmo antes do programa do governo, essas empresas j\u00e1 faziam ressalvas em rela\u00e7\u00e3o \u00e0 concorr\u00eancia com os sites internacionais, afirmando que essas companhias praticavam competi\u00e7\u00e3o desleal \u2014 j\u00e1 que n\u00e3o pagavam os mesmos impostos e custos trabalhistas \u2014 e que, por isso, conseguiam oferecer pre\u00e7os mais baixos.<\/p>\n\n\n\n<p>Al\u00e9m disso, as empresas brasileiras ainda acusavam as concorrentes do exterior de<a class=\"\" href=\"https:\/\/g1.globo.com\/economia\/noticia\/2023\/03\/28\/por-que-varejistas-criticam-shein-shopee-e-aliexpress-por-contrabando-digital-no-brasil.ghtml\">&nbsp;praticar \u201ccontrabando digital\u201d e evas\u00e3o fiscal<\/a>, ao supostamente se aproveitarem de brechas nas regras e fraudarem vendas para evitar a cobran\u00e7a do imposto de importa\u00e7\u00e3o.<\/p>\n\n\n\n<p>\u00c0 \u00e9poca, as empresas internacionais afirmaram \u00e0 BBC que n\u00e3o est\u00e3o fazendo nada de errado e que cumpriam as normas.<\/p>\n\n\n\n<p>Com a nova regra de impostos, Eduardo Terra, presidente da Sociedade Brasileira de Varejo e Consumo (SBVC), disse que os pr\u00f3ximos meses ser\u00e3o importantes para entender como ficar\u00e1 a competitividade entre o mercado nacional e o internacional.<\/p>\n\n\n\n<blockquote class=\"wp-block-quote is-layout-flow wp-block-quote-is-layout-flow\">\n<p>&#8220;Como a medida [do governo] \u00e9 super nova, n\u00e3o d\u00e1 para saber se o impacto no mercado nacional ser\u00e1 positivo, negativo ou neutro&#8221;, afirmou, acrescentando que acredita que as novas regras podem deixar os consumidores mais seguros em comprar de lojas internacionais.<\/p>\n<\/blockquote>\n\n\n\n<p>O<a class=\"\" href=\"https:\/\/g1.globo.com\/\"><strong>&nbsp;g1<\/strong><\/a>&nbsp;procurou as principais varejistas do mercado para saber se j\u00e1 houve algum impacto no neg\u00f3cio com o Remessa Conforme, por\u00e9m, n\u00e3o obteve retorno at\u00e9 a publica\u00e7\u00e3o desta mat\u00e9ria.<\/p>\n","protected":false},"excerpt":{"rendered":"<p>O governo lan\u00e7ou h\u00e1 cerca de dois meses o Remessa Conforme, programa que trouxe\u00a0novas regras para a tributa\u00e7\u00e3o de compras internacionais. Desde ent\u00e3o, clientes relatam que\u00a0a medida reduziu o tempo de entrega dessas encomendas \u2014 o que tem incentivado a aquisi\u00e7\u00e3o de produtos vindos do exterior. Uma das pessoas que sentiu o impacto no tempo [&hellip;]<\/p>\n","protected":false},"author":2,"featured_media":1538,"comment_status":"open","ping_status":"open","sticky":false,"template":"","format":"standard","meta":{"_jetpack_memberships_contains_paid_content":false,"footnotes":""},"categories":[19],"tags":[],"class_list":["post-1536","post","type-post","status-publish","format-standard","has-post-thumbnail","hentry","category-economia"],"aioseo_notices":[],"jetpack_featured_media_url":"https:\/\/i0.wp.com\/minutobahia24h.com.br\/wp-content\/uploads\/2023\/10\/Sem-titulo-4.jpg?fit=984%2C592&ssl=1","jetpack_sharing_enabled":true,"_links":{"self":[{"href":"https:\/\/minutobahia24h.com.br\/index.php?rest_route=\/wp\/v2\/posts\/1536","targetHints":{"allow":["GET"]}}],"collection":[{"href":"https:\/\/minutobahia24h.com.br\/index.php?rest_route=\/wp\/v2\/posts"}],"about":[{"href":"https:\/\/minutobahia24h.com.br\/index.php?rest_route=\/wp\/v2\/types\/post"}],"author":[{"embeddable":true,"href":"https:\/\/minutobahia24h.com.br\/index.php?rest_route=\/wp\/v2\/users\/2"}],"replies":[{"embeddable":true,"href":"https:\/\/minutobahia24h.com.br\/index.php?rest_route=%2Fwp%2Fv2%2Fcomments&post=1536"}],"version-history":[{"count":1,"href":"https:\/\/minutobahia24h.com.br\/index.php?rest_route=\/wp\/v2\/posts\/1536\/revisions"}],"predecessor-version":[{"id":1539,"href":"https:\/\/minutobahia24h.com.br\/index.php?rest_route=\/wp\/v2\/posts\/1536\/revisions\/1539"}],"wp:featuredmedia":[{"embeddable":true,"href":"https:\/\/minutobahia24h.com.br\/index.php?rest_route=\/wp\/v2\/media\/1538"}],"wp:attachment":[{"href":"https:\/\/minutobahia24h.com.br\/index.php?rest_route=%2Fwp%2Fv2%2Fmedia&parent=1536"}],"wp:term":[{"taxonomy":"category","embeddable":true,"href":"https:\/\/minutobahia24h.com.br\/index.php?rest_route=%2Fwp%2Fv2%2Fcategories&post=1536"},{"taxonomy":"post_tag","embeddable":true,"href":"https:\/\/minutobahia24h.com.br\/index.php?rest_route=%2Fwp%2Fv2%2Ftags&post=1536"}],"curies":[{"name":"wp","href":"https:\/\/api.w.org\/{rel}","templated":true}]}}