{"id":15302,"date":"2024-07-31T07:20:33","date_gmt":"2024-07-31T10:20:33","guid":{"rendered":"https:\/\/minutobahia24h.com.br\/?p=15302"},"modified":"2024-07-31T07:20:34","modified_gmt":"2024-07-31T10:20:34","slug":"protestos-na-venezuela-as-estatuas-de-hugo-chavez-derrubadas-em-bastioes-do-chavismo","status":"publish","type":"post","link":"https:\/\/minutobahia24h.com.br\/?p=15302","title":{"rendered":"Protestos na Venezuela: as est\u00e1tuas de Hugo Ch\u00e1vez derrubadas em basti\u00f5es do chavismo"},"content":{"rendered":"<div class=\"wp-block-image\">\n<figure class=\"aligncenter size-full\"><img data-recalc-dims=\"1\" fetchpriority=\"high\" decoding=\"async\" width=\"800\" height=\"452\" src=\"https:\/\/i0.wp.com\/minutobahia24h.com.br\/wp-content\/uploads\/2024\/07\/Sem-titulo-350.jpg?resize=800%2C452&#038;ssl=1\" alt=\"\" class=\"wp-image-15303\" srcset=\"https:\/\/i0.wp.com\/minutobahia24h.com.br\/wp-content\/uploads\/2024\/07\/Sem-titulo-350.jpg?w=976&amp;ssl=1 976w, https:\/\/i0.wp.com\/minutobahia24h.com.br\/wp-content\/uploads\/2024\/07\/Sem-titulo-350.jpg?resize=300%2C170&amp;ssl=1 300w, https:\/\/i0.wp.com\/minutobahia24h.com.br\/wp-content\/uploads\/2024\/07\/Sem-titulo-350.jpg?resize=768%2C434&amp;ssl=1 768w, https:\/\/i0.wp.com\/minutobahia24h.com.br\/wp-content\/uploads\/2024\/07\/Sem-titulo-350.jpg?resize=750%2C424&amp;ssl=1 750w\" sizes=\"(max-width: 800px) 100vw, 800px\" \/><figcaption class=\"wp-element-caption\">Hugo Ch\u00e1vez governou a Venezuela de 1999 at\u00e9 sua morte, em 2013 \u2014 Foto: Getty Images\/Via BBC<br><br><\/figcaption><\/figure>\n<\/div>\n\n\n<p>As est\u00e1tuas de&nbsp;<a class=\"\" href=\"https:\/\/g1.globo.com\/tudo-sobre\/hugo-chavez\/\">Hugo Ch\u00e1vez<\/a>, na&nbsp;<a class=\"\" href=\"https:\/\/www.bbc.com\/portuguese\/topics\/c6vzyvr66w4t?xtor=AL-73-%5Bpartner%5D-%5Bg1%5D-%5Blink%5D-%5Bbrazil%5D-%5Bbizdev%5D-%5Bisapi%5D\" target=\"_blank\" rel=\"noreferrer noopener\">Venezuela<\/a>, t\u00eam sido alvo da agita\u00e7\u00e3o causada pelo an\u00fancio do Conselho Nacional Eleitoral da Venezuela (CNE) de que o presidente&nbsp;<a class=\"\" href=\"https:\/\/g1.globo.com\/tudo-sobre\/nicolas-maduro\/\">Nicol\u00e1s Maduro<\/a>&nbsp;teria vencido novamente as elei\u00e7\u00f5es no pa\u00eds. A oposi\u00e7\u00e3o acusa o governo de manipular os resultados.<\/p>\n\n\n\n<p>Na segunda-feira (29), foram registrados 187 protestos em 20 dos 23 estados, segundo a organiza\u00e7\u00e3o Observat\u00f3rio Venezuelano de Conflitos Sociais.<\/p>\n\n\n\n<p>Em meio aos protestos, foram derrubadas cinco est\u00e1tuas em homenagem a&nbsp;<a class=\"\" href=\"https:\/\/g1.globo.com\/tudo-sobre\/hugo-chavez\/\">Hugo Ch\u00e1vez<\/a>, que governou o pa\u00eds de 1999 at\u00e9 sua morte, em mar\u00e7o de 2013.<\/p>\n\n\n\n<p>A violenta repress\u00e3o das autoridades aos protestos deixou v\u00e1rios mortos, embora as informa\u00e7\u00f5es neste momento sejam confusas em rela\u00e7\u00e3o aos n\u00fameros.<\/p>\n\n\n\n<p>Segundo a ONG Foro Penal, pelo menos 6 pessoas perderam a vida (1 em Aragua, 1 em T\u00e1chira, 2 em Yaracuy e 2 em Zulia), enquanto a organiza\u00e7\u00e3o National Hospital Survey registrou 3 mortes, 2 em Maracay e uma em Caracas. H\u00e1 tamb\u00e9m dezenas de feridos.<\/p>\n\n\n\n<p>Segundo relatos da m\u00eddia local e o que pode ser visto em v\u00eddeos divulgados nas redes sociais, as est\u00e1tuas destru\u00eddas estavam em cinco estados: Aragua, Carabobo, Falc\u00f3n, Gu\u00e1rico e La Guaira.<\/p>\n\n\n\n<p>Esta n\u00e3o \u00e9 a primeira vez que monumentos em homenagem ao l\u00edder da chamada Revolu\u00e7\u00e3o Bolivariana foram destru\u00eddos. Algo semelhante aconteceu em 2017 e 2019. Por\u00e9m, o que chama a aten\u00e7\u00e3o nesta ocasi\u00e3o \u00e9 a quantidade de est\u00e1tuas atacadas e o curto per\u00edodo de tempo em que isso ocorreu.<\/p>\n\n\n\n<p>Por\u00e9m, h\u00e1 quem observe outra diferen\u00e7a: quem realizou a derrubada.<\/p>\n\n\n\n<p>&#8220;Maduro conseguiu, com a sua conduta e comportamento antipopular, garantir que as pessoas que tanto amavam Ch\u00e1vez sejam hoje aquelas que derrubam as suas est\u00e1tuas e saem para protestar contra a sua suposta reelei\u00e7\u00e3o&#8221;, disse um alto funcion\u00e1rio do governo \u00e0 BBC News Mundo.<\/p>\n\n\n\n<p>V\u00e1rias das regi\u00f5es onde foram registrados ataques a monumentos eram consideradas basti\u00f5es eleitorais do chavismo at\u00e9 pouco tempo atr\u00e1s.<\/p>\n\n\n\n<p>Por exemplo, no Estado costeiro de La Guaira, localizado a apenas 30 km a norte de Caracas, todos os governadores s\u00e3o do partido do governo desde 1998. Algo semelhante aconteceu em Falc\u00f3n, que fica cerca de 445 km a noroeste da capital venezuelana.<\/p>\n\n\n<div class=\"wp-block-image\">\n<figure class=\"aligncenter\"><img data-recalc-dims=\"1\" decoding=\"async\" src=\"https:\/\/i0.wp.com\/s2-g1.glbimg.com\/h6oHn97ieINcmfZSsQ04LxHR7Ho%3D\/0x0%3A549x308\/984x0\/smart\/filters%3Astrip_icc%28%29\/i.s3.glbimg.com\/v1\/AUTH_59edd422c0c84a879bd37670ae4f538a\/internal_photos\/bs\/2024\/7\/8\/zv7Dh0TqCUz2GeJ9HW3Q\/chavez-2.webp?w=800&#038;ssl=1\" alt=\"V\u00eddeos mostram manifestantes destruindo est\u00e1tuas \u2014 Foto: Reprodu\u00e7\u00e3o\/Via BBC\"\/><\/figure>\n<\/div>\n\n\n<p>V\u00eddeos mostram manifestantes destruindo est\u00e1tuas \u2014 Foto: Reprodu\u00e7\u00e3o\/Via BBC<\/p>\n\n\n\n<h2 class=\"wp-block-heading\">Erro estrat\u00e9gico<\/h2>\n\n\n\n<p>A demoli\u00e7\u00e3o das est\u00e1tuas n\u00e3o parece ter sido ordenada por nenhum setor da oposi\u00e7\u00e3o, mas sim o resultado da desordem e insatisfa\u00e7\u00e3o popular durante as manifesta\u00e7\u00f5es.<\/p>\n\n\n\n<p>Por\u00e9m, h\u00e1 quem acredite que essas a\u00e7\u00f5es s\u00e3o contraproducentes aos objetivos do setor que busca tirar o chavismo do poder.<\/p>\n\n\n\n<p>&#8220;Isso tem um peso simb\u00f3lico, mas n\u00e3o traz nenhum favor aos setores democr\u00e1ticos venezuelanos&#8221;, disse a analista pol\u00edtica Carmen Beatriz Fern\u00e1ndez \u00e0 BBC News Mundo, o servi\u00e7o em espanhol da BBC.<\/p>\n\n\n\n<p>&#8220;Quando voc\u00ea v\u00ea que os dados que a oposi\u00e7\u00e3o mant\u00e9m s\u00e3o verdadeiros, voc\u00ea v\u00ea que 30% do eleitorado votou em Maduro e antes disso certamente votou em Ch\u00e1vez. Ainda um em cada tr\u00eas eleitores \u00e9 chavista e este tipo de a\u00e7\u00e3o poderia galvanizar o chavismo&#8221;, explicou a professor da Universidade de Navarra (Espanha).<\/p>\n\n\n\n<p>&#8220;As est\u00e1tuas deveriam ser derrubadas quando o regime mudar, n\u00e3o antes&#8221;, concluiu, numa clara refer\u00eancia ao que aconteceu no Iraque, ap\u00f3s a invas\u00e3o dos EUA em 2003; ou o que aconteceu ap\u00f3s o colapso da Uni\u00e3o Sovi\u00e9tica no in\u00edcio da d\u00e9cada de 1990.<\/p>\n\n\n<div class=\"wp-block-image\">\n<figure class=\"aligncenter\"><img data-recalc-dims=\"1\" decoding=\"async\" src=\"https:\/\/i0.wp.com\/s2-g1.glbimg.com\/1qMA3Rw0IYnAru4CHY3R3iAlUjE%3D\/0x0%3A800x449\/984x0\/smart\/filters%3Astrip_icc%28%29\/i.s3.glbimg.com\/v1\/AUTH_59edd422c0c84a879bd37670ae4f538a\/internal_photos\/bs\/2024\/B\/9\/nAlQPiTUicjVN1ZNPSrw\/chavez-3.webp?w=800&#038;ssl=1\" alt=\"Ao menos 5 est\u00e1tuas foram derrubadas \u2014 Foto: Reuters\/Via BBC\"\/><\/figure>\n<\/div>\n\n\n<p>Ao menos 5 est\u00e1tuas foram derrubadas \u2014 Foto: Reuters\/Via BBC<\/p>\n\n\n\n<h2 class=\"wp-block-heading\">Culto \u00e0 personalidade<\/h2>\n\n\n\n<p>Monumentos a Ch\u00e1vez come\u00e7aram a ser erguidos em diferentes \u00e1reas da Venezuela depois que ele morreu, em 5 de mar\u00e7o de 2013, em consequ\u00eancia do c\u00e2ncer detectado em meados de 2011.<\/p>\n\n\n\n<p>As est\u00e1tuas foram seguidas de batizados de escolas, hospitais, est\u00e1dios e outras obras p\u00fablicas. Tudo isso apesar de o l\u00edder ter sido publicamente contra esse tipo de a\u00e7\u00e3o quando era vivo.<\/p>\n\n\n\n<p>&#8220;Pe\u00e7o-lhe que n\u00e3o coloque meu nome em nada&#8221;, pediu Ch\u00e1vez em 3 de agosto de 2008, durante seu programa &#8220;Al\u00f4, Presidente&#8221;.<\/p>\n\n\n<div class=\"wp-block-image\">\n<figure class=\"aligncenter\"><img data-recalc-dims=\"1\" decoding=\"async\" src=\"https:\/\/i0.wp.com\/s2-g1.glbimg.com\/YWPD3_SS6G4_Ko9yzKE21_uMpYQ%3D\/0x0%3A800x542\/984x0\/smart\/filters%3Astrip_icc%28%29\/i.s3.glbimg.com\/v1\/AUTH_59edd422c0c84a879bd37670ae4f538a\/internal_photos\/bs\/2024\/2\/G\/D2K0IaSHAHP6cyaPT1Fw\/chavez-4.webp?w=800&#038;ssl=1\" alt=\"Protestos aconteceram no pa\u00eds todo \u2014 Foto: Getty Images\/Via BBC\"\/><\/figure>\n<\/div>\n\n\n<p>Protestos aconteceram no pa\u00eds todo \u2014 Foto: Getty Images\/Via BBC<\/p>\n\n\n\n<p>&#8220;N\u00e3o, n\u00e3o, n\u00e3o. Nada de Rua&nbsp;<a class=\"\" href=\"https:\/\/g1.globo.com\/tudo-sobre\/hugo-chavez\/\">Hugo Ch\u00e1vez<\/a>, nada de Ponte&nbsp;<a class=\"\" href=\"https:\/\/g1.globo.com\/tudo-sobre\/hugo-chavez\/\">Hugo Ch\u00e1vez<\/a>. N\u00e3o, pelo amor de Deus, isso traz azar. Devemos nomear (essas estruturas) com os nomes dos her\u00f3is (da Independ\u00eancia)&#8221;, acrescentou o ent\u00e3o presidente venezuelano.<\/p>\n\n\n\n<p>No entanto, os especialistas consideram que as palavras do falecido presidente n\u00e3o estavam em sintonia com as suas a\u00e7\u00f5es, j\u00e1 que ao longo dos seus quase 14 anos no poder incentivou e permitiu que surgisse um culto \u00e0 sua personalidade.<\/p>\n\n\n\n<p>Uma das maneiras pelas quais exaltou sua imagem foi por meio de suas constantes apari\u00e7\u00f5es no r\u00e1dio e na televis\u00e3o.<\/p>\n\n\n\n<p>&#8220;Desde que Ch\u00e1vez chegou ao (pal\u00e1cio presidencial de) Miraflores, os canais atingiram um n\u00edvel de frequ\u00eancia incomum. Eles foram usados \u200b\u200bcomo uma forma de invadir os lares venezuelanos e alimentar o culto \u00e0 personalidade do l\u00edder&#8221;, escreveu o cientista pol\u00edtico Trino M\u00e1rquez em um artigo.<\/p>\n","protected":false},"excerpt":{"rendered":"<p>As est\u00e1tuas de&nbsp;Hugo Ch\u00e1vez, na&nbsp;Venezuela, t\u00eam sido alvo da agita\u00e7\u00e3o causada pelo an\u00fancio do Conselho Nacional Eleitoral da Venezuela (CNE) de que o presidente&nbsp;Nicol\u00e1s Maduro&nbsp;teria vencido novamente as elei\u00e7\u00f5es no pa\u00eds. A oposi\u00e7\u00e3o acusa o governo de manipular os resultados. Na segunda-feira (29), foram registrados 187 protestos em 20 dos 23 estados, segundo a organiza\u00e7\u00e3o [&hellip;]<\/p>\n","protected":false},"author":2,"featured_media":15303,"comment_status":"open","ping_status":"open","sticky":false,"template":"","format":"standard","meta":{"_jetpack_memberships_contains_paid_content":false,"footnotes":""},"categories":[15],"tags":[],"class_list":["post-15302","post","type-post","status-publish","format-standard","has-post-thumbnail","hentry","category-mundo"],"aioseo_notices":[],"jetpack_featured_media_url":"https:\/\/i0.wp.com\/minutobahia24h.com.br\/wp-content\/uploads\/2024\/07\/Sem-titulo-350.jpg?fit=976%2C552&ssl=1","jetpack_sharing_enabled":true,"_links":{"self":[{"href":"https:\/\/minutobahia24h.com.br\/index.php?rest_route=\/wp\/v2\/posts\/15302","targetHints":{"allow":["GET"]}}],"collection":[{"href":"https:\/\/minutobahia24h.com.br\/index.php?rest_route=\/wp\/v2\/posts"}],"about":[{"href":"https:\/\/minutobahia24h.com.br\/index.php?rest_route=\/wp\/v2\/types\/post"}],"author":[{"embeddable":true,"href":"https:\/\/minutobahia24h.com.br\/index.php?rest_route=\/wp\/v2\/users\/2"}],"replies":[{"embeddable":true,"href":"https:\/\/minutobahia24h.com.br\/index.php?rest_route=%2Fwp%2Fv2%2Fcomments&post=15302"}],"version-history":[{"count":1,"href":"https:\/\/minutobahia24h.com.br\/index.php?rest_route=\/wp\/v2\/posts\/15302\/revisions"}],"predecessor-version":[{"id":15304,"href":"https:\/\/minutobahia24h.com.br\/index.php?rest_route=\/wp\/v2\/posts\/15302\/revisions\/15304"}],"wp:featuredmedia":[{"embeddable":true,"href":"https:\/\/minutobahia24h.com.br\/index.php?rest_route=\/wp\/v2\/media\/15303"}],"wp:attachment":[{"href":"https:\/\/minutobahia24h.com.br\/index.php?rest_route=%2Fwp%2Fv2%2Fmedia&parent=15302"}],"wp:term":[{"taxonomy":"category","embeddable":true,"href":"https:\/\/minutobahia24h.com.br\/index.php?rest_route=%2Fwp%2Fv2%2Fcategories&post=15302"},{"taxonomy":"post_tag","embeddable":true,"href":"https:\/\/minutobahia24h.com.br\/index.php?rest_route=%2Fwp%2Fv2%2Ftags&post=15302"}],"curies":[{"name":"wp","href":"https:\/\/api.w.org\/{rel}","templated":true}]}}