{"id":15264,"date":"2024-07-30T15:34:10","date_gmt":"2024-07-30T18:34:10","guid":{"rendered":"https:\/\/minutobahia24h.com.br\/?p=15264"},"modified":"2024-07-30T15:34:12","modified_gmt":"2024-07-30T18:34:12","slug":"28a-dires-informa-sobre-suspensao-de-atendimento-no-inicio-de-agosto","status":"publish","type":"post","link":"https:\/\/minutobahia24h.com.br\/?p=15264","title":{"rendered":"28\u00aa DIRES informa sobre suspens\u00e3o de atendimento no in\u00edcio de agosto"},"content":{"rendered":"<div class=\"wp-block-image\">\n<figure class=\"aligncenter size-full\"><img data-recalc-dims=\"1\" fetchpriority=\"high\" decoding=\"async\" width=\"407\" height=\"639\" src=\"https:\/\/i0.wp.com\/minutobahia24h.com.br\/wp-content\/uploads\/2024\/07\/Sem-titulo-338.jpg?resize=407%2C639&#038;ssl=1\" alt=\"\" class=\"wp-image-15265\" srcset=\"https:\/\/i0.wp.com\/minutobahia24h.com.br\/wp-content\/uploads\/2024\/07\/Sem-titulo-338.jpg?w=407&amp;ssl=1 407w, https:\/\/i0.wp.com\/minutobahia24h.com.br\/wp-content\/uploads\/2024\/07\/Sem-titulo-338.jpg?resize=191%2C300&amp;ssl=1 191w\" sizes=\"(max-width: 407px) 100vw, 407px\" \/><\/figure>\n<\/div>\n\n\n<p>A 28\u00aa DIRES \u2013 Diretoria Regional de Sa\u00fade, est\u00e1 informando aos usu\u00e1rios dos servi\u00e7os, que a Farm\u00e1cia da Base Regional de Sa\u00fade de Senhor do Bonfim ter\u00e1 seu atendimento ao p\u00fabico suspenso no per\u00edodo de 1 e 2 de agosto, por motivo interno de invent\u00e1rio. As atividades normais retornar\u00e3o na pr\u00f3xima segunda-feira, 05 de agosto.<\/p>\n\n\n\n<p>Blog do Netto Maravilha&nbsp;<\/p>\n\n\n\n<p><\/p>\n","protected":false},"excerpt":{"rendered":"<p>A 28\u00aa DIRES \u2013 Diretoria Regional de Sa\u00fade, est\u00e1 informando aos usu\u00e1rios dos servi\u00e7os, que a Farm\u00e1cia da Base Regional de Sa\u00fade de Senhor do Bonfim ter\u00e1 seu atendimento ao p\u00fabico suspenso no per\u00edodo de 1 e 2 de agosto, por motivo interno de invent\u00e1rio. As atividades normais retornar\u00e3o na pr\u00f3xima segunda-feira, 05 de agosto. [&hellip;]<\/p>\n","protected":false},"author":2,"featured_media":15265,"comment_status":"open","ping_status":"open","sticky":false,"template":"","format":"standard","meta":{"_jetpack_memberships_contains_paid_content":false,"footnotes":""},"categories":[17],"tags":[],"class_list":["post-15264","post","type-post","status-publish","format-standard","has-post-thumbnail","hentry","category-senhor-do-bonfim"],"aioseo_notices":[],"jetpack_featured_media_url":"https:\/\/i0.wp.com\/minutobahia24h.com.br\/wp-content\/uploads\/2024\/07\/Sem-titulo-338.jpg?fit=407%2C639&ssl=1","jetpack_sharing_enabled":true,"_links":{"self":[{"href":"https:\/\/minutobahia24h.com.br\/index.php?rest_route=\/wp\/v2\/posts\/15264","targetHints":{"allow":["GET"]}}],"collection":[{"href":"https:\/\/minutobahia24h.com.br\/index.php?rest_route=\/wp\/v2\/posts"}],"about":[{"href":"https:\/\/minutobahia24h.com.br\/index.php?rest_route=\/wp\/v2\/types\/post"}],"author":[{"embeddable":true,"href":"https:\/\/minutobahia24h.com.br\/index.php?rest_route=\/wp\/v2\/users\/2"}],"replies":[{"embeddable":true,"href":"https:\/\/minutobahia24h.com.br\/index.php?rest_route=%2Fwp%2Fv2%2Fcomments&post=15264"}],"version-history":[{"count":1,"href":"https:\/\/minutobahia24h.com.br\/index.php?rest_route=\/wp\/v2\/posts\/15264\/revisions"}],"predecessor-version":[{"id":15266,"href":"https:\/\/minutobahia24h.com.br\/index.php?rest_route=\/wp\/v2\/posts\/15264\/revisions\/15266"}],"wp:featuredmedia":[{"embeddable":true,"href":"https:\/\/minutobahia24h.com.br\/index.php?rest_route=\/wp\/v2\/media\/15265"}],"wp:attachment":[{"href":"https:\/\/minutobahia24h.com.br\/index.php?rest_route=%2Fwp%2Fv2%2Fmedia&parent=15264"}],"wp:term":[{"taxonomy":"category","embeddable":true,"href":"https:\/\/minutobahia24h.com.br\/index.php?rest_route=%2Fwp%2Fv2%2Fcategories&post=15264"},{"taxonomy":"post_tag","embeddable":true,"href":"https:\/\/minutobahia24h.com.br\/index.php?rest_route=%2Fwp%2Fv2%2Ftags&post=15264"}],"curies":[{"name":"wp","href":"https:\/\/api.w.org\/{rel}","templated":true}]}}