{"id":1524,"date":"2023-10-02T06:38:20","date_gmt":"2023-10-02T09:38:20","guid":{"rendered":"https:\/\/minutobahia24h.com.br\/?p=1524"},"modified":"2023-10-02T06:38:22","modified_gmt":"2023-10-02T09:38:22","slug":"tst-cnpq-e-ministerio-da-defesa-inscricoes-para-tres-concursos-publicos-comecam-nesta-segunda","status":"publish","type":"post","link":"https:\/\/minutobahia24h.com.br\/?p=1524","title":{"rendered":"TST, CNPq e Minist\u00e9rio da Defesa: inscri\u00e7\u00f5es para tr\u00eas concursos p\u00fablicos come\u00e7am nesta segunda"},"content":{"rendered":"<div class=\"wp-block-image\">\n<figure class=\"aligncenter size-full\"><img data-recalc-dims=\"1\" fetchpriority=\"high\" decoding=\"async\" width=\"800\" height=\"456\" src=\"https:\/\/i0.wp.com\/minutobahia24h.com.br\/wp-content\/uploads\/2023\/10\/Sem-titulo-1.jpg?resize=800%2C456&#038;ssl=1\" alt=\"\" class=\"wp-image-1526\" srcset=\"https:\/\/i0.wp.com\/minutobahia24h.com.br\/wp-content\/uploads\/2023\/10\/Sem-titulo-1.jpg?w=984&amp;ssl=1 984w, https:\/\/i0.wp.com\/minutobahia24h.com.br\/wp-content\/uploads\/2023\/10\/Sem-titulo-1.jpg?resize=300%2C171&amp;ssl=1 300w, https:\/\/i0.wp.com\/minutobahia24h.com.br\/wp-content\/uploads\/2023\/10\/Sem-titulo-1.jpg?resize=768%2C438&amp;ssl=1 768w, https:\/\/i0.wp.com\/minutobahia24h.com.br\/wp-content\/uploads\/2023\/10\/Sem-titulo-1.jpg?resize=750%2C428&amp;ssl=1 750w\" sizes=\"(max-width: 800px) 100vw, 800px\" \/><figcaption class=\"wp-element-caption\">TST, CNPq e Minist\u00e9rio da Defesa: inscri\u00e7\u00f5es para tr\u00eas concursos p\u00fablicos come\u00e7am nesta segunda \u2014 Foto: Secretaria de Estadual de Educa\u00e7\u00e3o\/Divulga\u00e7\u00e3o<\/figcaption><\/figure>\n<\/div>\n\n\n<p>As inscri\u00e7\u00f5es para tr\u00eas concursos p\u00fablicos abrem nesta segunda-feira (2). S\u00e3o vagas para o\u00a0<a class=\"\" href=\"https:\/\/g1.globo.com\/tudo-sobre\/tst\/\">Tribunal Superior do Trabalho<\/a>\u00a0(TST),\u00a0<a class=\"\" href=\"https:\/\/g1.globo.com\/tudo-sobre\/cnpq\/\">Conselho Nacional de Desenvolvimento Cient\u00edfico e Tecnol\u00f3gico\u00a0<\/a>(CNPq) e\u00a0<a class=\"\" href=\"https:\/\/g1.globo.com\/tudo-sobre\/ministerio-da-defesa\/\">Minist\u00e9rio da Defesa<\/a>. <strong><em>Confira abaixo os detalhes de cada edital, com cargos, n\u00famero de vagas, prazos para inscri\u00e7\u00e3o e sal\u00e1rios.<\/em><\/strong><\/p>\n\n\n\n<h2 class=\"wp-block-heading\"><strong>Concurso Tribunal Superior do Trabalho (TST)<\/strong><\/h2>\n\n\n\n<p><a class=\"\" href=\"https:\/\/cdn.cebraspe.org.br\/concursos\/TST_23\/arquivos\/ED_1_2023_TST_SERVIDOR_ABERTURA.PDF\" target=\"_blank\" rel=\"noreferrer noopener\"><strong>\u27a1\ufe0f VEJA O EDITAL COMPLETO<\/strong><\/a><\/p>\n\n\n\n<p>O concurso p\u00fablico do Tribunal Superior do Trabalho (TST) vai preencher 20 cargos do seu quadro permanente de pessoal. As vagas s\u00e3o para:<\/p>\n\n\n\n<ul class=\"wp-block-list\">\n<li><strong>Analista judici\u00e1rio para as \u00e1reas de Medicina e Engenharia Mec\u00e2nica;<\/strong><\/li>\n\n\n\n<li><strong>T\u00e9cnico judici\u00e1rio da \u00e1rea de Programa\u00e7\u00e3o.<\/strong><\/li>\n<\/ul>\n\n\n\n<p>As inscri\u00e7\u00f5es ficar\u00e3o abertas at\u00e9 as 18h do dia 27 de outubro. As provas est\u00e3o marcadas para 21 de janeiro de 2024, em&nbsp;<a class=\"\" href=\"https:\/\/g1.globo.com\/df\/distrito-federal\/cidade\/brasilia\/\">Bras\u00edlia (DF)<\/a>.<\/p>\n\n\n\n<ul class=\"wp-block-list\">\n<li>Das 20 vagas, 13 ser\u00e3o para ampla concorr\u00eancia, uma para pessoa com defici\u00eancia e quatro para pessoas negras.<\/li>\n\n\n\n<li>O cadastro reserva compreender\u00e1 250 vagas: 187 para ampla concorr\u00eancia, 13 para pessoas com defici\u00eancia e 50 para pessoas negras.<\/li>\n<\/ul>\n\n\n\n<p>As inscri\u00e7\u00f5es podem ser feitas pelo site da banca examinadora respons\u00e1vel pelo processo seletivo, a&nbsp;<a class=\"\" href=\"https:\/\/www.cebraspe.org.br\/concursos\/TST_23\" target=\"_blank\" rel=\"noreferrer noopener\"><strong>Cebraspe<\/strong><\/a>.<\/p>\n\n\n\n<p><strong>\ud83d\udcb0 SAL\u00c1RIO &#8211;&nbsp;<\/strong>A remunera\u00e7\u00e3o inicial para analista judici\u00e1rio das \u00e1reas de Medicina e Engenharia Mec\u00e2nica&nbsp;\u00e9 de&nbsp;<strong>R$ 13.202,62<\/strong>&nbsp;e a taxa de inscri\u00e7\u00e3o \u00e9 de R$ 130.<\/p>\n\n\n\n<p>Para o cargo de t\u00e9cnico judici\u00e1rio especializado em Programa\u00e7\u00e3o,&nbsp;a remunera\u00e7\u00e3o inicial \u00e9 de&nbsp;<strong>R$ 8.046,84<\/strong><strong>,<\/strong>&nbsp;e o valor da inscri\u00e7\u00e3o \u00e9 de R$ 85.<\/p>\n\n\n\n<h2 class=\"wp-block-heading\"><strong>Concurso Conselho Nacional de Desenvolvimento Cient\u00edfico e Tecnol\u00f3gico (CNPq)<\/strong><\/h2>\n\n\n\n<p><a class=\"\" href=\"https:\/\/cdn.cebraspe.org.br\/concursos\/CNPQ_23\/arquivos\/ED_1_2023_CNPQ_ABERTURA.PDF\" target=\"_blank\" rel=\"noreferrer noopener\"><strong>\u27a1\ufe0f CONFIRA O EDITAL COMPLETO<\/strong><\/a><\/p>\n\n\n\n<p>O&nbsp;<a class=\"\" href=\"https:\/\/g1.globo.com\/trabalho-e-carreira\/concursos\/noticia\/2023\/06\/27\/concurso-do-cnpq-2023-o-que-se-sabe-ate-agora.ghtml\">concurso p\u00fablico do Conselho Nacional de Desenvolvimento Cient\u00edfico e Tecnol\u00f3gico (CNPq)<\/a>&nbsp;est\u00e1 com<strong>&nbsp;inscri\u00e7\u00f5es abertas para 50 vagas imediatas<\/strong>, al\u00e9m da forma\u00e7\u00e3o de um cadastro de reserva, para os cargos de analista em ci\u00eancia e tecnologia.<\/p>\n\n\n\n<p>Os sal\u00e1rios \u2014 j\u00e1 com as gratifica\u00e7\u00f5es por desempenho e titula\u00e7\u00e3o \u2014&nbsp;<strong>v\u00e3o variar&nbsp;<\/strong><strong>de R$ 7.887,57 a R$ 12.634,13<\/strong>. As&nbsp;inscri\u00e7\u00f5es poder\u00e3o ser feitas at\u00e9 23 de outubro, no site da&nbsp;<a class=\"\" href=\"https:\/\/www.cebraspe.org.br\/concursos\/CNPQ_23\" target=\"_blank\" rel=\"noreferrer noopener\">Cebraspe<\/a>. A taxa de participa\u00e7\u00e3o custa R$ 120.<\/p>\n\n\n\n<p>As provas objetivas e a prova discursiva ter\u00e3o a dura\u00e7\u00e3o de 4 horas e 30 minutos e ser\u00e3o aplicadas na data prov\u00e1vel de 14 de janeiro de 2024.<\/p>\n\n\n\n<h2 class=\"wp-block-heading\"><strong>Concurso Minist\u00e9rio da Defesa<\/strong><\/h2>\n\n\n\n<p><a class=\"\" href=\"https:\/\/www.in.gov.br\/en\/web\/dou\/-\/edital-n-1-censipam-de-19-de-setembro-de-2023-510710005\" target=\"_blank\" rel=\"noreferrer noopener\"><strong>\u27a1\ufe0f LEIA O EDITAL COMPLETO<\/strong><\/a><\/p>\n\n\n\n<p>O Centro Gestor e Operacional do Sistema de Prote\u00e7\u00e3o da Amaz\u00f4nia (Censipam), organiza\u00e7\u00e3o subordinada ao Minist\u00e9rio da Defesa,&nbsp;<a class=\"\" href=\"https:\/\/g1.globo.com\/trabalho-e-carreira\/concursos\/noticia\/2023\/09\/20\/ministerio-da-defesa-tera-concurso-no-censipam-edital-foi-publicado-com-salarios-a-partir-de-r-66-mil.ghtml\">est\u00e1 com inscri\u00e7\u00f5es abertas para concurso p\u00fablico<\/a>.&nbsp;<strong>S\u00e3o 200 vagas, sendo 50 imediatas e 150 para cadastro reserva<\/strong>.<\/p>\n\n\n\n<p>As oportunidades s\u00e3o para a carreira de analista em ci\u00eancia e tecnologia j\u00fanior, em v\u00e1rias especialidades. As vagas s\u00e3o para Bras\u00edlia (DF),&nbsp;<a class=\"\" href=\"https:\/\/g1.globo.com\/am\/amazonas\/cidade\/manaus\/\">Manaus (AM)<\/a>,&nbsp;<a class=\"\" href=\"https:\/\/g1.globo.com\/pa\/para\/cidade\/belem\/\">Bel\u00e9m (PA)<\/a>&nbsp;e&nbsp;<a class=\"\" href=\"https:\/\/g1.globo.com\/ro\/rondonia\/cidade\/porto-velho\/\">Porto Velho (RO)<\/a>.<\/p>\n\n\n\n<p><strong>O&nbsp;<\/strong><strong>sal\u00e1rio \u00e9 de R$ 6.662,68<\/strong><strong>, com jornada de trabalho de 40 horas semanais<\/strong>, al\u00e9m de aux\u00edlio-alimenta\u00e7\u00e3o. No entanto, a remunera\u00e7\u00e3o pode aumentar a depender da qualifica\u00e7\u00e3o dos candidatos.<\/p>\n\n\n\n<p>As&nbsp;inscri\u00e7\u00f5es terminam \u00e0s 22h do dia 2 de novembro. A taxa ser\u00e1 de R$ 85. O processo dever\u00e1 ser feito exclusivamente pelo site do Instituto&nbsp;<a class=\"\" href=\"https:\/\/www.iades.com.br\/\" target=\"_blank\" rel=\"noreferrer noopener\">Iades<\/a>, banca organizadora do certame.<\/p>\n\n\n\n<p>O concurso ser\u00e1 realizado em 2 fases: objetiva e discursiva. As provas v\u00e3o ocorrer no dia 19 de novembro.<\/p>\n","protected":false},"excerpt":{"rendered":"<p>As inscri\u00e7\u00f5es para tr\u00eas concursos p\u00fablicos abrem nesta segunda-feira (2). S\u00e3o vagas para o\u00a0Tribunal Superior do Trabalho\u00a0(TST),\u00a0Conselho Nacional de Desenvolvimento Cient\u00edfico e Tecnol\u00f3gico\u00a0(CNPq) e\u00a0Minist\u00e9rio da Defesa. Confira abaixo os detalhes de cada edital, com cargos, n\u00famero de vagas, prazos para inscri\u00e7\u00e3o e sal\u00e1rios. Concurso Tribunal Superior do Trabalho (TST) \u27a1\ufe0f VEJA O EDITAL COMPLETO O [&hellip;]<\/p>\n","protected":false},"author":2,"featured_media":1526,"comment_status":"open","ping_status":"open","sticky":false,"template":"","format":"standard","meta":{"_jetpack_memberships_contains_paid_content":false,"footnotes":""},"categories":[40],"tags":[],"class_list":["post-1524","post","type-post","status-publish","format-standard","has-post-thumbnail","hentry","category-concurso"],"aioseo_notices":[],"jetpack_featured_media_url":"https:\/\/i0.wp.com\/minutobahia24h.com.br\/wp-content\/uploads\/2023\/10\/Sem-titulo-1.jpg?fit=984%2C561&ssl=1","jetpack_sharing_enabled":true,"_links":{"self":[{"href":"https:\/\/minutobahia24h.com.br\/index.php?rest_route=\/wp\/v2\/posts\/1524","targetHints":{"allow":["GET"]}}],"collection":[{"href":"https:\/\/minutobahia24h.com.br\/index.php?rest_route=\/wp\/v2\/posts"}],"about":[{"href":"https:\/\/minutobahia24h.com.br\/index.php?rest_route=\/wp\/v2\/types\/post"}],"author":[{"embeddable":true,"href":"https:\/\/minutobahia24h.com.br\/index.php?rest_route=\/wp\/v2\/users\/2"}],"replies":[{"embeddable":true,"href":"https:\/\/minutobahia24h.com.br\/index.php?rest_route=%2Fwp%2Fv2%2Fcomments&post=1524"}],"version-history":[{"count":1,"href":"https:\/\/minutobahia24h.com.br\/index.php?rest_route=\/wp\/v2\/posts\/1524\/revisions"}],"predecessor-version":[{"id":1527,"href":"https:\/\/minutobahia24h.com.br\/index.php?rest_route=\/wp\/v2\/posts\/1524\/revisions\/1527"}],"wp:featuredmedia":[{"embeddable":true,"href":"https:\/\/minutobahia24h.com.br\/index.php?rest_route=\/wp\/v2\/media\/1526"}],"wp:attachment":[{"href":"https:\/\/minutobahia24h.com.br\/index.php?rest_route=%2Fwp%2Fv2%2Fmedia&parent=1524"}],"wp:term":[{"taxonomy":"category","embeddable":true,"href":"https:\/\/minutobahia24h.com.br\/index.php?rest_route=%2Fwp%2Fv2%2Fcategories&post=1524"},{"taxonomy":"post_tag","embeddable":true,"href":"https:\/\/minutobahia24h.com.br\/index.php?rest_route=%2Fwp%2Fv2%2Ftags&post=1524"}],"curies":[{"name":"wp","href":"https:\/\/api.w.org\/{rel}","templated":true}]}}