{"id":15224,"date":"2024-07-30T07:03:39","date_gmt":"2024-07-30T10:03:39","guid":{"rendered":"https:\/\/minutobahia24h.com.br\/?p=15224"},"modified":"2024-07-30T07:03:40","modified_gmt":"2024-07-30T10:03:40","slug":"jacobina-morre-motociclista-vitima-de-colisao-entre-motos-no-bairro-da-catuaba","status":"publish","type":"post","link":"https:\/\/minutobahia24h.com.br\/?p=15224","title":{"rendered":"Jacobina: Morre motociclista v\u00edtima de colis\u00e3o entre motos no bairro da Catuaba"},"content":{"rendered":"<div class=\"wp-block-image\">\n<figure class=\"aligncenter size-full\"><img data-recalc-dims=\"1\" fetchpriority=\"high\" decoding=\"async\" width=\"523\" height=\"255\" src=\"https:\/\/i0.wp.com\/minutobahia24h.com.br\/wp-content\/uploads\/2024\/07\/Sem-titulo-327.jpg?resize=523%2C255&#038;ssl=1\" alt=\"\" class=\"wp-image-15225\" srcset=\"https:\/\/i0.wp.com\/minutobahia24h.com.br\/wp-content\/uploads\/2024\/07\/Sem-titulo-327.jpg?w=523&amp;ssl=1 523w, https:\/\/i0.wp.com\/minutobahia24h.com.br\/wp-content\/uploads\/2024\/07\/Sem-titulo-327.jpg?resize=300%2C146&amp;ssl=1 300w\" sizes=\"(max-width: 523px) 100vw, 523px\" \/><\/figure>\n<\/div>\n\n\n<p>Morreu na madrugada desta segunda-feira, 29\/7, Adelmo de Assun\u00e7\u00e3o Rocha, o motociclista v\u00edtima de uma colis\u00e3o entre duas motos no bairro da Catuaba em Jacobina. O acidente aconteceu no dia 28 de maio no trecho urbano da BA 131 pr\u00f3ximo a c\u00e2mera de monitoramento da rodovia instalada no bairro.<\/p>\n\n\n\n<p>Informa\u00e7\u00f5es posteriores deram conta de que Adelmo estava levando uma passageira para realizar compras no supermercado quando o acidente aconteceu. Ele era moto taxista e trabalhava na Moto L\u00edder.<\/p>\n\n\n\n<p>Abahiaacontece<\/p>\n","protected":false},"excerpt":{"rendered":"<p>Morreu na madrugada desta segunda-feira, 29\/7, Adelmo de Assun\u00e7\u00e3o Rocha, o motociclista v\u00edtima de uma colis\u00e3o entre duas motos no bairro da Catuaba em Jacobina. O acidente aconteceu no dia 28 de maio no trecho urbano da BA 131 pr\u00f3ximo a c\u00e2mera de monitoramento da rodovia instalada no bairro. Informa\u00e7\u00f5es posteriores deram conta de que [&hellip;]<\/p>\n","protected":false},"author":2,"featured_media":15225,"comment_status":"open","ping_status":"open","sticky":false,"template":"","format":"standard","meta":{"_jetpack_memberships_contains_paid_content":false,"footnotes":""},"categories":[3],"tags":[],"class_list":["post-15224","post","type-post","status-publish","format-standard","has-post-thumbnail","hentry","category-regional"],"aioseo_notices":[],"jetpack_featured_media_url":"https:\/\/i0.wp.com\/minutobahia24h.com.br\/wp-content\/uploads\/2024\/07\/Sem-titulo-327.jpg?fit=523%2C255&ssl=1","jetpack_sharing_enabled":true,"_links":{"self":[{"href":"https:\/\/minutobahia24h.com.br\/index.php?rest_route=\/wp\/v2\/posts\/15224","targetHints":{"allow":["GET"]}}],"collection":[{"href":"https:\/\/minutobahia24h.com.br\/index.php?rest_route=\/wp\/v2\/posts"}],"about":[{"href":"https:\/\/minutobahia24h.com.br\/index.php?rest_route=\/wp\/v2\/types\/post"}],"author":[{"embeddable":true,"href":"https:\/\/minutobahia24h.com.br\/index.php?rest_route=\/wp\/v2\/users\/2"}],"replies":[{"embeddable":true,"href":"https:\/\/minutobahia24h.com.br\/index.php?rest_route=%2Fwp%2Fv2%2Fcomments&post=15224"}],"version-history":[{"count":1,"href":"https:\/\/minutobahia24h.com.br\/index.php?rest_route=\/wp\/v2\/posts\/15224\/revisions"}],"predecessor-version":[{"id":15226,"href":"https:\/\/minutobahia24h.com.br\/index.php?rest_route=\/wp\/v2\/posts\/15224\/revisions\/15226"}],"wp:featuredmedia":[{"embeddable":true,"href":"https:\/\/minutobahia24h.com.br\/index.php?rest_route=\/wp\/v2\/media\/15225"}],"wp:attachment":[{"href":"https:\/\/minutobahia24h.com.br\/index.php?rest_route=%2Fwp%2Fv2%2Fmedia&parent=15224"}],"wp:term":[{"taxonomy":"category","embeddable":true,"href":"https:\/\/minutobahia24h.com.br\/index.php?rest_route=%2Fwp%2Fv2%2Fcategories&post=15224"},{"taxonomy":"post_tag","embeddable":true,"href":"https:\/\/minutobahia24h.com.br\/index.php?rest_route=%2Fwp%2Fv2%2Ftags&post=15224"}],"curies":[{"name":"wp","href":"https:\/\/api.w.org\/{rel}","templated":true}]}}