{"id":15221,"date":"2024-07-30T07:01:29","date_gmt":"2024-07-30T10:01:29","guid":{"rendered":"https:\/\/minutobahia24h.com.br\/?p=15221"},"modified":"2024-07-30T07:01:31","modified_gmt":"2024-07-30T10:01:31","slug":"policia-civil-investiga-morte-de-funcionario-de-funeraria-encontrado-baleado-dentro-de-ambiente-de-trabalho","status":"publish","type":"post","link":"https:\/\/minutobahia24h.com.br\/?p=15221","title":{"rendered":"Pol\u00edcia Civil investiga morte de funcion\u00e1rio de funer\u00e1ria encontrado baleado dentro de ambiente de trabalho"},"content":{"rendered":"<div class=\"wp-block-image\">\n<figure class=\"aligncenter size-full\"><img data-recalc-dims=\"1\" fetchpriority=\"high\" decoding=\"async\" width=\"503\" height=\"333\" src=\"https:\/\/i0.wp.com\/minutobahia24h.com.br\/wp-content\/uploads\/2024\/07\/Sem-titulo-326.jpg?resize=503%2C333&#038;ssl=1\" alt=\"\" class=\"wp-image-15222\" srcset=\"https:\/\/i0.wp.com\/minutobahia24h.com.br\/wp-content\/uploads\/2024\/07\/Sem-titulo-326.jpg?w=503&amp;ssl=1 503w, https:\/\/i0.wp.com\/minutobahia24h.com.br\/wp-content\/uploads\/2024\/07\/Sem-titulo-326.jpg?resize=300%2C199&amp;ssl=1 300w\" sizes=\"(max-width: 503px) 100vw, 503px\" \/><\/figure>\n<\/div>\n\n\n<p>A Pol\u00edcia Civil da Delegacia Territorial de Concei\u00e7\u00e3o do Coit\u00e9 investiga a morte de um funcion\u00e1rio do PAFAC que n\u00e3o resistiu ao ferimento supostamente por disparo de arma de fogo na cabe\u00e7a e morreu no Hospital Geral Cleriston Andrade na manh\u00e3 desta segunda-feira, 29.<\/p>\n\n\n\n<p>Carlos Vitor da Silva Gomes, 27 anos, que al\u00e9m de funcion\u00e1rio da referida empresa era profissional da \u00e1rea de enfermagem foi encontrado sozinho baleado numa cama da loja localizada na Rua Euclides Am\u00e2ncio da Cunha, centro de Coit\u00e9 na noite do \u00faltimo s\u00e1bado, 27.<\/p>\n\n\n\n<p>O Servi\u00e7o de Atendimento Movel de Urg\u00eancia \u2013 SAMU foi acionado e esteve no local onde prestou os primeiros atendimentos e em seguida o encaminhou para emerg\u00eancia do Hospital Portugu\u00eas \u2013 Unidade Regional de Concei\u00e7\u00e3o do Coit\u00e9. Diante da gravidade, a equipe m\u00e9dica de plant\u00e3o solicitou a transfer\u00eancia para o Hospital Geral Cleriston Andrade em Feira de Santana onde ele foi a \u00f3bito.<a><\/a><\/p>\n\n\n\n<p>Um familiar que preferiu n\u00e3o ser identificado informou ao Portal Massap\u00ea que os m\u00e9dicos relataram que o caso de Vitor era grav\u00edssimo e a chance de sobreviv\u00eancia era m\u00ednima. A morte do jovem foi confirmada pela pr\u00f3pria m\u00e3e ao Portal.<\/p>\n\n\n\n<p>O Calila Not\u00edcias entrou em contato com a delegada Ludmila Ara\u00fajo para saber o que a Delegacia j\u00e1 pode informar sobre o caso, por\u00e9m, ela disse que solicitou as imagens de c\u00e2meras de seguran\u00e7a do local. Informa\u00e7\u00f5es extraoficiais apontam para assassinato e suic\u00eddio, por\u00e9m a arma n\u00e3o foi encontrada segundo informa\u00e7\u00e3o da pol\u00edcia militar.<\/p>\n\n\n\n<p>Calila Not\u00edcias&nbsp;<\/p>\n","protected":false},"excerpt":{"rendered":"<p>A Pol\u00edcia Civil da Delegacia Territorial de Concei\u00e7\u00e3o do Coit\u00e9 investiga a morte de um funcion\u00e1rio do PAFAC que n\u00e3o resistiu ao ferimento supostamente por disparo de arma de fogo na cabe\u00e7a e morreu no Hospital Geral Cleriston Andrade na manh\u00e3 desta segunda-feira, 29. Carlos Vitor da Silva Gomes, 27 anos, que al\u00e9m de funcion\u00e1rio [&hellip;]<\/p>\n","protected":false},"author":2,"featured_media":15222,"comment_status":"open","ping_status":"open","sticky":false,"template":"","format":"standard","meta":{"_jetpack_memberships_contains_paid_content":false,"footnotes":""},"categories":[46],"tags":[],"class_list":["post-15221","post","type-post","status-publish","format-standard","has-post-thumbnail","hentry","category-noticia"],"aioseo_notices":[],"jetpack_featured_media_url":"https:\/\/i0.wp.com\/minutobahia24h.com.br\/wp-content\/uploads\/2024\/07\/Sem-titulo-326.jpg?fit=503%2C333&ssl=1","jetpack_sharing_enabled":true,"_links":{"self":[{"href":"https:\/\/minutobahia24h.com.br\/index.php?rest_route=\/wp\/v2\/posts\/15221","targetHints":{"allow":["GET"]}}],"collection":[{"href":"https:\/\/minutobahia24h.com.br\/index.php?rest_route=\/wp\/v2\/posts"}],"about":[{"href":"https:\/\/minutobahia24h.com.br\/index.php?rest_route=\/wp\/v2\/types\/post"}],"author":[{"embeddable":true,"href":"https:\/\/minutobahia24h.com.br\/index.php?rest_route=\/wp\/v2\/users\/2"}],"replies":[{"embeddable":true,"href":"https:\/\/minutobahia24h.com.br\/index.php?rest_route=%2Fwp%2Fv2%2Fcomments&post=15221"}],"version-history":[{"count":1,"href":"https:\/\/minutobahia24h.com.br\/index.php?rest_route=\/wp\/v2\/posts\/15221\/revisions"}],"predecessor-version":[{"id":15223,"href":"https:\/\/minutobahia24h.com.br\/index.php?rest_route=\/wp\/v2\/posts\/15221\/revisions\/15223"}],"wp:featuredmedia":[{"embeddable":true,"href":"https:\/\/minutobahia24h.com.br\/index.php?rest_route=\/wp\/v2\/media\/15222"}],"wp:attachment":[{"href":"https:\/\/minutobahia24h.com.br\/index.php?rest_route=%2Fwp%2Fv2%2Fmedia&parent=15221"}],"wp:term":[{"taxonomy":"category","embeddable":true,"href":"https:\/\/minutobahia24h.com.br\/index.php?rest_route=%2Fwp%2Fv2%2Fcategories&post=15221"},{"taxonomy":"post_tag","embeddable":true,"href":"https:\/\/minutobahia24h.com.br\/index.php?rest_route=%2Fwp%2Fv2%2Ftags&post=15221"}],"curies":[{"name":"wp","href":"https:\/\/api.w.org\/{rel}","templated":true}]}}