{"id":14978,"date":"2024-07-24T07:05:08","date_gmt":"2024-07-24T10:05:08","guid":{"rendered":"https:\/\/minutobahia24h.com.br\/?p=14978"},"modified":"2024-07-24T07:05:09","modified_gmt":"2024-07-24T10:05:09","slug":"isaac-carvalho-conta-com-intervencao-de-wagner-ajuste-na-convencao-e-manobra-no-mp-para-candidatura-em-juazeiro","status":"publish","type":"post","link":"https:\/\/minutobahia24h.com.br\/?p=14978","title":{"rendered":"Isaac Carvalho conta com interven\u00e7\u00e3o de Wagner, ajuste na conven\u00e7\u00e3o e manobra no MP para candidatura em Juazeiro"},"content":{"rendered":"\n<figure class=\"wp-block-image size-large\"><img data-recalc-dims=\"1\" fetchpriority=\"high\" decoding=\"async\" width=\"800\" height=\"420\" src=\"https:\/\/i0.wp.com\/minutobahia24h.com.br\/wp-content\/uploads\/2024\/07\/Sem-titulo-267-1024x538.jpg?resize=800%2C420&#038;ssl=1\" alt=\"\" class=\"wp-image-14979\" srcset=\"https:\/\/i0.wp.com\/minutobahia24h.com.br\/wp-content\/uploads\/2024\/07\/Sem-titulo-267.jpg?resize=1024%2C538&amp;ssl=1 1024w, https:\/\/i0.wp.com\/minutobahia24h.com.br\/wp-content\/uploads\/2024\/07\/Sem-titulo-267.jpg?resize=300%2C158&amp;ssl=1 300w, https:\/\/i0.wp.com\/minutobahia24h.com.br\/wp-content\/uploads\/2024\/07\/Sem-titulo-267.jpg?resize=768%2C403&amp;ssl=1 768w, https:\/\/i0.wp.com\/minutobahia24h.com.br\/wp-content\/uploads\/2024\/07\/Sem-titulo-267.jpg?resize=750%2C394&amp;ssl=1 750w, https:\/\/i0.wp.com\/minutobahia24h.com.br\/wp-content\/uploads\/2024\/07\/Sem-titulo-267.jpg?resize=1140%2C599&amp;ssl=1 1140w, https:\/\/i0.wp.com\/minutobahia24h.com.br\/wp-content\/uploads\/2024\/07\/Sem-titulo-267.jpg?w=1200&amp;ssl=1 1200w\" sizes=\"(max-width: 800px) 100vw, 800px\" \/><\/figure>\n\n\n\n<p><a href=\"https:\/\/www.bahianoticias.com.br\/municipios\/noticia\/40429-isaac-carvalho-busca-acordo-com-mp-ba-para-manobra-que-permite-candidatura-em-juazeiro-multa-seria-milionaria\" target=\"_blank\" rel=\"noreferrer noopener\">O poss\u00edvel acordo do pr\u00e9-candidato em Juazeiro Isaac Carvalho (PT), envolvendo o Minist\u00e9rio P\u00fablico da Bahia (MP-BA)<\/a>, para a realiza\u00e7\u00e3o de uma &#8220;n\u00e3o-persecu\u00e7\u00e3o c\u00edvel&#8221; passou por algumas etapas. Informa\u00e7\u00f5es dos bastidores da negocia\u00e7\u00e3o, recebidas pelo Bahia Not\u00edcias,\u00a0apontam que Isaac tamb\u00e9m contou com o aux\u00edlio de pol\u00edticos para conseguir disputar o pleito.\u00a0<\/p>\n\n\n\n<p>Detalhes do entendimento do Minist\u00e9rio P\u00fablico sobre o caso foram obtidos pelo Bahia Not\u00edcias, sendo evidenciado que um outro caso, envolvendo outro pol\u00edtico, teria sido levando em conta. A analogia teria sido feita com um caso de Jacobina, com o pr\u00e9-candidato Luciano da Locar, que teve caso sememalhante ao de Isaac. O conselho foi acionado, indicando entendimento distinto do que o Minist\u00e9rio P\u00fablico local, sendo, ent\u00e3o, permitido o acordo.\u00a0<\/p>\n\n\n\n<p>Toda a articula\u00e7\u00e3o, segundo informa\u00e7\u00f5es obtidas pelo BN, tamb\u00e9m passou pelo senador Jaques Wagner (PT). O aux\u00edlio, por\u00e9m, tamb\u00e9m teria um v\u00ednculo com a elei\u00e7\u00e3o de 2026, j\u00e1 que o senador busca ter um representante na C\u00e2mara dos Deputados e o nome seria de Lucas Reis, atual chefe de gabinete de Wagner. O &#8220;compromisso&#8221; seria que\u00a0Isaac oferecia o apoio a Lucas na cidade de Juazeiro no pr\u00f3ximo pleito.\u00a0<\/p>\n\n\n\n<p>Para al\u00e9m disso, o pr\u00f3prio PT tamb\u00e9m estaria auxiliando Isaac. O partido estaria postergando a conven\u00e7\u00e3o partid\u00e1ria para a data limite de execu\u00e7\u00e3o. Com o prazo eleitoral chegando ao fim, o PT de Juazeiro teria ajustado o dia 5 de agosto, \u00faltimo dia para a realiza\u00e7\u00e3o do evento, como data para confirmar os nomes na disputa, incluindo a da eventual candidatura de Carvalho. Informa\u00e7\u00f5es recebidas pelo BN apontam que Isaac ainda mant\u00e9m o apoio interno na legenda.<\/p>\n\n\n\n<p>Apesar disso, especialistas ouvidos pela reportagem disseram que \u00e9 poss\u00edvel se falar na &#8220;celebra\u00e7\u00e3o do acordo de n\u00e3o-persecu\u00e7\u00e3o c\u00edvel, mas que seria muito dif\u00edcil aplic\u00e1-lo ao caso, pois o rito imposto pela legisla\u00e7\u00e3o demandaria ao menos 60 (sessenta) dias para ser cumprido&#8221;. Seria, ent\u00e3o, poss\u00edvel, a celebra\u00e7\u00e3o do acordo de n\u00e3o-persecu\u00e7\u00e3o, mas \u00e9 imposs\u00edvel que o mesmo seja celebrado em menos de 60 (sessenta) dias, se cumprido o rito adequado.\u00a0<\/p>\n\n\n\n<p><a href=\"https:\/\/www.bahianoticias.com.br\/municipios\/noticia\/40373-juazeiro-tse-confirma-que-isaac-carvalho-esta-inelegivel\" target=\"_blank\" rel=\"noreferrer noopener\">Isaac Carvalho era, at\u00e9 ent\u00e3o, o franco favorito a disputar como candidato \u00fanico da base pela Federa\u00e7\u00e3o Brasil da Esperan\u00e7a (PT, PCdoB, PV)<\/a>. O PT \u00e9 entusiasta da sua candidatura, mas dentro da Federa\u00e7\u00e3o tamb\u00e9m h\u00e1 outros nomes com pr\u00e9-candidaturas postas: os deputados estaduais Z\u00f3 do Sert\u00e3o (PCdoB) e Roberto Carlos (PV). Fora da Federa\u00e7\u00e3o, h\u00e1 ainda os pr\u00e9-candidatos Andrei da Caixa (MDB), nome considerado \u201cnovo\u201d, e Joseph Bandeira (PSB), ex-deputado federal, que tamb\u00e9m j\u00e1 foi prefeito do munic\u00edpio.\u00a0<\/p>\n\n\n\n<p><strong>GRUPO EM DEBATE<\/strong><br><a href=\"https:\/\/www.bahianoticias.com.br\/municipios\/noticia\/40389-pt-apostou-tudo-em-candidatura-de-isaac-carvalho-em-juazeiro-e-nao-discutiu-alternativas-criticam-aliados\" target=\"_blank\" rel=\"noreferrer noopener\">Internamente, h\u00e1 um clima de insatisfa\u00e7\u00e3o quanto a insist\u00eancia do PT em torno da candidatura de Isaac<\/a>&nbsp;Carvalho, cuja inelegibilidade vem sendo debatida desde o ano passado e,&nbsp;<a href=\"https:\/\/www.bahianoticias.com.br\/municipios\/noticia\/40373-juazeiro-tse-confirma-que-isaac-carvalho-esta-inelegivel\">na \u00faltima quinta-feira, foi confirmada pelo Tribunal Superior Eleitoral (TSE)<\/a>. De acordo com fontes com tr\u00e2nsito no Pal\u00e1cio de Ondina, mesmo com as candidaturas de outros nomes da Federa\u00e7\u00e3o postas, como a dos deputados estaduais Z\u00f3 (PCdoB) e Roberto Carlos (PV), o PT \u201csequer discutiu essas outras possibilidades\u201d, pois quis \u201cempurrar Isaac Carvalho goela abaixo, mesmo quando todos sabiam da sua inelegibilidade\u201d. Um aliado afirmou \u00e0 reportagem que o \u201cPT cometeu um erro ao apostar todas as fichas numa candidatura que o mundo pol\u00edtico inteiro, e tamb\u00e9m jur\u00eddico, sabia que tinha dificuldades\u201d.<\/p>\n\n\n\n<p>Um outro interlocutor pontuou que o dilema vivido em Juazeiro poderia ter sido evitado se essa solu\u00e7\u00e3o tivesse acontecido h\u00e1 meses, quando o grupo j\u00e1 vinha alertando das dificuldades jur\u00eddicas de Isaac Carvalho. \u201cA verdade \u00e9 que o PT apostou, at\u00e9 o \u00faltimo momento, numa perspectiva que n\u00f3s alertamos o tempo inteiro que n\u00e3o prevaleceria, como n\u00e3o prevaleceu\u201d, frisou.\u00a0<\/p>\n\n\n\n<p>BN<\/p>\n","protected":false},"excerpt":{"rendered":"<p>O poss\u00edvel acordo do pr\u00e9-candidato em Juazeiro Isaac Carvalho (PT), envolvendo o Minist\u00e9rio P\u00fablico da Bahia (MP-BA), para a realiza\u00e7\u00e3o de uma &#8220;n\u00e3o-persecu\u00e7\u00e3o c\u00edvel&#8221; passou por algumas etapas. Informa\u00e7\u00f5es dos bastidores da negocia\u00e7\u00e3o, recebidas pelo Bahia Not\u00edcias,\u00a0apontam que Isaac tamb\u00e9m contou com o aux\u00edlio de pol\u00edticos para conseguir disputar o pleito.\u00a0 Detalhes do entendimento do [&hellip;]<\/p>\n","protected":false},"author":2,"featured_media":14979,"comment_status":"open","ping_status":"open","sticky":false,"template":"","format":"standard","meta":{"_jetpack_memberships_contains_paid_content":false,"footnotes":""},"categories":[50],"tags":[],"class_list":["post-14978","post","type-post","status-publish","format-standard","has-post-thumbnail","hentry","category-eleicoes-2024"],"aioseo_notices":[],"jetpack_featured_media_url":"https:\/\/i0.wp.com\/minutobahia24h.com.br\/wp-content\/uploads\/2024\/07\/Sem-titulo-267.jpg?fit=1200%2C630&ssl=1","jetpack_sharing_enabled":true,"_links":{"self":[{"href":"https:\/\/minutobahia24h.com.br\/index.php?rest_route=\/wp\/v2\/posts\/14978","targetHints":{"allow":["GET"]}}],"collection":[{"href":"https:\/\/minutobahia24h.com.br\/index.php?rest_route=\/wp\/v2\/posts"}],"about":[{"href":"https:\/\/minutobahia24h.com.br\/index.php?rest_route=\/wp\/v2\/types\/post"}],"author":[{"embeddable":true,"href":"https:\/\/minutobahia24h.com.br\/index.php?rest_route=\/wp\/v2\/users\/2"}],"replies":[{"embeddable":true,"href":"https:\/\/minutobahia24h.com.br\/index.php?rest_route=%2Fwp%2Fv2%2Fcomments&post=14978"}],"version-history":[{"count":1,"href":"https:\/\/minutobahia24h.com.br\/index.php?rest_route=\/wp\/v2\/posts\/14978\/revisions"}],"predecessor-version":[{"id":14980,"href":"https:\/\/minutobahia24h.com.br\/index.php?rest_route=\/wp\/v2\/posts\/14978\/revisions\/14980"}],"wp:featuredmedia":[{"embeddable":true,"href":"https:\/\/minutobahia24h.com.br\/index.php?rest_route=\/wp\/v2\/media\/14979"}],"wp:attachment":[{"href":"https:\/\/minutobahia24h.com.br\/index.php?rest_route=%2Fwp%2Fv2%2Fmedia&parent=14978"}],"wp:term":[{"taxonomy":"category","embeddable":true,"href":"https:\/\/minutobahia24h.com.br\/index.php?rest_route=%2Fwp%2Fv2%2Fcategories&post=14978"},{"taxonomy":"post_tag","embeddable":true,"href":"https:\/\/minutobahia24h.com.br\/index.php?rest_route=%2Fwp%2Fv2%2Ftags&post=14978"}],"curies":[{"name":"wp","href":"https:\/\/api.w.org\/{rel}","templated":true}]}}