{"id":14969,"date":"2024-07-24T06:45:25","date_gmt":"2024-07-24T09:45:25","guid":{"rendered":"https:\/\/minutobahia24h.com.br\/?p=14969"},"modified":"2024-07-24T06:45:26","modified_gmt":"2024-07-24T09:45:26","slug":"servidores-do-inema-suspeitos-em-esquema-de-propina-devem-ser-punidos-diz-jeronimo","status":"publish","type":"post","link":"https:\/\/minutobahia24h.com.br\/?p=14969","title":{"rendered":"Servidores do Inema suspeitos em esquema de propina devem ser punidos, diz Jer\u00f4nimo"},"content":{"rendered":"<div class=\"wp-block-image\">\n<figure class=\"aligncenter size-full\"><img data-recalc-dims=\"1\" fetchpriority=\"high\" decoding=\"async\" width=\"599\" height=\"419\" src=\"https:\/\/i0.wp.com\/minutobahia24h.com.br\/wp-content\/uploads\/2024\/07\/Sem-titulo-264.jpg?resize=599%2C419&#038;ssl=1\" alt=\"\" class=\"wp-image-14970\" srcset=\"https:\/\/i0.wp.com\/minutobahia24h.com.br\/wp-content\/uploads\/2024\/07\/Sem-titulo-264.jpg?w=599&amp;ssl=1 599w, https:\/\/i0.wp.com\/minutobahia24h.com.br\/wp-content\/uploads\/2024\/07\/Sem-titulo-264.jpg?resize=300%2C210&amp;ssl=1 300w\" sizes=\"(max-width: 599px) 100vw, 599px\" \/><\/figure>\n<\/div>\n\n\n<p>O governador Jer\u00f4nimo Rodrigues (PT) disse na \u00faltima segunda-feira (22) esperar que o Minist\u00e9rio P\u00fablico da Bahia (MP-BA) responsabilize\u00a0<a href=\"https:\/\/bahia.ba\/salvador\/servidores-do-inema-sao-suspeitos-de-receber-r-165-mi-em-propinas-para-liberacao-de-licencas\/\">servidores e ex-funcion\u00e1rios que tenham participado de um suposto esquema de propina para a libera\u00e7\u00e3o de licen\u00e7as ambientais<\/a>\u00a0no Instituto de Meio Ambiente e Recursos H\u00eddricos (Inema), \u00f3rg\u00e3o vinculado \u00e0 Secretaria do Meio Ambiente (Sema).<\/p>\n\n\n\n<p>Segundo o MP, eles teriam recebido R$ 16,5 milh\u00f5es, entre os anos de 2019 e 2023, para conceder os documentos de forma ilegal a fazendeiros e a empreendimentos rurais do oeste baiano. Os nomes dos suspeitos n\u00e3o foram divulgados.<\/p>\n\n\n\n<p>\u201cEspero que isso n\u00e3o macule a imagem e a responsabilidade dos t\u00e9cnicos e profissionais que atuam no Inema, nos quais eu confio bastante, inclusive do movimento ambientalista, que ajudam bastante a gente com as cr\u00edticas. Quem andou na linha de forma equivocada que procure seu advogado. Eu n\u00e3o vou defender, ou querer que a imagem do Estado ou da secretaria seja suja por qualquer profissional ou at\u00e9 mesmo cargo de confian\u00e7a\u201d, declarou o governador durante um agenda no Centro Administrativo da Bahia.<\/p>\n\n\n\n<p>\u201cEu, por ser engenheiro agr\u00f4nomo, entendo muito bem a responsabilidade de uma licen\u00e7a ambiental, o preju\u00edzo que causa ao servi\u00e7o p\u00fablico e \u00e0 imagem do meio ambiente. \u00c9 preciso tirar a limpo e punir aqueles que precisam de puni\u00e7\u00e3o\u201d, disse o governador.<\/p>\n\n\n\n<p>Ao menos seis pessoas figuram como alvos de uma opera\u00e7\u00e3o do MP deflagrada na manh\u00e3 desta sexta-feira (19) em Salvador em munic\u00edpios do interior.<\/p>\n\n\n\n<p>Sete mandados de busca e apreens\u00e3o foram cumpridos em endere\u00e7os residenciais na capital, Cama\u00e7ari, Guanambi e Riacho de Santana e em uma empresa na cidade de Lauro de Freitas.<\/p>\n\n\n\n<p>Se condenados, os investigados responder\u00e3o pelos crimes de corrup\u00e7\u00e3o ativa e passiva, lavagem de dinheiro e associa\u00e7\u00e3o criminosa.<br>De acordo com o MP, o pagamento de propinas foi realizado via dep\u00f3sitos banc\u00e1rios nas contas de um dos investigados.<\/p>\n\n\n\n<p>A pedido do MP, a 1\u00aa Vara Criminal Especializada da capital tamb\u00e9m determinou a suspens\u00e3o das fun\u00e7\u00f5es de um t\u00e9cnico do Inema e o sequestro de bens dos investigados.<\/p>\n\n\n\n<p>clebervieiranews<\/p>\n","protected":false},"excerpt":{"rendered":"<p>O governador Jer\u00f4nimo Rodrigues (PT) disse na \u00faltima segunda-feira (22) esperar que o Minist\u00e9rio P\u00fablico da Bahia (MP-BA) responsabilize\u00a0servidores e ex-funcion\u00e1rios que tenham participado de um suposto esquema de propina para a libera\u00e7\u00e3o de licen\u00e7as ambientais\u00a0no Instituto de Meio Ambiente e Recursos H\u00eddricos (Inema), \u00f3rg\u00e3o vinculado \u00e0 Secretaria do Meio Ambiente (Sema). Segundo o MP, [&hellip;]<\/p>\n","protected":false},"author":2,"featured_media":14970,"comment_status":"open","ping_status":"open","sticky":false,"template":"","format":"standard","meta":{"_jetpack_memberships_contains_paid_content":false,"footnotes":""},"categories":[21],"tags":[],"class_list":["post-14969","post","type-post","status-publish","format-standard","has-post-thumbnail","hentry","category-bahia"],"aioseo_notices":[],"jetpack_featured_media_url":"https:\/\/i0.wp.com\/minutobahia24h.com.br\/wp-content\/uploads\/2024\/07\/Sem-titulo-264.jpg?fit=599%2C419&ssl=1","jetpack_sharing_enabled":true,"_links":{"self":[{"href":"https:\/\/minutobahia24h.com.br\/index.php?rest_route=\/wp\/v2\/posts\/14969","targetHints":{"allow":["GET"]}}],"collection":[{"href":"https:\/\/minutobahia24h.com.br\/index.php?rest_route=\/wp\/v2\/posts"}],"about":[{"href":"https:\/\/minutobahia24h.com.br\/index.php?rest_route=\/wp\/v2\/types\/post"}],"author":[{"embeddable":true,"href":"https:\/\/minutobahia24h.com.br\/index.php?rest_route=\/wp\/v2\/users\/2"}],"replies":[{"embeddable":true,"href":"https:\/\/minutobahia24h.com.br\/index.php?rest_route=%2Fwp%2Fv2%2Fcomments&post=14969"}],"version-history":[{"count":1,"href":"https:\/\/minutobahia24h.com.br\/index.php?rest_route=\/wp\/v2\/posts\/14969\/revisions"}],"predecessor-version":[{"id":14971,"href":"https:\/\/minutobahia24h.com.br\/index.php?rest_route=\/wp\/v2\/posts\/14969\/revisions\/14971"}],"wp:featuredmedia":[{"embeddable":true,"href":"https:\/\/minutobahia24h.com.br\/index.php?rest_route=\/wp\/v2\/media\/14970"}],"wp:attachment":[{"href":"https:\/\/minutobahia24h.com.br\/index.php?rest_route=%2Fwp%2Fv2%2Fmedia&parent=14969"}],"wp:term":[{"taxonomy":"category","embeddable":true,"href":"https:\/\/minutobahia24h.com.br\/index.php?rest_route=%2Fwp%2Fv2%2Fcategories&post=14969"},{"taxonomy":"post_tag","embeddable":true,"href":"https:\/\/minutobahia24h.com.br\/index.php?rest_route=%2Fwp%2Fv2%2Ftags&post=14969"}],"curies":[{"name":"wp","href":"https:\/\/api.w.org\/{rel}","templated":true}]}}