{"id":14966,"date":"2024-07-24T06:42:24","date_gmt":"2024-07-24T09:42:24","guid":{"rendered":"https:\/\/minutobahia24h.com.br\/?p=14966"},"modified":"2024-07-24T06:42:26","modified_gmt":"2024-07-24T09:42:26","slug":"paroquia-do-senhor-do-bonfim-tem-novas-nomeacoes","status":"publish","type":"post","link":"https:\/\/minutobahia24h.com.br\/?p=14966","title":{"rendered":"Par\u00f3quia do Senhor do Bonfim tem novas nomea\u00e7\u00f5es"},"content":{"rendered":"<div class=\"wp-block-image\">\n<figure class=\"aligncenter size-full\"><img data-recalc-dims=\"1\" fetchpriority=\"high\" decoding=\"async\" width=\"640\" height=\"623\" src=\"https:\/\/i0.wp.com\/minutobahia24h.com.br\/wp-content\/uploads\/2024\/07\/Sem-titulo-263.jpg?resize=640%2C623&#038;ssl=1\" alt=\"\" class=\"wp-image-14967\" srcset=\"https:\/\/i0.wp.com\/minutobahia24h.com.br\/wp-content\/uploads\/2024\/07\/Sem-titulo-263.jpg?w=640&amp;ssl=1 640w, https:\/\/i0.wp.com\/minutobahia24h.com.br\/wp-content\/uploads\/2024\/07\/Sem-titulo-263.jpg?resize=300%2C292&amp;ssl=1 300w\" sizes=\"(max-width: 640px) 100vw, 640px\" \/><\/figure>\n<\/div>\n\n\n<p>Nesta ter\u00e7a-feira, foi comunicado pela Chancelaria que o Bispo Diocesano de Bonfim realizou algumas nomea\u00e7\u00f5es para as fun\u00e7\u00f5es a serem exercidas pelos padres na Diocese. Foram nomeados:<\/p>\n\n\n<div class=\"wp-block-image\">\n<figure class=\"aligncenter\"><a href=\"https:\/\/i0.wp.com\/blogger.googleusercontent.com\/img\/b\/R29vZ2xl\/AVvXsEi_kOWOaa5u6bvC9qdNnunADPBy_a2Bbw6QUjmbtx-YKfAwbTjgY2zmo6SdAaotNtfISzogLLMPLrBi1xOAb7r1qHqwcyjgJ3QG9OqJx477-4Ef5DBfHM3-IG2JUsegdFa1_Ph6fs_IaaPnb4XSCqjigWgY9oP7XJzfIDg_25mSJP_BCeWZgynmGUvUEmRq\/s1080\/IMG_20240723_160400.jpg?ssl=1\"><img data-recalc-dims=\"1\" decoding=\"async\" data-src=\"https:\/\/i0.wp.com\/blogger.googleusercontent.com\/img\/b\/R29vZ2xl\/AVvXsEi_kOWOaa5u6bvC9qdNnunADPBy_a2Bbw6QUjmbtx-YKfAwbTjgY2zmo6SdAaotNtfISzogLLMPLrBi1xOAb7r1qHqwcyjgJ3QG9OqJx477-4Ef5DBfHM3-IG2JUsegdFa1_Ph6fs_IaaPnb4XSCqjigWgY9oP7XJzfIDg_25mSJP_BCeWZgynmGUvUEmRq\/s320-rw\/IMG_20240723_160400.jpg?w=800&#038;ssl=1\" alt=\"\" src=\"data:image\/gif;base64,R0lGODlhAQABAAAAACH5BAEKAAEALAAAAAABAAEAAAICTAEAOw==\" class=\"lazyload\" \/><noscript><img data-recalc-dims=\"1\" decoding=\"async\" src=\"https:\/\/i0.wp.com\/blogger.googleusercontent.com\/img\/b\/R29vZ2xl\/AVvXsEi_kOWOaa5u6bvC9qdNnunADPBy_a2Bbw6QUjmbtx-YKfAwbTjgY2zmo6SdAaotNtfISzogLLMPLrBi1xOAb7r1qHqwcyjgJ3QG9OqJx477-4Ef5DBfHM3-IG2JUsegdFa1_Ph6fs_IaaPnb4XSCqjigWgY9oP7XJzfIDg_25mSJP_BCeWZgynmGUvUEmRq\/s320-rw\/IMG_20240723_160400.jpg?w=800&#038;ssl=1\" alt=\"\"\/><\/noscript><\/a><\/figure>\n<\/div>\n\n\n<p class=\"has-text-align-center\">Vig\u00e1rio Geral &#8211; Pe. Johnny Silva Borges<\/p>\n\n\n<div class=\"wp-block-image\">\n<figure class=\"aligncenter\"><a href=\"https:\/\/i0.wp.com\/blogger.googleusercontent.com\/img\/b\/R29vZ2xl\/AVvXsEifUI75QXOAmxJHzEaAo1evpU4ltsJYiiflwn4757UKIIvKAAa8oqsXIknOvIBQ1UHLqu_UIym1s52GYQ10LzXwk0K3QHtVGHVPqgZGCF8bWX-mJQDvssF9iGnXWCh8zy_ot78wpKFCJxm3gdBzzZEuH5Hm6Na-7nH0GZaqRHcY_2_uah2dI1ND12tKYaom\/s1084\/IMG_20240723_160334.jpg?ssl=1\"><img data-recalc-dims=\"1\" decoding=\"async\" data-src=\"https:\/\/i0.wp.com\/blogger.googleusercontent.com\/img\/b\/R29vZ2xl\/AVvXsEifUI75QXOAmxJHzEaAo1evpU4ltsJYiiflwn4757UKIIvKAAa8oqsXIknOvIBQ1UHLqu_UIym1s52GYQ10LzXwk0K3QHtVGHVPqgZGCF8bWX-mJQDvssF9iGnXWCh8zy_ot78wpKFCJxm3gdBzzZEuH5Hm6Na-7nH0GZaqRHcY_2_uah2dI1ND12tKYaom\/s320-rw\/IMG_20240723_160334.jpg?w=800&#038;ssl=1\" alt=\"\" src=\"data:image\/gif;base64,R0lGODlhAQABAAAAACH5BAEKAAEALAAAAAABAAEAAAICTAEAOw==\" class=\"lazyload\" \/><noscript><img data-recalc-dims=\"1\" decoding=\"async\" src=\"https:\/\/i0.wp.com\/blogger.googleusercontent.com\/img\/b\/R29vZ2xl\/AVvXsEifUI75QXOAmxJHzEaAo1evpU4ltsJYiiflwn4757UKIIvKAAa8oqsXIknOvIBQ1UHLqu_UIym1s52GYQ10LzXwk0K3QHtVGHVPqgZGCF8bWX-mJQDvssF9iGnXWCh8zy_ot78wpKFCJxm3gdBzzZEuH5Hm6Na-7nH0GZaqRHcY_2_uah2dI1ND12tKYaom\/s320-rw\/IMG_20240723_160334.jpg?w=800&#038;ssl=1\" alt=\"\"\/><\/noscript><\/a><\/figure>\n<\/div>\n\n\n<p class=\"has-text-align-center\">Ec\u00f4nomo &#8211; Pe. Ant\u00f4nio Albeci Vieira Nascimento<\/p>\n\n\n<div class=\"wp-block-image\">\n<figure class=\"aligncenter\"><a href=\"https:\/\/i0.wp.com\/blogger.googleusercontent.com\/img\/b\/R29vZ2xl\/AVvXsEjvtFT9wSrKjpLkXAIxr661NKXeZY9uyIx2MW0opO_7zqH_Mol5ueE8X7HSiOFU0jqwme9vJgXBxgCJ_zXk_qkH_7NVuMYN1-zt1puKUVpQLw7x0XvFzo4Pbxb-shjEJiw8ON8bZfy7hB4eiBs09GFJDx86wLSeKyxiUztpyZ8EzYle4G1APocLUbhmd-Li\/s1080\/IMG_20240723_160312.jpg?ssl=1\"><img data-recalc-dims=\"1\" decoding=\"async\" data-src=\"https:\/\/i0.wp.com\/blogger.googleusercontent.com\/img\/b\/R29vZ2xl\/AVvXsEjvtFT9wSrKjpLkXAIxr661NKXeZY9uyIx2MW0opO_7zqH_Mol5ueE8X7HSiOFU0jqwme9vJgXBxgCJ_zXk_qkH_7NVuMYN1-zt1puKUVpQLw7x0XvFzo4Pbxb-shjEJiw8ON8bZfy7hB4eiBs09GFJDx86wLSeKyxiUztpyZ8EzYle4G1APocLUbhmd-Li\/s320-rw\/IMG_20240723_160312.jpg?w=800&#038;ssl=1\" alt=\"\" src=\"data:image\/gif;base64,R0lGODlhAQABAAAAACH5BAEKAAEALAAAAAABAAEAAAICTAEAOw==\" class=\"lazyload\" \/><noscript><img data-recalc-dims=\"1\" decoding=\"async\" src=\"https:\/\/i0.wp.com\/blogger.googleusercontent.com\/img\/b\/R29vZ2xl\/AVvXsEjvtFT9wSrKjpLkXAIxr661NKXeZY9uyIx2MW0opO_7zqH_Mol5ueE8X7HSiOFU0jqwme9vJgXBxgCJ_zXk_qkH_7NVuMYN1-zt1puKUVpQLw7x0XvFzo4Pbxb-shjEJiw8ON8bZfy7hB4eiBs09GFJDx86wLSeKyxiUztpyZ8EzYle4G1APocLUbhmd-Li\/s320-rw\/IMG_20240723_160312.jpg?w=800&#038;ssl=1\" alt=\"\"\/><\/noscript><\/a><\/figure>\n<\/div>\n\n\n<p class=\"has-text-align-center\">Chanceler &#8211; Pe. Laerth Ferreira S. O. dos Santos<\/p>\n\n\n<div class=\"wp-block-image\">\n<figure class=\"aligncenter\"><a href=\"https:\/\/i0.wp.com\/blogger.googleusercontent.com\/img\/b\/R29vZ2xl\/AVvXsEjfYuMIo-TmX-XxirjitUSGfaGZCBJh-1agvM9tdvQi9WBK1qBJlZgiGC1kM3JbIRhHPPfUZZi5DKWN5LBv_3o8nGuDba0BwYZGzARLOrH5WCs0AhGwZMhWRL-bSazDvb_3ddX2KD4bkoJsgw-AaTAk_RWjEpOEW0R1VJ9QGj4OqArQ1qTg1lm2AfRdvUAV\/s1080\/IMG_20240723_160238.jpg?ssl=1\"><img data-recalc-dims=\"1\" decoding=\"async\" data-src=\"https:\/\/i0.wp.com\/blogger.googleusercontent.com\/img\/b\/R29vZ2xl\/AVvXsEjfYuMIo-TmX-XxirjitUSGfaGZCBJh-1agvM9tdvQi9WBK1qBJlZgiGC1kM3JbIRhHPPfUZZi5DKWN5LBv_3o8nGuDba0BwYZGzARLOrH5WCs0AhGwZMhWRL-bSazDvb_3ddX2KD4bkoJsgw-AaTAk_RWjEpOEW0R1VJ9QGj4OqArQ1qTg1lm2AfRdvUAV\/s320-rw\/IMG_20240723_160238.jpg?w=800&#038;ssl=1\" alt=\"\" src=\"data:image\/gif;base64,R0lGODlhAQABAAAAACH5BAEKAAEALAAAAAABAAEAAAICTAEAOw==\" class=\"lazyload\" \/><noscript><img data-recalc-dims=\"1\" decoding=\"async\" src=\"https:\/\/i0.wp.com\/blogger.googleusercontent.com\/img\/b\/R29vZ2xl\/AVvXsEjfYuMIo-TmX-XxirjitUSGfaGZCBJh-1agvM9tdvQi9WBK1qBJlZgiGC1kM3JbIRhHPPfUZZi5DKWN5LBv_3o8nGuDba0BwYZGzARLOrH5WCs0AhGwZMhWRL-bSazDvb_3ddX2KD4bkoJsgw-AaTAk_RWjEpOEW0R1VJ9QGj4OqArQ1qTg1lm2AfRdvUAV\/s320-rw\/IMG_20240723_160238.jpg?w=800&#038;ssl=1\" alt=\"\"\/><\/noscript><\/a><\/figure>\n<\/div>\n\n\n<p class=\"has-text-align-center\">Coordenador de Pastoral &#8211; Pe. Carlos Ferreira dos Santos, IMC<\/p>\n\n\n<div class=\"wp-block-image\">\n<figure class=\"aligncenter\"><a href=\"https:\/\/i0.wp.com\/blogger.googleusercontent.com\/img\/b\/R29vZ2xl\/AVvXsEiWnVWqGErbmLuLMn5Q6AD6hAnXqNSR3jYswd2iSd1ihvP6gbsdEj249NEnHrvdbpRaJMVJPSwUYt3IO3K1v5fJ2gpYy7gJWgdSwxxKu6LKd0D8HTgGCVeVLzkNbM_5leCpUmmV-xga_nzltqwEpc-H1dT9luikZvJYz0aXnYywNGfP6vtdfyJjYPV3aGXu\/s1080\/IMG_20240723_160214.jpg?ssl=1\"><img data-recalc-dims=\"1\" decoding=\"async\" data-src=\"https:\/\/i0.wp.com\/blogger.googleusercontent.com\/img\/b\/R29vZ2xl\/AVvXsEiWnVWqGErbmLuLMn5Q6AD6hAnXqNSR3jYswd2iSd1ihvP6gbsdEj249NEnHrvdbpRaJMVJPSwUYt3IO3K1v5fJ2gpYy7gJWgdSwxxKu6LKd0D8HTgGCVeVLzkNbM_5leCpUmmV-xga_nzltqwEpc-H1dT9luikZvJYz0aXnYywNGfP6vtdfyJjYPV3aGXu\/s320-rw\/IMG_20240723_160214.jpg?w=800&#038;ssl=1\" alt=\"\" src=\"data:image\/gif;base64,R0lGODlhAQABAAAAACH5BAEKAAEALAAAAAABAAEAAAICTAEAOw==\" class=\"lazyload\" \/><noscript><img data-recalc-dims=\"1\" decoding=\"async\" src=\"https:\/\/i0.wp.com\/blogger.googleusercontent.com\/img\/b\/R29vZ2xl\/AVvXsEiWnVWqGErbmLuLMn5Q6AD6hAnXqNSR3jYswd2iSd1ihvP6gbsdEj249NEnHrvdbpRaJMVJPSwUYt3IO3K1v5fJ2gpYy7gJWgdSwxxKu6LKd0D8HTgGCVeVLzkNbM_5leCpUmmV-xga_nzltqwEpc-H1dT9luikZvJYz0aXnYywNGfP6vtdfyJjYPV3aGXu\/s320-rw\/IMG_20240723_160214.jpg?w=800&#038;ssl=1\" alt=\"\"\/><\/noscript><\/a><\/figure>\n<\/div>\n\n\n<p class=\"has-text-align-center\">Assistente eclesi\u00e1stico da Pastoral Lit\u00fargica &#8211; Pe. Wheider Gerlan Santana Miranda<\/p>\n\n\n\n<p>Oremos pelo servi\u00e7o exercido pelos padres a servi\u00e7o do Senhor e dos irm\u00e3os e irm\u00e3s.<\/p>\n\n\n\n<p>blogdonettomaravilha<\/p>\n","protected":false},"excerpt":{"rendered":"<p>Nesta ter\u00e7a-feira, foi comunicado pela Chancelaria que o Bispo Diocesano de Bonfim realizou algumas nomea\u00e7\u00f5es para as fun\u00e7\u00f5es a serem exercidas pelos padres na Diocese. Foram nomeados: Vig\u00e1rio Geral &#8211; Pe. Johnny Silva Borges Ec\u00f4nomo &#8211; Pe. Ant\u00f4nio Albeci Vieira Nascimento Chanceler &#8211; Pe. Laerth Ferreira S. O. dos Santos Coordenador de Pastoral &#8211; Pe. [&hellip;]<\/p>\n","protected":false},"author":2,"featured_media":14967,"comment_status":"open","ping_status":"open","sticky":false,"template":"","format":"standard","meta":{"_jetpack_memberships_contains_paid_content":false,"footnotes":""},"categories":[17],"tags":[],"class_list":["post-14966","post","type-post","status-publish","format-standard","has-post-thumbnail","hentry","category-senhor-do-bonfim"],"aioseo_notices":[],"jetpack_featured_media_url":"https:\/\/i0.wp.com\/minutobahia24h.com.br\/wp-content\/uploads\/2024\/07\/Sem-titulo-263.jpg?fit=640%2C623&ssl=1","jetpack_sharing_enabled":true,"_links":{"self":[{"href":"https:\/\/minutobahia24h.com.br\/index.php?rest_route=\/wp\/v2\/posts\/14966","targetHints":{"allow":["GET"]}}],"collection":[{"href":"https:\/\/minutobahia24h.com.br\/index.php?rest_route=\/wp\/v2\/posts"}],"about":[{"href":"https:\/\/minutobahia24h.com.br\/index.php?rest_route=\/wp\/v2\/types\/post"}],"author":[{"embeddable":true,"href":"https:\/\/minutobahia24h.com.br\/index.php?rest_route=\/wp\/v2\/users\/2"}],"replies":[{"embeddable":true,"href":"https:\/\/minutobahia24h.com.br\/index.php?rest_route=%2Fwp%2Fv2%2Fcomments&post=14966"}],"version-history":[{"count":1,"href":"https:\/\/minutobahia24h.com.br\/index.php?rest_route=\/wp\/v2\/posts\/14966\/revisions"}],"predecessor-version":[{"id":14968,"href":"https:\/\/minutobahia24h.com.br\/index.php?rest_route=\/wp\/v2\/posts\/14966\/revisions\/14968"}],"wp:featuredmedia":[{"embeddable":true,"href":"https:\/\/minutobahia24h.com.br\/index.php?rest_route=\/wp\/v2\/media\/14967"}],"wp:attachment":[{"href":"https:\/\/minutobahia24h.com.br\/index.php?rest_route=%2Fwp%2Fv2%2Fmedia&parent=14966"}],"wp:term":[{"taxonomy":"category","embeddable":true,"href":"https:\/\/minutobahia24h.com.br\/index.php?rest_route=%2Fwp%2Fv2%2Fcategories&post=14966"},{"taxonomy":"post_tag","embeddable":true,"href":"https:\/\/minutobahia24h.com.br\/index.php?rest_route=%2Fwp%2Fv2%2Ftags&post=14966"}],"curies":[{"name":"wp","href":"https:\/\/api.w.org\/{rel}","templated":true}]}}