{"id":14937,"date":"2024-07-23T20:17:36","date_gmt":"2024-07-23T23:17:36","guid":{"rendered":"https:\/\/minutobahia24h.com.br\/?p=14937"},"modified":"2024-07-23T20:25:02","modified_gmt":"2024-07-23T23:25:02","slug":"adelson-carneiro-pre-candidato-a-vice-prefeito-de-ponto-novo-e-declarado-inelegivel-para-as-eleicoes-deste-ano","status":"publish","type":"post","link":"https:\/\/minutobahia24h.com.br\/?p=14937","title":{"rendered":"Adelson Carneiro, pr\u00e9-candidato a vice-prefeito de Ponto Novo, \u00e9 declarado ineleg\u00edvel para as elei\u00e7\u00f5es deste ano"},"content":{"rendered":"<div class=\"wp-block-image\">\n<figure class=\"aligncenter size-large\"><img data-recalc-dims=\"1\" fetchpriority=\"high\" decoding=\"async\" width=\"800\" height=\"527\" src=\"https:\/\/i0.wp.com\/minutobahia24h.com.br\/wp-content\/uploads\/2024\/07\/WhatsApp-Image-2024-07-23-at-20.07.19-1024x675.jpeg?resize=800%2C527&#038;ssl=1\" alt=\"\" class=\"wp-image-14938\" srcset=\"https:\/\/i0.wp.com\/minutobahia24h.com.br\/wp-content\/uploads\/2024\/07\/WhatsApp-Image-2024-07-23-at-20.07.19.jpeg?resize=1024%2C675&amp;ssl=1 1024w, https:\/\/i0.wp.com\/minutobahia24h.com.br\/wp-content\/uploads\/2024\/07\/WhatsApp-Image-2024-07-23-at-20.07.19.jpeg?resize=300%2C198&amp;ssl=1 300w, https:\/\/i0.wp.com\/minutobahia24h.com.br\/wp-content\/uploads\/2024\/07\/WhatsApp-Image-2024-07-23-at-20.07.19.jpeg?resize=768%2C506&amp;ssl=1 768w, https:\/\/i0.wp.com\/minutobahia24h.com.br\/wp-content\/uploads\/2024\/07\/WhatsApp-Image-2024-07-23-at-20.07.19.jpeg?resize=750%2C494&amp;ssl=1 750w, https:\/\/i0.wp.com\/minutobahia24h.com.br\/wp-content\/uploads\/2024\/07\/WhatsApp-Image-2024-07-23-at-20.07.19.jpeg?resize=1140%2C751&amp;ssl=1 1140w, https:\/\/i0.wp.com\/minutobahia24h.com.br\/wp-content\/uploads\/2024\/07\/WhatsApp-Image-2024-07-23-at-20.07.19.jpeg?w=1290&amp;ssl=1 1290w\" sizes=\"(max-width: 800px) 100vw, 800px\" \/><\/figure>\n<\/div>\n\n\n<p>O pr\u00e9-candidato a vice-prefeito do munic\u00edpio de Ponto Novo, Adelson Carneiro Maia, enfrenta um obst\u00e1culo legal que compromete a sua participa\u00e7\u00e3o nas elei\u00e7\u00f5es municipais de 2024. Segundo registros do Tribunal de Contas do Estado da Bahia (TCE-BA), suas contas foram julgadas irregulares em decis\u00e3o datada de 23\/12\/2020, conforme Processo TCE n\u00ba TCE\/002733\/2019 conforme certid\u00e3o em anexo. Essa decis\u00e3o resultou na sua inelegibilidade por oito anos de acordo com a legisla\u00e7\u00e3o eleitoral em vigor.<\/p>\n\n\n\n<figure class=\"wp-block-image size-full\"><img data-recalc-dims=\"1\" decoding=\"async\" width=\"800\" height=\"522\" src=\"https:\/\/i0.wp.com\/minutobahia24h.com.br\/wp-content\/uploads\/2024\/07\/Certidao.jpg?resize=800%2C522&#038;ssl=1\" alt=\"\" class=\"wp-image-14939\" srcset=\"https:\/\/i0.wp.com\/minutobahia24h.com.br\/wp-content\/uploads\/2024\/07\/Certidao.jpg?w=956&amp;ssl=1 956w, https:\/\/i0.wp.com\/minutobahia24h.com.br\/wp-content\/uploads\/2024\/07\/Certidao.jpg?resize=300%2C196&amp;ssl=1 300w, https:\/\/i0.wp.com\/minutobahia24h.com.br\/wp-content\/uploads\/2024\/07\/Certidao.jpg?resize=768%2C501&amp;ssl=1 768w, https:\/\/i0.wp.com\/minutobahia24h.com.br\/wp-content\/uploads\/2024\/07\/Certidao.jpg?resize=750%2C490&amp;ssl=1 750w\" sizes=\"(max-width: 800px) 100vw, 800px\" \/><\/figure>\n\n\n\n<p>Certid\u00e3o em anexo:<\/p>\n\n\n\n<div data-wp-interactive=\"core\/file\" class=\"wp-block-file aligncenter\"><object data-wp-bind--hidden=\"!state.hasPdfPreview\" hidden class=\"wp-block-file__embed\" data=\"https:\/\/minutobahia24h.com.br\/wp-content\/uploads\/2024\/07\/Certidao-TCE-Adelson-Maia-Ponto-Novo.pdf\" type=\"application\/pdf\" style=\"width:100%;height:600px\" aria-label=\"Incorporado de Certid\u00e3o - TCE - Adelson Maia (Ponto Novo).\"><\/object><a id=\"wp-block-file--media-0fa8342a-7bc3-4575-9529-544b5ce2080e\" href=\"https:\/\/minutobahia24h.com.br\/wp-content\/uploads\/2024\/07\/Certidao-TCE-Adelson-Maia-Ponto-Novo.pdf\">Certid\u00e3o &#8211; TCE &#8211; Adelson Maia (Ponto Novo)<\/a><a href=\"https:\/\/minutobahia24h.com.br\/wp-content\/uploads\/2024\/07\/Certidao-TCE-Adelson-Maia-Ponto-Novo.pdf\" class=\"wp-block-file__button wp-element-button\" download aria-describedby=\"wp-block-file--media-0fa8342a-7bc3-4575-9529-544b5ce2080e\">Baixar<\/a><\/div>\n\n\n\n<p>Para tentar reverter sua situa\u00e7\u00e3o, Adelson Maia ingressou no dia 15\/07\/2024 com uma a\u00e7\u00e3o judicial na comarca de Sa\u00fade (BA) sob o Processo n\u00ba 8001253-82.2024.8.05.0242. No entanto, a ju\u00edza Iasmin Le\u00e3o Barouh n\u00e3o concedeu seu pedido de liminar. \u201cReservo-me para apreciar o pedido liminar ap\u00f3s a forma\u00e7\u00e3o do contradit\u00f3rio. Cite-se a parte r\u00e9 para contestar o feito, no prazo de 30 (trinta) dias \u00fateis e atrav\u00e9s de advogado\/procurador, sob pena de revelia e presun\u00e7\u00e3o de veracidade dos fatos alegados na inicial\u201d despachou a ju\u00edza. Com isso Adelson continua ineleg\u00edvel conforme decis\u00e3o do TCE, onde em lista atualizada em 22\/07\/2024 seu nome aparece no rool de ficha suja o que inviabiliza seu registro como candidato a vice-prefeito.<\/p>\n\n\n\n<p><\/p>\n\n\n\n<p>Confira o despacho na integra:<\/p>\n\n\n\n<div data-wp-interactive=\"core\/file\" class=\"wp-block-file\"><object data-wp-bind--hidden=\"!state.hasPdfPreview\" hidden class=\"wp-block-file__embed\" data=\"https:\/\/minutobahia24h.com.br\/wp-content\/uploads\/2024\/07\/Despacho-2-1.pdf\" type=\"application\/pdf\" style=\"width:100%;height:600px\" aria-label=\"Incorporado de Despacho (2) (1).\"><\/object><a id=\"wp-block-file--media-622fe6fe-5af0-44e8-91f6-bab693021720\" href=\"https:\/\/minutobahia24h.com.br\/wp-content\/uploads\/2024\/07\/Despacho-2-1.pdf\">Despacho (2) (1)<\/a><a href=\"https:\/\/minutobahia24h.com.br\/wp-content\/uploads\/2024\/07\/Despacho-2-1.pdf\" class=\"wp-block-file__button wp-element-button\" download aria-describedby=\"wp-block-file--media-622fe6fe-5af0-44e8-91f6-bab693021720\">Baixar<\/a><\/div>\n\n\n\n<p>Segundo a Lei Complementar n\u00ba 64\/1990, quem tiver contas p\u00fablicas rejeitadas por irregularidade grave e intencional, com decis\u00e3o final do \u00f3rg\u00e3o competente, \u00e9 considerado ineleg\u00edvel. O Tribunal Superior Eleitoral (TSE) costuma confirmar essa inelegibilidade, exceto em caso de decis\u00e3o judicial que suspenda ou anule os efeitos da rejei\u00e7\u00e3o das contas.<\/p>\n\n\n<div class=\"wp-block-image\">\n<figure class=\"aligncenter size-full\"><img data-recalc-dims=\"1\" decoding=\"async\" width=\"793\" height=\"435\" src=\"https:\/\/i0.wp.com\/minutobahia24h.com.br\/wp-content\/uploads\/2024\/07\/WhatsApp-Image-2024-07-23-at-20.10.57-1.jpeg?resize=793%2C435&#038;ssl=1\" alt=\"\" class=\"wp-image-14946\" srcset=\"https:\/\/i0.wp.com\/minutobahia24h.com.br\/wp-content\/uploads\/2024\/07\/WhatsApp-Image-2024-07-23-at-20.10.57-1.jpeg?w=793&amp;ssl=1 793w, https:\/\/i0.wp.com\/minutobahia24h.com.br\/wp-content\/uploads\/2024\/07\/WhatsApp-Image-2024-07-23-at-20.10.57-1.jpeg?resize=300%2C165&amp;ssl=1 300w, https:\/\/i0.wp.com\/minutobahia24h.com.br\/wp-content\/uploads\/2024\/07\/WhatsApp-Image-2024-07-23-at-20.10.57-1.jpeg?resize=768%2C421&amp;ssl=1 768w, https:\/\/i0.wp.com\/minutobahia24h.com.br\/wp-content\/uploads\/2024\/07\/WhatsApp-Image-2024-07-23-at-20.10.57-1.jpeg?resize=750%2C411&amp;ssl=1 750w\" sizes=\"(max-width: 793px) 100vw, 793px\" \/><\/figure>\n<\/div>\n\n\n<p>Para maiores informa\u00e7\u00f5es acessar a lista completa:<\/p>\n\n\n\n<p><a href=\"https:\/\/www.tce.ba.gov.br\/images\/transparencia\/gest-contas-desaprovadas\/Relacao_de_Gestores_com_Contas_Desaprovadas_15_07_2024_copy_copy.pdf\">https:\/\/www.tce.ba.gov.br\/images\/transparencia\/gest-contas-desaprovadas\/Relacao_de_Gestores_com_Contas_Desaprovadas_15_07_2024_copy_copy.pdf<\/a><\/p>\n\n\n\n<p>O processo de inelegibilidade de Adelson Carneiro Maia reflete um cen\u00e1rio delicado para a chapa de situa\u00e7\u00e3o encabe\u00e7ada por Dra. Fabiane de Azevedo Maia. Com a decis\u00e3o do TCE e a n\u00e3o suspens\u00e3o dos efeitos via judicial, resta agora \u00e0 coliga\u00e7\u00e3o encontrar um novo nome para o cargo de vice-prefeito que atenda aos requisitos legais estabelecidos para a disputa eleitoral.<\/p>\n","protected":false},"excerpt":{"rendered":"<p>O pr\u00e9-candidato a vice-prefeito do munic\u00edpio de Ponto Novo, Adelson Carneiro Maia, enfrenta um obst\u00e1culo legal que compromete a sua participa\u00e7\u00e3o nas elei\u00e7\u00f5es municipais de 2024. Segundo registros do Tribunal de Contas do Estado da Bahia (TCE-BA), suas contas foram julgadas irregulares em decis\u00e3o datada de 23\/12\/2020, conforme Processo TCE n\u00ba TCE\/002733\/2019 conforme certid\u00e3o em [&hellip;]<\/p>\n","protected":false},"author":2,"featured_media":14938,"comment_status":"open","ping_status":"open","sticky":false,"template":"","format":"standard","meta":{"_jetpack_memberships_contains_paid_content":false,"footnotes":""},"categories":[50],"tags":[],"class_list":["post-14937","post","type-post","status-publish","format-standard","has-post-thumbnail","hentry","category-eleicoes-2024"],"aioseo_notices":[],"jetpack_featured_media_url":"https:\/\/i0.wp.com\/minutobahia24h.com.br\/wp-content\/uploads\/2024\/07\/WhatsApp-Image-2024-07-23-at-20.07.19.jpeg?fit=1290%2C850&ssl=1","jetpack_sharing_enabled":true,"_links":{"self":[{"href":"https:\/\/minutobahia24h.com.br\/index.php?rest_route=\/wp\/v2\/posts\/14937","targetHints":{"allow":["GET"]}}],"collection":[{"href":"https:\/\/minutobahia24h.com.br\/index.php?rest_route=\/wp\/v2\/posts"}],"about":[{"href":"https:\/\/minutobahia24h.com.br\/index.php?rest_route=\/wp\/v2\/types\/post"}],"author":[{"embeddable":true,"href":"https:\/\/minutobahia24h.com.br\/index.php?rest_route=\/wp\/v2\/users\/2"}],"replies":[{"embeddable":true,"href":"https:\/\/minutobahia24h.com.br\/index.php?rest_route=%2Fwp%2Fv2%2Fcomments&post=14937"}],"version-history":[{"count":3,"href":"https:\/\/minutobahia24h.com.br\/index.php?rest_route=\/wp\/v2\/posts\/14937\/revisions"}],"predecessor-version":[{"id":14949,"href":"https:\/\/minutobahia24h.com.br\/index.php?rest_route=\/wp\/v2\/posts\/14937\/revisions\/14949"}],"wp:featuredmedia":[{"embeddable":true,"href":"https:\/\/minutobahia24h.com.br\/index.php?rest_route=\/wp\/v2\/media\/14938"}],"wp:attachment":[{"href":"https:\/\/minutobahia24h.com.br\/index.php?rest_route=%2Fwp%2Fv2%2Fmedia&parent=14937"}],"wp:term":[{"taxonomy":"category","embeddable":true,"href":"https:\/\/minutobahia24h.com.br\/index.php?rest_route=%2Fwp%2Fv2%2Fcategories&post=14937"},{"taxonomy":"post_tag","embeddable":true,"href":"https:\/\/minutobahia24h.com.br\/index.php?rest_route=%2Fwp%2Fv2%2Ftags&post=14937"}],"curies":[{"name":"wp","href":"https:\/\/api.w.org\/{rel}","templated":true}]}}