{"id":14897,"date":"2024-07-23T07:03:33","date_gmt":"2024-07-23T10:03:33","guid":{"rendered":"https:\/\/minutobahia24h.com.br\/?p=14897"},"modified":"2024-07-23T07:03:36","modified_gmt":"2024-07-23T10:03:36","slug":"atual-prefeito-de-caem-devera-disputar-reeleicao-municipal-deste-ano","status":"publish","type":"post","link":"https:\/\/minutobahia24h.com.br\/?p=14897","title":{"rendered":"Atual prefeito de Ca\u00e9m dever\u00e1 disputar reelei\u00e7\u00e3o municipal deste ano"},"content":{"rendered":"<div class=\"wp-block-image\">\n<figure class=\"aligncenter size-large\"><img data-recalc-dims=\"1\" fetchpriority=\"high\" decoding=\"async\" width=\"800\" height=\"1000\" src=\"https:\/\/i0.wp.com\/minutobahia24h.com.br\/wp-content\/uploads\/2024\/07\/Sem-titulo-247-819x1024.jpg?resize=800%2C1000&#038;ssl=1\" alt=\"\" class=\"wp-image-14898\" srcset=\"https:\/\/i0.wp.com\/minutobahia24h.com.br\/wp-content\/uploads\/2024\/07\/Sem-titulo-247.jpg?resize=819%2C1024&amp;ssl=1 819w, https:\/\/i0.wp.com\/minutobahia24h.com.br\/wp-content\/uploads\/2024\/07\/Sem-titulo-247.jpg?resize=240%2C300&amp;ssl=1 240w, https:\/\/i0.wp.com\/minutobahia24h.com.br\/wp-content\/uploads\/2024\/07\/Sem-titulo-247.jpg?resize=768%2C960&amp;ssl=1 768w, https:\/\/i0.wp.com\/minutobahia24h.com.br\/wp-content\/uploads\/2024\/07\/Sem-titulo-247.jpg?resize=750%2C938&amp;ssl=1 750w, https:\/\/i0.wp.com\/minutobahia24h.com.br\/wp-content\/uploads\/2024\/07\/Sem-titulo-247.jpg?w=900&amp;ssl=1 900w\" sizes=\"(max-width: 800px) 100vw, 800px\" \/><figcaption class=\"wp-element-caption\">De acordo com o calend\u00e1rio eleitoral definido pela Resolu\u00e7\u00e3o n\u00b0 23.738\/24 do Tribunal Superior Eleitoral (TSE)<\/figcaption><\/figure>\n<\/div>\n\n\n<p>Os partidos Socialista Brasileiro (PSB), o Social Democr\u00e1tico (PSD) e a federa\u00e7\u00e3o do Social Democracia Brasileira (PSDB) e Cidadania, do munic\u00edpio de Ca\u00e9m, estar\u00e3o realizando suas conven\u00e7\u00f5es no pr\u00f3ximo s\u00e1bado, a partir das 14 horas, quando ser\u00e3o escolhidas as candidatas e candidatos que disputar\u00e3o os cargos de prefeito, vice-prefeito e vereador nas elei\u00e7\u00f5es municipais de 2024, assim como a forma\u00e7\u00e3o ou n\u00e3o de coliga\u00e7\u00f5es para o pleito.<\/p>\n\n\n\n<p>De acordo com o calend\u00e1rio eleitoral definido pela Resolu\u00e7\u00e3o n\u00b0 23.738\/24 do Tribunal Superior Eleitoral (TSE), as legendas t\u00eam at\u00e9 o dia 5 de agosto para realizar as conven\u00e7\u00f5es.<\/p>\n\n\n\n<p>Ainda durante as conven\u00e7\u00f5es partid\u00e1rias, que acontecer\u00e3o nas instala\u00e7\u00f5es do Gin\u00e1sio de Esportes Jo\u00e3o Martins de Oliveira, ser\u00e3o sorteadas a identifica\u00e7\u00e3o num\u00e9rica dos candidatos, isto \u00e9, o n\u00famero com o qual cada postulante concorrer\u00e1, obedecendo o que garante a Justi\u00e7a Eleitoral, de que os partidos t\u00eam o direito de manter os n\u00fameros concedidos \u00e0 sua legenda na elei\u00e7\u00e3o anterior. O mesmo direito \u00e9 reservado aos candidatos que concorrerem para o mesmo cargo que disputaram no \u00faltimo pleito.<\/p>\n\n\n\n<p>O ato ir\u00e1 oficializar a defini\u00e7\u00e3o dos nomes j\u00e1 apresentados como pr\u00e9-candidatos. Em Ca\u00e9m \u00e9 sabido o an\u00fancio do nome do atual prefeito, Arnaldo Oliveira para concorrer \u00e0s elei\u00e7\u00f5es.<\/p>\n\n\n\n<p>portalespacoaberto<\/p>\n","protected":false},"excerpt":{"rendered":"<p>Os partidos Socialista Brasileiro (PSB), o Social Democr\u00e1tico (PSD) e a federa\u00e7\u00e3o do Social Democracia Brasileira (PSDB) e Cidadania, do munic\u00edpio de Ca\u00e9m, estar\u00e3o realizando suas conven\u00e7\u00f5es no pr\u00f3ximo s\u00e1bado, a partir das 14 horas, quando ser\u00e3o escolhidas as candidatas e candidatos que disputar\u00e3o os cargos de prefeito, vice-prefeito e vereador nas elei\u00e7\u00f5es municipais de [&hellip;]<\/p>\n","protected":false},"author":2,"featured_media":14898,"comment_status":"open","ping_status":"open","sticky":false,"template":"","format":"standard","meta":{"_jetpack_memberships_contains_paid_content":false,"footnotes":""},"categories":[50],"tags":[],"class_list":["post-14897","post","type-post","status-publish","format-standard","has-post-thumbnail","hentry","category-eleicoes-2024"],"aioseo_notices":[],"jetpack_featured_media_url":"https:\/\/i0.wp.com\/minutobahia24h.com.br\/wp-content\/uploads\/2024\/07\/Sem-titulo-247.jpg?fit=900%2C1125&ssl=1","jetpack_sharing_enabled":true,"_links":{"self":[{"href":"https:\/\/minutobahia24h.com.br\/index.php?rest_route=\/wp\/v2\/posts\/14897","targetHints":{"allow":["GET"]}}],"collection":[{"href":"https:\/\/minutobahia24h.com.br\/index.php?rest_route=\/wp\/v2\/posts"}],"about":[{"href":"https:\/\/minutobahia24h.com.br\/index.php?rest_route=\/wp\/v2\/types\/post"}],"author":[{"embeddable":true,"href":"https:\/\/minutobahia24h.com.br\/index.php?rest_route=\/wp\/v2\/users\/2"}],"replies":[{"embeddable":true,"href":"https:\/\/minutobahia24h.com.br\/index.php?rest_route=%2Fwp%2Fv2%2Fcomments&post=14897"}],"version-history":[{"count":1,"href":"https:\/\/minutobahia24h.com.br\/index.php?rest_route=\/wp\/v2\/posts\/14897\/revisions"}],"predecessor-version":[{"id":14899,"href":"https:\/\/minutobahia24h.com.br\/index.php?rest_route=\/wp\/v2\/posts\/14897\/revisions\/14899"}],"wp:featuredmedia":[{"embeddable":true,"href":"https:\/\/minutobahia24h.com.br\/index.php?rest_route=\/wp\/v2\/media\/14898"}],"wp:attachment":[{"href":"https:\/\/minutobahia24h.com.br\/index.php?rest_route=%2Fwp%2Fv2%2Fmedia&parent=14897"}],"wp:term":[{"taxonomy":"category","embeddable":true,"href":"https:\/\/minutobahia24h.com.br\/index.php?rest_route=%2Fwp%2Fv2%2Fcategories&post=14897"},{"taxonomy":"post_tag","embeddable":true,"href":"https:\/\/minutobahia24h.com.br\/index.php?rest_route=%2Fwp%2Fv2%2Ftags&post=14897"}],"curies":[{"name":"wp","href":"https:\/\/api.w.org\/{rel}","templated":true}]}}