{"id":14768,"date":"2024-07-18T07:54:01","date_gmt":"2024-07-18T10:54:01","guid":{"rendered":"https:\/\/minutobahia24h.com.br\/?p=14768"},"modified":"2024-07-18T07:54:02","modified_gmt":"2024-07-18T10:54:02","slug":"apresentadora-do-jornal-da-record-e-demitida-apos-suposto-vazamento-de-entrevista-com-lula-antes-da-divulgacao","status":"publish","type":"post","link":"https:\/\/minutobahia24h.com.br\/?p=14768","title":{"rendered":"Apresentadora do Jornal da Record \u00e9 demitida ap\u00f3s suposto vazamento de entrevista com Lula antes da divulga\u00e7\u00e3o"},"content":{"rendered":"<div class=\"wp-block-image\">\n<figure class=\"aligncenter size-large\"><img data-recalc-dims=\"1\" fetchpriority=\"high\" decoding=\"async\" width=\"800\" height=\"420\" src=\"https:\/\/i0.wp.com\/minutobahia24h.com.br\/wp-content\/uploads\/2024\/07\/Sem-titulo-213-1024x538.jpg?resize=800%2C420&#038;ssl=1\" alt=\"\" class=\"wp-image-14769\" srcset=\"https:\/\/i0.wp.com\/minutobahia24h.com.br\/wp-content\/uploads\/2024\/07\/Sem-titulo-213.jpg?resize=1024%2C538&amp;ssl=1 1024w, https:\/\/i0.wp.com\/minutobahia24h.com.br\/wp-content\/uploads\/2024\/07\/Sem-titulo-213.jpg?resize=300%2C158&amp;ssl=1 300w, https:\/\/i0.wp.com\/minutobahia24h.com.br\/wp-content\/uploads\/2024\/07\/Sem-titulo-213.jpg?resize=768%2C403&amp;ssl=1 768w, https:\/\/i0.wp.com\/minutobahia24h.com.br\/wp-content\/uploads\/2024\/07\/Sem-titulo-213.jpg?resize=750%2C394&amp;ssl=1 750w, https:\/\/i0.wp.com\/minutobahia24h.com.br\/wp-content\/uploads\/2024\/07\/Sem-titulo-213.jpg?resize=1140%2C599&amp;ssl=1 1140w, https:\/\/i0.wp.com\/minutobahia24h.com.br\/wp-content\/uploads\/2024\/07\/Sem-titulo-213.jpg?w=1200&amp;ssl=1 1200w\" sizes=\"(max-width: 800px) 100vw, 800px\" \/><figcaption class=\"wp-element-caption\">Lula durante entrevista ao Jornal da Record | Foto: Ricardo Stuckert \/ PR<br><\/figcaption><\/figure>\n<\/div>\n\n\n<p>A jornalista Renata Varandas foi demitida da Record TV no final da tarde desta quarta-feira (17). Atuando como apresentadora substituta do &#8220;Jornal da Record&#8221;, a profissional foi desligada ap\u00f3s a dire\u00e7\u00e3o da emissora descobrir seu suposto envolvimento em uma ag\u00eancia de an\u00e1lise pol\u00edtica e financeira.<\/p>\n\n\n\n<p>Segundo informa\u00e7\u00f5es da Folha de S.Paulo, a empresa para a qual a jornalista trabalhava n\u00e3o era de conhecimento da dire\u00e7\u00e3o da TV e teria sido respons\u00e1vel por vazar trechos fora de contexto da entrevista que o presidente Luiz In\u00e1cio Lula da Silva (PT) concedeu ao mercado financeiro, provocando oscila\u00e7\u00e3o na cota\u00e7\u00e3o do d\u00f3lar.<\/p>\n\n\n<div class=\"wp-block-image\">\n<figure class=\"aligncenter\"><img data-recalc-dims=\"1\" decoding=\"async\" src=\"https:\/\/i0.wp.com\/www.bahianoticias.com.br\/fotos\/principal_noticias\/294391\/mg\/Captura%20de%20tela%202024-07-18%20061035.png?w=800&#038;ssl=1\" alt=\"\"\/><\/figure>\n<\/div>\n\n\n<p class=\"has-text-align-center\"><em>Jornalista Renata Varandas, da Record TV | Foto: Reprodu\u00e7\u00e3o \/ Instagram<\/em><\/p>\n\n\n\n<p>A entrevista de Lula para o &#8220;Jornal da Record&#8221; foi oficializada pela emissora na \u00faltima ter\u00e7a-feira (15), e transmitida na \u00edntegra durante a noite. No entanto, trechos da exclusiva j\u00e1 circulavam em um texto da corretora BGC, contratante dos servi\u00e7os da Capital Advice, empresa que tem Renata como s\u00f3cia.<\/p>\n\n\n\n<p>Os trechos do bate-papo do presidente com a jornalista foram revelados pela BGC por volta das 13h, uma hora antes da Record divulgar oficialmente os primeiros cortes do conte\u00fado que seria transmitido em seu telejornal.<\/p>\n\n\n\n<p>Em uma das falas vazadas, \u00a0Lula dizia que ainda precisava ser convencido sobre a necessidade de cortes de gastos e que a meta fiscal n\u00e3o necessariamente precisava ser cumprida, embora tenha se comprometido com o arcabou\u00e7o fiscal.<\/p>\n\n\n\n<p>BN<\/p>\n","protected":false},"excerpt":{"rendered":"<p>A jornalista Renata Varandas foi demitida da Record TV no final da tarde desta quarta-feira (17). Atuando como apresentadora substituta do &#8220;Jornal da Record&#8221;, a profissional foi desligada ap\u00f3s a dire\u00e7\u00e3o da emissora descobrir seu suposto envolvimento em uma ag\u00eancia de an\u00e1lise pol\u00edtica e financeira. Segundo informa\u00e7\u00f5es da Folha de S.Paulo, a empresa para a [&hellip;]<\/p>\n","protected":false},"author":2,"featured_media":14769,"comment_status":"open","ping_status":"open","sticky":false,"template":"","format":"standard","meta":{"_jetpack_memberships_contains_paid_content":false,"footnotes":""},"categories":[46],"tags":[],"class_list":["post-14768","post","type-post","status-publish","format-standard","has-post-thumbnail","hentry","category-noticia"],"aioseo_notices":[],"jetpack_featured_media_url":"https:\/\/i0.wp.com\/minutobahia24h.com.br\/wp-content\/uploads\/2024\/07\/Sem-titulo-213.jpg?fit=1200%2C630&ssl=1","jetpack_sharing_enabled":true,"_links":{"self":[{"href":"https:\/\/minutobahia24h.com.br\/index.php?rest_route=\/wp\/v2\/posts\/14768","targetHints":{"allow":["GET"]}}],"collection":[{"href":"https:\/\/minutobahia24h.com.br\/index.php?rest_route=\/wp\/v2\/posts"}],"about":[{"href":"https:\/\/minutobahia24h.com.br\/index.php?rest_route=\/wp\/v2\/types\/post"}],"author":[{"embeddable":true,"href":"https:\/\/minutobahia24h.com.br\/index.php?rest_route=\/wp\/v2\/users\/2"}],"replies":[{"embeddable":true,"href":"https:\/\/minutobahia24h.com.br\/index.php?rest_route=%2Fwp%2Fv2%2Fcomments&post=14768"}],"version-history":[{"count":1,"href":"https:\/\/minutobahia24h.com.br\/index.php?rest_route=\/wp\/v2\/posts\/14768\/revisions"}],"predecessor-version":[{"id":14770,"href":"https:\/\/minutobahia24h.com.br\/index.php?rest_route=\/wp\/v2\/posts\/14768\/revisions\/14770"}],"wp:featuredmedia":[{"embeddable":true,"href":"https:\/\/minutobahia24h.com.br\/index.php?rest_route=\/wp\/v2\/media\/14769"}],"wp:attachment":[{"href":"https:\/\/minutobahia24h.com.br\/index.php?rest_route=%2Fwp%2Fv2%2Fmedia&parent=14768"}],"wp:term":[{"taxonomy":"category","embeddable":true,"href":"https:\/\/minutobahia24h.com.br\/index.php?rest_route=%2Fwp%2Fv2%2Fcategories&post=14768"},{"taxonomy":"post_tag","embeddable":true,"href":"https:\/\/minutobahia24h.com.br\/index.php?rest_route=%2Fwp%2Fv2%2Ftags&post=14768"}],"curies":[{"name":"wp","href":"https:\/\/api.w.org\/{rel}","templated":true}]}}