{"id":14743,"date":"2024-07-18T06:56:53","date_gmt":"2024-07-18T09:56:53","guid":{"rendered":"https:\/\/minutobahia24h.com.br\/?p=14743"},"modified":"2024-07-18T06:56:54","modified_gmt":"2024-07-18T09:56:54","slug":"saude-ba-ataque-de-caes-ferozes-deixa-ovelhas-mortas-e-feridas-em-agua-branca-de-fora","status":"publish","type":"post","link":"https:\/\/minutobahia24h.com.br\/?p=14743","title":{"rendered":"Sa\u00fade\/Ba :Ataque de c\u00e3es ferozes deixa Ovelhas mortas e feridas em \u00c1gua Branca de Fora"},"content":{"rendered":"<div class=\"wp-block-image\">\n<figure class=\"aligncenter size-large\"><img data-recalc-dims=\"1\" fetchpriority=\"high\" decoding=\"async\" width=\"576\" height=\"1024\" src=\"https:\/\/i0.wp.com\/minutobahia24h.com.br\/wp-content\/uploads\/2024\/07\/Sem-titulo-205-576x1024.jpg?resize=576%2C1024&#038;ssl=1\" alt=\"\" class=\"wp-image-14744\" srcset=\"https:\/\/i0.wp.com\/minutobahia24h.com.br\/wp-content\/uploads\/2024\/07\/Sem-titulo-205.jpg?resize=576%2C1024&amp;ssl=1 576w, https:\/\/i0.wp.com\/minutobahia24h.com.br\/wp-content\/uploads\/2024\/07\/Sem-titulo-205.jpg?resize=169%2C300&amp;ssl=1 169w, https:\/\/i0.wp.com\/minutobahia24h.com.br\/wp-content\/uploads\/2024\/07\/Sem-titulo-205.jpg?resize=768%2C1365&amp;ssl=1 768w, https:\/\/i0.wp.com\/minutobahia24h.com.br\/wp-content\/uploads\/2024\/07\/Sem-titulo-205.jpg?resize=864%2C1536&amp;ssl=1 864w, https:\/\/i0.wp.com\/minutobahia24h.com.br\/wp-content\/uploads\/2024\/07\/Sem-titulo-205.jpg?resize=750%2C1333&amp;ssl=1 750w, https:\/\/i0.wp.com\/minutobahia24h.com.br\/wp-content\/uploads\/2024\/07\/Sem-titulo-205.jpg?w=900&amp;ssl=1 900w\" sizes=\"(max-width: 576px) 100vw, 576px\" \/><figcaption class=\"wp-element-caption\">Este incidente levanta uma preocupa\u00e7\u00e3o crescente entre os criadores de animais da regi\u00e3o, que temem por novos ataques<\/figcaption><\/figure>\n<\/div>\n\n\n<p>Na noite da \u00faltima ter\u00e7a-feira (16), por volta das 19 horas, um ataque violento de c\u00e3es n\u00e3o identificados resultou na morte de tr\u00eas ovelhas e deixou outras tr\u00eas gravemente feridas na comunidade de \u00c1gua Branca de Fora, no munic\u00edpio de Sa\u00fade. O propriet\u00e1rio dos animais, Erisvaldo Evangelista, relatou o incidente e expressou sua preocupa\u00e7\u00e3o com a seguran\u00e7a de seu rebanho.<\/p>\n\n\n\n<p>Segundo Erisvaldo, os c\u00e3es apareceram de forma repentina e atacaram as ovelhas com ferocidade.<strong>&nbsp;&#8220;Foi uma cena assustadora. Nunca vi nada parecido. Os c\u00e3es atacaram sem piedade e, quando percebi, j\u00e1 era tarde demais para salvar algumas das ovelhas&#8221;, disse ele, ainda abalado pelo ocorrido.<\/strong><\/p>\n\n\n\n<p>Os animais feridos est\u00e3o recebendo cuidados veterin\u00e1rios, mas a situa\u00e7\u00e3o \u00e9 cr\u00edtica para alguns deles. As autoridades locais foram notificadas, mas at\u00e9 o momento, os c\u00e3es respons\u00e1veis pelo ataque ainda n\u00e3o foram identificados.<\/p>\n\n\n\n<p>Este incidente levanta uma preocupa\u00e7\u00e3o crescente entre os criadores de animais da regi\u00e3o, que temem por novos ataques. A comunidade espera que medidas sejam tomadas para identificar e controlar esses c\u00e3es ferozes, garantindo a seguran\u00e7a dos rebanhos e a tranquilidade dos moradores.<\/p>\n\n\n\n<p>Enquanto isso, Erisvaldo e outros criadores da \u00e1rea est\u00e3o em alerta, refor\u00e7ando a prote\u00e7\u00e3o de seus animais na esperan\u00e7a de prevenir futuras trag\u00e9dias.\u00a0<\/p>\n\n\n\n<p><strong>Aberto.com.br<\/strong><\/p>\n","protected":false},"excerpt":{"rendered":"<p>Na noite da \u00faltima ter\u00e7a-feira (16), por volta das 19 horas, um ataque violento de c\u00e3es n\u00e3o identificados resultou na morte de tr\u00eas ovelhas e deixou outras tr\u00eas gravemente feridas na comunidade de \u00c1gua Branca de Fora, no munic\u00edpio de Sa\u00fade. O propriet\u00e1rio dos animais, Erisvaldo Evangelista, relatou o incidente e expressou sua preocupa\u00e7\u00e3o com [&hellip;]<\/p>\n","protected":false},"author":2,"featured_media":14744,"comment_status":"open","ping_status":"open","sticky":false,"template":"","format":"standard","meta":{"_jetpack_memberships_contains_paid_content":false,"footnotes":""},"categories":[3],"tags":[],"class_list":["post-14743","post","type-post","status-publish","format-standard","has-post-thumbnail","hentry","category-regional"],"aioseo_notices":[],"jetpack_featured_media_url":"https:\/\/i0.wp.com\/minutobahia24h.com.br\/wp-content\/uploads\/2024\/07\/Sem-titulo-205.jpg?fit=900%2C1600&ssl=1","jetpack_sharing_enabled":true,"_links":{"self":[{"href":"https:\/\/minutobahia24h.com.br\/index.php?rest_route=\/wp\/v2\/posts\/14743","targetHints":{"allow":["GET"]}}],"collection":[{"href":"https:\/\/minutobahia24h.com.br\/index.php?rest_route=\/wp\/v2\/posts"}],"about":[{"href":"https:\/\/minutobahia24h.com.br\/index.php?rest_route=\/wp\/v2\/types\/post"}],"author":[{"embeddable":true,"href":"https:\/\/minutobahia24h.com.br\/index.php?rest_route=\/wp\/v2\/users\/2"}],"replies":[{"embeddable":true,"href":"https:\/\/minutobahia24h.com.br\/index.php?rest_route=%2Fwp%2Fv2%2Fcomments&post=14743"}],"version-history":[{"count":1,"href":"https:\/\/minutobahia24h.com.br\/index.php?rest_route=\/wp\/v2\/posts\/14743\/revisions"}],"predecessor-version":[{"id":14745,"href":"https:\/\/minutobahia24h.com.br\/index.php?rest_route=\/wp\/v2\/posts\/14743\/revisions\/14745"}],"wp:featuredmedia":[{"embeddable":true,"href":"https:\/\/minutobahia24h.com.br\/index.php?rest_route=\/wp\/v2\/media\/14744"}],"wp:attachment":[{"href":"https:\/\/minutobahia24h.com.br\/index.php?rest_route=%2Fwp%2Fv2%2Fmedia&parent=14743"}],"wp:term":[{"taxonomy":"category","embeddable":true,"href":"https:\/\/minutobahia24h.com.br\/index.php?rest_route=%2Fwp%2Fv2%2Fcategories&post=14743"},{"taxonomy":"post_tag","embeddable":true,"href":"https:\/\/minutobahia24h.com.br\/index.php?rest_route=%2Fwp%2Fv2%2Ftags&post=14743"}],"curies":[{"name":"wp","href":"https:\/\/api.w.org\/{rel}","templated":true}]}}