{"id":14666,"date":"2024-07-16T22:39:12","date_gmt":"2024-07-17T01:39:12","guid":{"rendered":"https:\/\/minutobahia24h.com.br\/?p=14666"},"modified":"2024-07-16T22:41:53","modified_gmt":"2024-07-17T01:41:53","slug":"publicado-o-edital-de-convocacao-para-convencao-eleitoral-conjunta-municipal-da-federacao-brasil-da-esperanca-no-estado-da-bahia-pt-pcdob-pv","status":"publish","type":"post","link":"https:\/\/minutobahia24h.com.br\/?p=14666","title":{"rendered":"Publicado o edital de convoca\u00e7\u00e3o para Conven\u00e7\u00e3o Eleitoral Conjunta Municipal da Federa\u00e7\u00e3o Brasil da Esperan\u00e7a no Estado da Bahia \u2013 PT \u2013 PCdoB \u2013 PV"},"content":{"rendered":"<div class=\"wp-block-image\">\n<figure class=\"aligncenter size-large\"><img data-recalc-dims=\"1\" fetchpriority=\"high\" decoding=\"async\" width=\"800\" height=\"571\" src=\"https:\/\/i0.wp.com\/minutobahia24h.com.br\/wp-content\/uploads\/2024\/07\/WhatsApp-Image-2024-07-16-at-22.34.36-1024x731.jpeg?resize=800%2C571&#038;ssl=1\" alt=\"\" class=\"wp-image-14667\" srcset=\"https:\/\/i0.wp.com\/minutobahia24h.com.br\/wp-content\/uploads\/2024\/07\/WhatsApp-Image-2024-07-16-at-22.34.36.jpeg?resize=1024%2C731&amp;ssl=1 1024w, https:\/\/i0.wp.com\/minutobahia24h.com.br\/wp-content\/uploads\/2024\/07\/WhatsApp-Image-2024-07-16-at-22.34.36.jpeg?resize=300%2C214&amp;ssl=1 300w, https:\/\/i0.wp.com\/minutobahia24h.com.br\/wp-content\/uploads\/2024\/07\/WhatsApp-Image-2024-07-16-at-22.34.36.jpeg?resize=768%2C548&amp;ssl=1 768w, https:\/\/i0.wp.com\/minutobahia24h.com.br\/wp-content\/uploads\/2024\/07\/WhatsApp-Image-2024-07-16-at-22.34.36.jpeg?resize=1536%2C1096&amp;ssl=1 1536w, https:\/\/i0.wp.com\/minutobahia24h.com.br\/wp-content\/uploads\/2024\/07\/WhatsApp-Image-2024-07-16-at-22.34.36.jpeg?resize=120%2C86&amp;ssl=1 120w, https:\/\/i0.wp.com\/minutobahia24h.com.br\/wp-content\/uploads\/2024\/07\/WhatsApp-Image-2024-07-16-at-22.34.36.jpeg?resize=350%2C250&amp;ssl=1 350w, https:\/\/i0.wp.com\/minutobahia24h.com.br\/wp-content\/uploads\/2024\/07\/WhatsApp-Image-2024-07-16-at-22.34.36.jpeg?resize=750%2C535&amp;ssl=1 750w, https:\/\/i0.wp.com\/minutobahia24h.com.br\/wp-content\/uploads\/2024\/07\/WhatsApp-Image-2024-07-16-at-22.34.36.jpeg?resize=1140%2C814&amp;ssl=1 1140w, https:\/\/i0.wp.com\/minutobahia24h.com.br\/wp-content\/uploads\/2024\/07\/WhatsApp-Image-2024-07-16-at-22.34.36.jpeg?w=1600&amp;ssl=1 1600w\" sizes=\"(max-width: 800px) 100vw, 800px\" \/><\/figure>\n<\/div>\n\n\n<p>A Comiss\u00e3o Provis\u00f3ria da Federa\u00e7\u00e3o Brasil da Esperan\u00e7a no munic\u00edpio de Ponto Novo \u2013 BA, representada por seu presidente e seu primeiro e segundo vice-presidentes, convoca, pelo disposto na Lei n\u00ba 9.504\/97, na Resolu\u00e7\u00e3o TSE n\u00ba 23.609, de 18 de dezembro de 2019, na Resolu\u00e7\u00e3o n\u00ba08\/2024, da Assembleia Geral da Federa\u00e7\u00e3o Brasil da Esperan\u00e7a, que \u201cDisp\u00f5e sobre a escolha e substitui\u00e7\u00e3o dos candidatos e das candidatas, a forma\u00e7\u00e3o de coliga\u00e7\u00f5es e a realiza\u00e7\u00e3o de conven\u00e7\u00f5es eleitorais da Federa\u00e7\u00e3o Brasil da Esperan\u00e7a nas elei\u00e7\u00f5es 2024\u201d, pelo presente Edital, a Conven\u00e7\u00e3o Eleitoral Conjunta dos Partidos Integrantes Da Federa\u00e7\u00e3o Brasil da Esperan\u00e7a, que ser\u00e1 realizada de forma presencial no dia 27 de julho de 2024, a partir das 14:h, na antiga Escola Estadual Nelson Maia, situada na Rua Treze de Maio, s\/n, Centro, Ponto Novo \u2013 BA, com a seguinte ordem do dia:<\/p>\n\n\n\n<p>1- Apresenta\u00e7\u00e3o da Estrat\u00e9gia Eleitoral a ser adotada;<\/p>\n\n\n\n<p>2- Homologa\u00e7\u00e3o das decis\u00f5es adotadas pelas respectivas dire\u00e7\u00f5es municipais dos Partidos Federados (PT, PCdoB e PV);<\/p>\n\n\n\n<p>3- Demais delibera\u00e7\u00f5es sobre as elei\u00e7\u00f5es de 2024, especialmente no que se refere a:<\/p>\n\n\n\n<ol style=\"list-style-type:lower-alpha\" class=\"wp-block-list\">\n<li>Coliga\u00e7\u00e3o para os cargos de Prefeito e Vice-prefeito;<\/li>\n\n\n\n<li>Denomina\u00e7\u00e3o da coliga\u00e7\u00e3o majorit\u00e1ria;<\/li>\n\n\n\n<li>Escolha de candidatos a Prefeito e Vice-prefeito, bem como para vereadores;<\/li>\n\n\n\n<li>Escolha da representante e delegados da coliga\u00e7\u00e3o majorit\u00e1ria;<\/li>\n\n\n\n<li>Delega\u00e7\u00e3o do poder decis\u00f3rio sobre quaisquer dos itens anteriores ao \u00f3rg\u00e3o de dire\u00e7\u00e3o municipal da Federa\u00e7\u00e3o Brasil da Esperan\u00e7a no estado da Bahia \u2013 FE Brasil\/Bahia, formada pelos presidentes do PT, PCdoB e PV;<\/li>\n<\/ol>\n\n\n\n<p>4- Outros assuntos relacionados ao pleito de dois mil e vinte e quatro.<\/p>\n\n\n\n<p>Ponto Novo, Bahia, 01 de julho de 2024.<\/p>\n\n\n\n<p class=\"has-text-align-center\">Artur Fernandes de Paiva Filho<\/p>\n\n\n\n<p class=\"has-text-align-center\">Presidente FE Ponto Novo \u2013 BA<\/p>\n\n\n\n<p>     Alexandre Odilon dos Santos\u00a0\u00a0\u00a0\u00a0\u00a0\u00a0\u00a0\u00a0\u00a0\u00a0\u00a0\u00a0\u00a0\u00a0\u00a0\u00a0\u00a0\u00a0\u00a0\u00a0\u00a0\u00a0\u00a0                                  Tiago Miranda Ven\u00e2ncio Maia\u00a0\u00a0\u00a0\u00a0\u00a0\u00a0\u00a0\u00a0\u00a0\u00a0\u00a0\u00a0\u00a0<\/p>\n\n\n\n<p>\u00a0\u00a0 Primeiro Vice-presidente\u00a0\u00a0\u00a0\u00a0\u00a0\u00a0\u00a0\u00a0\u00a0\u00a0\u00a0\u00a0\u00a0\u00a0\u00a0\u00a0\u00a0\u00a0\u00a0\u00a0\u00a0\u00a0\u00a0\u00a0\u00a0\u00a0\u00a0\u00a0\u00a0\u00a0\u00a0                                          Segundo Vice-presidente<\/p>\n","protected":false},"excerpt":{"rendered":"<p>A Comiss\u00e3o Provis\u00f3ria da Federa\u00e7\u00e3o Brasil da Esperan\u00e7a no munic\u00edpio de Ponto Novo \u2013 BA, representada por seu presidente e seu primeiro e segundo vice-presidentes, convoca, pelo disposto na Lei n\u00ba 9.504\/97, na Resolu\u00e7\u00e3o TSE n\u00ba 23.609, de 18 de dezembro de 2019, na Resolu\u00e7\u00e3o n\u00ba08\/2024, da Assembleia Geral da Federa\u00e7\u00e3o Brasil da Esperan\u00e7a, que [&hellip;]<\/p>\n","protected":false},"author":2,"featured_media":14667,"comment_status":"open","ping_status":"open","sticky":false,"template":"","format":"standard","meta":{"_jetpack_memberships_contains_paid_content":false,"footnotes":""},"categories":[50],"tags":[],"class_list":["post-14666","post","type-post","status-publish","format-standard","has-post-thumbnail","hentry","category-eleicoes-2024"],"aioseo_notices":[],"jetpack_featured_media_url":"https:\/\/i0.wp.com\/minutobahia24h.com.br\/wp-content\/uploads\/2024\/07\/WhatsApp-Image-2024-07-16-at-22.34.36.jpeg?fit=1600%2C1142&ssl=1","jetpack_sharing_enabled":true,"_links":{"self":[{"href":"https:\/\/minutobahia24h.com.br\/index.php?rest_route=\/wp\/v2\/posts\/14666","targetHints":{"allow":["GET"]}}],"collection":[{"href":"https:\/\/minutobahia24h.com.br\/index.php?rest_route=\/wp\/v2\/posts"}],"about":[{"href":"https:\/\/minutobahia24h.com.br\/index.php?rest_route=\/wp\/v2\/types\/post"}],"author":[{"embeddable":true,"href":"https:\/\/minutobahia24h.com.br\/index.php?rest_route=\/wp\/v2\/users\/2"}],"replies":[{"embeddable":true,"href":"https:\/\/minutobahia24h.com.br\/index.php?rest_route=%2Fwp%2Fv2%2Fcomments&post=14666"}],"version-history":[{"count":1,"href":"https:\/\/minutobahia24h.com.br\/index.php?rest_route=\/wp\/v2\/posts\/14666\/revisions"}],"predecessor-version":[{"id":14668,"href":"https:\/\/minutobahia24h.com.br\/index.php?rest_route=\/wp\/v2\/posts\/14666\/revisions\/14668"}],"wp:featuredmedia":[{"embeddable":true,"href":"https:\/\/minutobahia24h.com.br\/index.php?rest_route=\/wp\/v2\/media\/14667"}],"wp:attachment":[{"href":"https:\/\/minutobahia24h.com.br\/index.php?rest_route=%2Fwp%2Fv2%2Fmedia&parent=14666"}],"wp:term":[{"taxonomy":"category","embeddable":true,"href":"https:\/\/minutobahia24h.com.br\/index.php?rest_route=%2Fwp%2Fv2%2Fcategories&post=14666"},{"taxonomy":"post_tag","embeddable":true,"href":"https:\/\/minutobahia24h.com.br\/index.php?rest_route=%2Fwp%2Fv2%2Ftags&post=14666"}],"curies":[{"name":"wp","href":"https:\/\/api.w.org\/{rel}","templated":true}]}}