{"id":14637,"date":"2024-07-16T07:38:13","date_gmt":"2024-07-16T10:38:13","guid":{"rendered":"https:\/\/minutobahia24h.com.br\/?p=14637"},"modified":"2024-07-16T07:38:14","modified_gmt":"2024-07-16T10:38:14","slug":"conexao-5g-apos-dois-anos-tecnologia-so-chegou-a-37-cidades-baianas","status":"publish","type":"post","link":"https:\/\/minutobahia24h.com.br\/?p=14637","title":{"rendered":"Conex\u00e3o 5G: ap\u00f3s dois anos, tecnologia s\u00f3 chegou a 37 cidades baianas"},"content":{"rendered":"<div class=\"wp-block-image\">\n<figure class=\"aligncenter size-large\"><img data-recalc-dims=\"1\" fetchpriority=\"high\" decoding=\"async\" width=\"800\" height=\"450\" src=\"https:\/\/i0.wp.com\/minutobahia24h.com.br\/wp-content\/uploads\/2024\/07\/Sem-titulo-182-1024x576.jpg?resize=800%2C450&#038;ssl=1\" alt=\"\" class=\"wp-image-14638\" srcset=\"https:\/\/i0.wp.com\/minutobahia24h.com.br\/wp-content\/uploads\/2024\/07\/Sem-titulo-182.jpg?resize=1024%2C576&amp;ssl=1 1024w, https:\/\/i0.wp.com\/minutobahia24h.com.br\/wp-content\/uploads\/2024\/07\/Sem-titulo-182.jpg?resize=300%2C169&amp;ssl=1 300w, https:\/\/i0.wp.com\/minutobahia24h.com.br\/wp-content\/uploads\/2024\/07\/Sem-titulo-182.jpg?resize=768%2C432&amp;ssl=1 768w, https:\/\/i0.wp.com\/minutobahia24h.com.br\/wp-content\/uploads\/2024\/07\/Sem-titulo-182.jpg?resize=750%2C422&amp;ssl=1 750w, https:\/\/i0.wp.com\/minutobahia24h.com.br\/wp-content\/uploads\/2024\/07\/Sem-titulo-182.jpg?resize=1140%2C641&amp;ssl=1 1140w, https:\/\/i0.wp.com\/minutobahia24h.com.br\/wp-content\/uploads\/2024\/07\/Sem-titulo-182.jpg?w=1500&amp;ssl=1 1500w\" sizes=\"(max-width: 800px) 100vw, 800px\" \/><figcaption class=\"wp-element-caption\">Antena 5G na Boca do Rio\u00a0Cr\u00e9dito: Ana Lucia Albuquerque\/CORREIO<br><\/figcaption><\/figure>\n<\/div>\n\n\n<p>As longas horas de espera em centros m\u00e9dicos e os minutos entre as esta\u00e7\u00f5es de embarque e desembarque no metr\u00f4 costumam ser mais toler\u00e1veis quando o sinal de internet coopera e facilita o deslize constante na tela do celular. Desde que a cobertura 5G \u2013 quinta gera\u00e7\u00e3o de internet m\u00f3vel, com maior velocidade e m\u00faltipla conectividade \u2013 come\u00e7ou a ser implementada na Bahia, em agosto de 2022, essa conex\u00e3o ficou ainda mais r\u00e1pida em Salvador e Regi\u00e3o Metropolitana, que lideram o \u00edndice de \u00e1rea coberta. No entanto, essa realidade n\u00e3o se estende para o resto do estado: dos 417 munic\u00edpios baianos, apenas 37 t\u00eam sinal 5G, de acordo com a Ag\u00eancia Nacional de Telecomunica\u00e7\u00f5es (Anatel).<\/p>\n\n\n\n<p id=\"paragrafo-7ut0rmkaru\">Entre as grandes operadoras, a cobertura \u00e9 ainda menor e se limita a 18 cidades do estado, sendo elas: Alagoinhas, Cama\u00e7ari, Candeias, Dias D\u2019\u00c1vila, Feira de Santana, Ilh\u00e9us, Itabuna, Itacar\u00e9, Juazeiro, Lauro de Freitas, Lu\u00eds Eduardo Magalh\u00e3es, Mata de S\u00e3o Jo\u00e3o, Porto Seguro, Salvador, Santo Ant\u00f4nio de Jesus, S\u00e3o Francisco do Conde, Sim\u00f5es Filho e Vit\u00f3ria da Conquista.<\/p>\n\n\n\n<p id=\"paragrafo-x8ebalfbky\">Na Bahia, a TIM est\u00e1 presente em 16 munic\u00edpios dos 18 citados acima, sendo exce\u00e7\u00f5es Vit\u00f3ria da Conquista e Juazeiro. Pela operadora, somente Salvador conta com 100% de cobertura em todos os bairros, que disp\u00f5em de 244 esta\u00e7\u00f5es com tecnologia 5G ativa, respons\u00e1veis por 28% do tr\u00e1fego total de dados na cidade. Para Bruno Talento, diretor da TIM Nordeste, o que se apresenta como desafio \u00e0 expans\u00e3o dessa cobertura para outras cidades s\u00e3o as condi\u00e7\u00f5es de instala\u00e7\u00e3o.<\/p>\n\n\n\n<p id=\"paragrafo-ifb5un95dd\">\u201cOs desafios est\u00e3o baseados, em primeiro lugar, na libera\u00e7\u00e3o da Anatel. N\u00f3s estamos cumprindo a implementa\u00e7\u00e3o nas cidades \u00e0 medida que a Anatel libera as frequ\u00eancias e seguimos o cronograma, que define prioridade para as capitais, depois cidades de 500 mil e 300 mil habitantes, respectivamente. Em segundo lugar, est\u00e3o as condi\u00e7\u00f5es de infraestrutura, que ainda precisam ser criadas\u201d, afirma.<\/p>\n\n\n\n<p id=\"paragrafo-ieopxlkwa6\">Bruno Talento aponta que o sucesso da ativa\u00e7\u00e3o da conex\u00e3o 5G em todos os bairros de Salvador se deve muito \u00e0 legisla\u00e7\u00e3o. \u201cOnde temos uma legisla\u00e7\u00e3o amiga e moderna, esse processo [de implementa\u00e7\u00e3o do sinal] avan\u00e7a numa velocidade maior. Salvador tem uma legisla\u00e7\u00e3o municipal muito moderna, por isso que pudemos avan\u00e7ar\u201d, reitera.<\/p>\n\n\n\n<p id=\"paragrafo-de0kf2t5k5\">A Vivo tem cobertura 5G em oito cidades da Bahia: Salvador, Cama\u00e7ari, Feira de Santana, Itabuna, Juazeiro, Lauro de Freitas, Porto Seguro e Vit\u00f3ria da Conquista. Na capital baiana, mais de 90 bairros tamb\u00e9m j\u00e1 contam com a tecnologia e a expectativa da empresa \u00e9 de crescimento. \u201cA expans\u00e3o da rede 5G para outras regi\u00f5es \u00e9 gradual e evolui de acordo com capacidades t\u00e9cnicas, demanda e autoriza\u00e7\u00f5es para instala\u00e7\u00f5es de antenas. Para acessar o 5G, \u00e9 preciso possuir um aparelho compat\u00edvel e estar dentro da \u00e1rea de cobertura, sem tarifa\u00e7\u00e3o extra pelo acesso\u201d, diz em nota.<\/p>\n\n\n\n<p id=\"paragrafo-kyd9ceb0ap\">J\u00e1 a Claro tem a rede 5G+ em sete munic\u00edpios baianos: Salvador, Vit\u00f3ria da Conquista, Lauro de Freitas, Juazeiro, Itabuna, Feira de Santana e Cama\u00e7ari. \u201cAs ativa\u00e7\u00f5es de novas cidades seguem as determina\u00e7\u00f5es da Anatel e autoridades respons\u00e1veis, e s\u00e3o realizadas de acordo com um planejamento estrat\u00e9gico, que leva em considera\u00e7\u00e3o o cen\u00e1rio mais adequado para a regi\u00e3o e a possibilidade de ofertar a melhor experi\u00eancia poss\u00edvel aos clientes. A Claro destaca a import\u00e2ncia do estado baiano e seguir\u00e1 investindo na amplia\u00e7\u00e3o da sua rede 5G na regi\u00e3o\u201d, pontua a operadora por meio de nota.<\/p>\n\n\n\n<p id=\"paragrafo-2k3xk2ab4n\">De acordo com o edital da Anatel, h\u00e1 previs\u00e3o de instala\u00e7\u00e3o de antenas 5G numa propor\u00e7\u00e3o de uma para cada 30 mil habitantes em todo o pa\u00eds at\u00e9 o final do ano. At\u00e9 2029, a expectativa \u00e9 fazer a cobertura chegar nas cidades acima de 30 mil habitantes. Para Ageu Guerra, engenheiro de telecomunica\u00e7\u00f5es e gerente de Engenharia da TIM Nordeste, o principal obst\u00e1culo a essa meta \u00e9 a libera\u00e7\u00e3o do espectro \u2013 tamb\u00e9m chamado de faixa de frequ\u00eancia.<\/p>\n\n\n\n<p id=\"paragrafo-vnndpb31ia\">\u201cO espectro \u00e9 a faixa de frequ\u00eancia, que \u00e9 invis\u00edvel, e \u00e9 como a esta\u00e7\u00e3o de r\u00e1dio, que o 5G utiliza numa frequ\u00eancia que antes eram utilizadas pelas TVs sat\u00e9lites. Ent\u00e3o, a Anatel vem fazendo a mitiga\u00e7\u00e3o [diminui\u00e7\u00e3o] da interfer\u00eancia e colocando filtros para poder liberar faixas de frequ\u00eancia para o uso do 5G nas cidades. Isso leva um tempo e as operadoras t\u00eam um cronograma de instala\u00e7\u00e3o de novas antenas, que s\u00e3o adicionais \u00e0quelas do 4G e que tamb\u00e9m levam tempo\u201d, finaliza.<\/p>\n\n\n\n<p id=\"paragrafo-wlk98qxfx0\"><em>*Com orienta\u00e7\u00e3o da chefe de reportagem Perla Ribeiro<\/em><\/p>\n\n\n\n<p>correio24horas<\/p>\n","protected":false},"excerpt":{"rendered":"<p>As longas horas de espera em centros m\u00e9dicos e os minutos entre as esta\u00e7\u00f5es de embarque e desembarque no metr\u00f4 costumam ser mais toler\u00e1veis quando o sinal de internet coopera e facilita o deslize constante na tela do celular. Desde que a cobertura 5G \u2013 quinta gera\u00e7\u00e3o de internet m\u00f3vel, com maior velocidade e m\u00faltipla [&hellip;]<\/p>\n","protected":false},"author":2,"featured_media":14638,"comment_status":"open","ping_status":"open","sticky":false,"template":"","format":"standard","meta":{"_jetpack_memberships_contains_paid_content":false,"footnotes":""},"categories":[46],"tags":[],"class_list":["post-14637","post","type-post","status-publish","format-standard","has-post-thumbnail","hentry","category-noticia"],"aioseo_notices":[],"jetpack_featured_media_url":"https:\/\/i0.wp.com\/minutobahia24h.com.br\/wp-content\/uploads\/2024\/07\/Sem-titulo-182.jpg?fit=1500%2C844&ssl=1","jetpack_sharing_enabled":true,"_links":{"self":[{"href":"https:\/\/minutobahia24h.com.br\/index.php?rest_route=\/wp\/v2\/posts\/14637","targetHints":{"allow":["GET"]}}],"collection":[{"href":"https:\/\/minutobahia24h.com.br\/index.php?rest_route=\/wp\/v2\/posts"}],"about":[{"href":"https:\/\/minutobahia24h.com.br\/index.php?rest_route=\/wp\/v2\/types\/post"}],"author":[{"embeddable":true,"href":"https:\/\/minutobahia24h.com.br\/index.php?rest_route=\/wp\/v2\/users\/2"}],"replies":[{"embeddable":true,"href":"https:\/\/minutobahia24h.com.br\/index.php?rest_route=%2Fwp%2Fv2%2Fcomments&post=14637"}],"version-history":[{"count":1,"href":"https:\/\/minutobahia24h.com.br\/index.php?rest_route=\/wp\/v2\/posts\/14637\/revisions"}],"predecessor-version":[{"id":14639,"href":"https:\/\/minutobahia24h.com.br\/index.php?rest_route=\/wp\/v2\/posts\/14637\/revisions\/14639"}],"wp:featuredmedia":[{"embeddable":true,"href":"https:\/\/minutobahia24h.com.br\/index.php?rest_route=\/wp\/v2\/media\/14638"}],"wp:attachment":[{"href":"https:\/\/minutobahia24h.com.br\/index.php?rest_route=%2Fwp%2Fv2%2Fmedia&parent=14637"}],"wp:term":[{"taxonomy":"category","embeddable":true,"href":"https:\/\/minutobahia24h.com.br\/index.php?rest_route=%2Fwp%2Fv2%2Fcategories&post=14637"},{"taxonomy":"post_tag","embeddable":true,"href":"https:\/\/minutobahia24h.com.br\/index.php?rest_route=%2Fwp%2Fv2%2Ftags&post=14637"}],"curies":[{"name":"wp","href":"https:\/\/api.w.org\/{rel}","templated":true}]}}