{"id":14634,"date":"2024-07-16T07:35:51","date_gmt":"2024-07-16T10:35:51","guid":{"rendered":"https:\/\/minutobahia24h.com.br\/?p=14634"},"modified":"2024-07-16T07:35:52","modified_gmt":"2024-07-16T10:35:52","slug":"foi-a-milicia-que-matou-marielle-diz-rivaldo-barbosa-em-depoimento","status":"publish","type":"post","link":"https:\/\/minutobahia24h.com.br\/?p=14634","title":{"rendered":"\u2018Foi a mil\u00edcia que matou Marielle\u2019, diz Rivaldo Barbosa em depoimento"},"content":{"rendered":"<div class=\"wp-block-image\">\n<figure class=\"aligncenter size-full\"><img data-recalc-dims=\"1\" fetchpriority=\"high\" decoding=\"async\" width=\"598\" height=\"419\" src=\"https:\/\/i0.wp.com\/minutobahia24h.com.br\/wp-content\/uploads\/2024\/07\/Sem-titulo-181.jpg?resize=598%2C419&#038;ssl=1\" alt=\"\" class=\"wp-image-14635\" srcset=\"https:\/\/i0.wp.com\/minutobahia24h.com.br\/wp-content\/uploads\/2024\/07\/Sem-titulo-181.jpg?w=598&amp;ssl=1 598w, https:\/\/i0.wp.com\/minutobahia24h.com.br\/wp-content\/uploads\/2024\/07\/Sem-titulo-181.jpg?resize=300%2C210&amp;ssl=1 300w\" sizes=\"(max-width: 598px) 100vw, 598px\" \/><figcaption class=\"wp-element-caption\">Foto: Fernando Fraz\u00e3o\/Ag\u00eancia Brasil<br><\/figcaption><\/figure>\n<\/div>\n\n\n<p>O ex-chefe da Pol\u00edcia Civil do Rio de Janeiro Rivaldo Barbosa prestou depoimento ao Conselho de \u00c9tica da C\u00e2mara dos Deputados nesta segunda-feira (15). O delegado \u00e9 ouvido no processo que pode resultar na cassa\u00e7\u00e3o de Chiquinho Braz\u00e3o (Sem partido-RJ), apontado como um dos mandantes da morte da vereadora Marielle Franco (PSol) e do motorista Anderson Gomes. A informa\u00e7\u00e3o \u00e9 de uma mat\u00e9ria do Metr\u00f3poles.<\/p>\n\n\n\n<p>Rivaldo Barbosa defendeu, em diferentes momentos, que Marielle Franco e Anderson Gomes foram executados a mando da mil\u00edcia do Rio de Janeiro. Por outro lado, ele enfatizou que n\u00e3o tem acesso \u00e0s investiga\u00e7\u00f5es, aponta o Metr\u00f3poles.<\/p>\n\n\n\n<p>\u201cFoi a mil\u00edcia que matou Marielle\u201d, disse o ex-chefe da Pol\u00edcia do Rio, que tamb\u00e9m est\u00e1 preso sob a acusa\u00e7\u00e3o de participa\u00e7\u00e3o no planejamento do crime. \u201cDesde o dia 31 de maio de 1969, eu nunca falei com nenhum irm\u00e3o Braz\u00e3o. Nem falei algo pessoal, profissional, ou pessoa. Na minha vida, eu nunca falei com eles. Eu n\u00e3o existo para eles. E eles n\u00e3o existem para mim, com o respeito que eu tenho ao ser humano\u201d, complementou.<\/p>\n\n\n\n<p>O Metr\u00f3poles ainda aponta que Rivaldo Barbosa assumiu a Pol\u00edcia Civil um dia antes da morte da vereadora. Segundo a Pol\u00edcia Federal (PF), ele teria auxiliado os mandantes dos assassinatos no planejamento do crime e atrapalhado as investiga\u00e7\u00f5es. O ex-chefe da Pol\u00edcia Civil do Rio de Janeiro nega qualquer envolvimento no crime. De acordo com ele, a \u00fanica participa\u00e7\u00e3o dele na investiga\u00e7\u00e3o foi para designar o delegado respons\u00e1vel para apurar o caso, no caso o delegado Giniton Lages.<\/p>\n\n\n\n<p>Chiquinho Braz\u00e3o e Domingos Braz\u00e3o, conselheiro do Tribunal de Contas do Rio (TCE-RJ), s\u00e3o suspeitos de terem mandado matar Marielle Franco em 2018, no Rio de Janeiro. Os irm\u00e3os Braz\u00e3o e Rivaldo Barbosa foram presos em mar\u00e7o deste ano por envolvimento no crime. Depois da pris\u00e3o dos irm\u00e3os Braz\u00e3o, a bancada do PSol pediu a cassa\u00e7\u00e3o do mandato de Chiquinho Braz\u00e3o por quebra de decoro parlamentar. Em 2018, ele e Marielle Franco eram vereadores na C\u00e2mara Municipal do Rio de Janeiro. \u201cEu j\u00e1 perdi 15kg e a \u00fanica coisa que eu fiz foi indicar o delegado que prendeu Ronnie Lessa\u201d, enfatizou o ex-chefe da Pol\u00edcia do Rio, complementa o Metr\u00f3poles.<\/p>\n\n\n\n<p>Bahia.ba<\/p>\n","protected":false},"excerpt":{"rendered":"<p>O ex-chefe da Pol\u00edcia Civil do Rio de Janeiro Rivaldo Barbosa prestou depoimento ao Conselho de \u00c9tica da C\u00e2mara dos Deputados nesta segunda-feira (15). O delegado \u00e9 ouvido no processo que pode resultar na cassa\u00e7\u00e3o de Chiquinho Braz\u00e3o (Sem partido-RJ), apontado como um dos mandantes da morte da vereadora Marielle Franco (PSol) e do motorista [&hellip;]<\/p>\n","protected":false},"author":2,"featured_media":14635,"comment_status":"open","ping_status":"open","sticky":false,"template":"","format":"standard","meta":{"_jetpack_memberships_contains_paid_content":false,"footnotes":""},"categories":[23],"tags":[],"class_list":["post-14634","post","type-post","status-publish","format-standard","has-post-thumbnail","hentry","category-justica"],"aioseo_notices":[],"jetpack_featured_media_url":"https:\/\/i0.wp.com\/minutobahia24h.com.br\/wp-content\/uploads\/2024\/07\/Sem-titulo-181.jpg?fit=598%2C419&ssl=1","jetpack_sharing_enabled":true,"_links":{"self":[{"href":"https:\/\/minutobahia24h.com.br\/index.php?rest_route=\/wp\/v2\/posts\/14634","targetHints":{"allow":["GET"]}}],"collection":[{"href":"https:\/\/minutobahia24h.com.br\/index.php?rest_route=\/wp\/v2\/posts"}],"about":[{"href":"https:\/\/minutobahia24h.com.br\/index.php?rest_route=\/wp\/v2\/types\/post"}],"author":[{"embeddable":true,"href":"https:\/\/minutobahia24h.com.br\/index.php?rest_route=\/wp\/v2\/users\/2"}],"replies":[{"embeddable":true,"href":"https:\/\/minutobahia24h.com.br\/index.php?rest_route=%2Fwp%2Fv2%2Fcomments&post=14634"}],"version-history":[{"count":1,"href":"https:\/\/minutobahia24h.com.br\/index.php?rest_route=\/wp\/v2\/posts\/14634\/revisions"}],"predecessor-version":[{"id":14636,"href":"https:\/\/minutobahia24h.com.br\/index.php?rest_route=\/wp\/v2\/posts\/14634\/revisions\/14636"}],"wp:featuredmedia":[{"embeddable":true,"href":"https:\/\/minutobahia24h.com.br\/index.php?rest_route=\/wp\/v2\/media\/14635"}],"wp:attachment":[{"href":"https:\/\/minutobahia24h.com.br\/index.php?rest_route=%2Fwp%2Fv2%2Fmedia&parent=14634"}],"wp:term":[{"taxonomy":"category","embeddable":true,"href":"https:\/\/minutobahia24h.com.br\/index.php?rest_route=%2Fwp%2Fv2%2Fcategories&post=14634"},{"taxonomy":"post_tag","embeddable":true,"href":"https:\/\/minutobahia24h.com.br\/index.php?rest_route=%2Fwp%2Fv2%2Ftags&post=14634"}],"curies":[{"name":"wp","href":"https:\/\/api.w.org\/{rel}","templated":true}]}}