{"id":14618,"date":"2024-07-16T07:04:01","date_gmt":"2024-07-16T10:04:01","guid":{"rendered":"https:\/\/minutobahia24h.com.br\/?p=14618"},"modified":"2024-07-16T07:04:03","modified_gmt":"2024-07-16T10:04:03","slug":"bolsonaro-sugeriu-falar-com-receita-federal-para-blindar-flavio-por-rachadinha","status":"publish","type":"post","link":"https:\/\/minutobahia24h.com.br\/?p=14618","title":{"rendered":"Bolsonaro sugeriu falar com Receita Federal para blindar Fl\u00e1vio por \u2018rachadinha\u2019"},"content":{"rendered":"<div class=\"wp-block-image\">\n<figure class=\"aligncenter size-full\"><img data-recalc-dims=\"1\" fetchpriority=\"high\" decoding=\"async\" width=\"600\" height=\"421\" src=\"https:\/\/i0.wp.com\/minutobahia24h.com.br\/wp-content\/uploads\/2024\/07\/Sem-titulo-176.jpg?resize=600%2C421&#038;ssl=1\" alt=\"\" class=\"wp-image-14619\" srcset=\"https:\/\/i0.wp.com\/minutobahia24h.com.br\/wp-content\/uploads\/2024\/07\/Sem-titulo-176.jpg?w=600&amp;ssl=1 600w, https:\/\/i0.wp.com\/minutobahia24h.com.br\/wp-content\/uploads\/2024\/07\/Sem-titulo-176.jpg?resize=300%2C211&amp;ssl=1 300w\" sizes=\"(max-width: 600px) 100vw, 600px\" \/><figcaption class=\"wp-element-caption\">Foto: Geraldo Magela\/Ag\u00eancia Senado<br><\/figcaption><\/figure>\n<\/div>\n\n\n<p>A grava\u00e7\u00e3o de reuni\u00e3o entre o ex-presidente Jair Bolsonaro (PL) e Alexandre Ramagem, ex-chefe da Ag\u00eancia Brasileira de Intelig\u00eancia (Abin), divulgada pelo Supremo Tribunal Federal (STF), mostra que o ex-chefe do Executivo sugeriu falar com o ent\u00e3o chefe da Receita Federal, Jos\u00e9 Tostes Neto, para discutir estrat\u00e9gias relacionadas as \u201crachadinhas\u201d de Fl\u00e1vio Bolsonaro (PL-RJ).<\/p>\n\n\n\n<p>No \u00e1udio, Bolsonaro sugere \u201cconversar com o chefe da Receita\u201d e que \u201cele t\u00e1 pedindo \u00e9 um favor\u201d. No encontro, realizado em 25 de agosto de 2020, foram discutidas supostas irregularidades cometidas pelos auditores da Receita Federal na confec\u00e7\u00e3o do Relat\u00f3rio de Intelig\u00eancia Fiscal que deu motivou a investiga\u00e7\u00e3o contra Fl\u00e1vio Bolsonaro.<\/p>\n\n\n\n<p>Al\u00e9m de Bolsonaro e Ramagem, participaram da reuni\u00e3o o ex-ministro-chefe do GSI (Gabinete de Seguran\u00e7a Institucional) e duas advogadas de Fl\u00e1vio, Luciana Pires e Juliana Bierrenbach.<\/p>\n\n\n\n<p>O contexto do \u00e1udio, segundo a PF, \u00e9 de uma suposta tentativa do governo Bolsonaro em investigar auditores fiscais do Fisco para blindar o filho 01 do ex-presidente. A representa\u00e7\u00e3o da PF com ind\u00edcios de crimes faz parte da investiga\u00e7\u00e3o que apura o uso ilegal de um sistema de geolocaliza\u00e7\u00e3o por funcion\u00e1rios da Abin.<\/p>\n\n\n\n<p>Bahia.ba<\/p>\n","protected":false},"excerpt":{"rendered":"<p>A grava\u00e7\u00e3o de reuni\u00e3o entre o ex-presidente Jair Bolsonaro (PL) e Alexandre Ramagem, ex-chefe da Ag\u00eancia Brasileira de Intelig\u00eancia (Abin), divulgada pelo Supremo Tribunal Federal (STF), mostra que o ex-chefe do Executivo sugeriu falar com o ent\u00e3o chefe da Receita Federal, Jos\u00e9 Tostes Neto, para discutir estrat\u00e9gias relacionadas as \u201crachadinhas\u201d de Fl\u00e1vio Bolsonaro (PL-RJ). No [&hellip;]<\/p>\n","protected":false},"author":2,"featured_media":14619,"comment_status":"open","ping_status":"open","sticky":false,"template":"","format":"standard","meta":{"_jetpack_memberships_contains_paid_content":false,"footnotes":""},"categories":[39],"tags":[],"class_list":["post-14618","post","type-post","status-publish","format-standard","has-post-thumbnail","hentry","category-politica"],"aioseo_notices":[],"jetpack_featured_media_url":"https:\/\/i0.wp.com\/minutobahia24h.com.br\/wp-content\/uploads\/2024\/07\/Sem-titulo-176.jpg?fit=600%2C421&ssl=1","jetpack_sharing_enabled":true,"_links":{"self":[{"href":"https:\/\/minutobahia24h.com.br\/index.php?rest_route=\/wp\/v2\/posts\/14618","targetHints":{"allow":["GET"]}}],"collection":[{"href":"https:\/\/minutobahia24h.com.br\/index.php?rest_route=\/wp\/v2\/posts"}],"about":[{"href":"https:\/\/minutobahia24h.com.br\/index.php?rest_route=\/wp\/v2\/types\/post"}],"author":[{"embeddable":true,"href":"https:\/\/minutobahia24h.com.br\/index.php?rest_route=\/wp\/v2\/users\/2"}],"replies":[{"embeddable":true,"href":"https:\/\/minutobahia24h.com.br\/index.php?rest_route=%2Fwp%2Fv2%2Fcomments&post=14618"}],"version-history":[{"count":1,"href":"https:\/\/minutobahia24h.com.br\/index.php?rest_route=\/wp\/v2\/posts\/14618\/revisions"}],"predecessor-version":[{"id":14620,"href":"https:\/\/minutobahia24h.com.br\/index.php?rest_route=\/wp\/v2\/posts\/14618\/revisions\/14620"}],"wp:featuredmedia":[{"embeddable":true,"href":"https:\/\/minutobahia24h.com.br\/index.php?rest_route=\/wp\/v2\/media\/14619"}],"wp:attachment":[{"href":"https:\/\/minutobahia24h.com.br\/index.php?rest_route=%2Fwp%2Fv2%2Fmedia&parent=14618"}],"wp:term":[{"taxonomy":"category","embeddable":true,"href":"https:\/\/minutobahia24h.com.br\/index.php?rest_route=%2Fwp%2Fv2%2Fcategories&post=14618"},{"taxonomy":"post_tag","embeddable":true,"href":"https:\/\/minutobahia24h.com.br\/index.php?rest_route=%2Fwp%2Fv2%2Ftags&post=14618"}],"curies":[{"name":"wp","href":"https:\/\/api.w.org\/{rel}","templated":true}]}}