{"id":14609,"date":"2024-07-16T06:45:55","date_gmt":"2024-07-16T09:45:55","guid":{"rendered":"https:\/\/minutobahia24h.com.br\/?p=14609"},"modified":"2024-07-16T06:45:56","modified_gmt":"2024-07-16T09:45:56","slug":"prefeito-de-caldeirao-candinho-e-vice-prefeito-pedro-henrique-participam-do-evento-melhores-do-brasil-em-salvador","status":"publish","type":"post","link":"https:\/\/minutobahia24h.com.br\/?p=14609","title":{"rendered":"Prefeito de Caldeir\u00e3o Candinho e vice-prefeito Pedro Henrique participam do evento \u201cMelhores do Brasil\u201d em Salvador"},"content":{"rendered":"<div class=\"wp-block-image\">\n<figure class=\"aligncenter size-full\"><img data-recalc-dims=\"1\" fetchpriority=\"high\" decoding=\"async\" width=\"800\" height=\"875\" src=\"https:\/\/i0.wp.com\/minutobahia24h.com.br\/wp-content\/uploads\/2024\/07\/Sem-titulo-173.jpg?resize=800%2C875&#038;ssl=1\" alt=\"\" class=\"wp-image-14610\" srcset=\"https:\/\/i0.wp.com\/minutobahia24h.com.br\/wp-content\/uploads\/2024\/07\/Sem-titulo-173.jpg?w=896&amp;ssl=1 896w, https:\/\/i0.wp.com\/minutobahia24h.com.br\/wp-content\/uploads\/2024\/07\/Sem-titulo-173.jpg?resize=274%2C300&amp;ssl=1 274w, https:\/\/i0.wp.com\/minutobahia24h.com.br\/wp-content\/uploads\/2024\/07\/Sem-titulo-173.jpg?resize=768%2C840&amp;ssl=1 768w, https:\/\/i0.wp.com\/minutobahia24h.com.br\/wp-content\/uploads\/2024\/07\/Sem-titulo-173.jpg?resize=750%2C820&amp;ssl=1 750w\" sizes=\"(max-width: 800px) 100vw, 800px\" \/><\/figure>\n<\/div>\n\n\n<p>Nesta segunda-feira, 15 de julho, o prefeito de Caldeir\u00e3o, Candinho, e o vice-prefeito, Pedro Henrique, participaram do evento &#8220;Melhores do Brasil&#8221;, realizado em Salvador. Promovido pela Funda\u00e7\u00e3o \u00cdndigo e Uni\u00e3o Brasil, o evento teve como foco a qualifica\u00e7\u00e3o e capacita\u00e7\u00e3o de agentes p\u00fablicos, oferecendo cursos em gest\u00e3o p\u00fablica. A cerim\u00f4nia contou com a presen\u00e7a de diversos prefeitos da Bahia, incluindo o prefeito de Salvador, Bruno Reis, e o ex-prefeito e atual presidente da Funda\u00e7\u00e3o \u00cdndigo, ACM Neto.\u00a0<\/p>\n\n\n\n<p>portalespacoaberto<\/p>\n","protected":false},"excerpt":{"rendered":"<p>Nesta segunda-feira, 15 de julho, o prefeito de Caldeir\u00e3o, Candinho, e o vice-prefeito, Pedro Henrique, participaram do evento &#8220;Melhores do Brasil&#8221;, realizado em Salvador. Promovido pela Funda\u00e7\u00e3o \u00cdndigo e Uni\u00e3o Brasil, o evento teve como foco a qualifica\u00e7\u00e3o e capacita\u00e7\u00e3o de agentes p\u00fablicos, oferecendo cursos em gest\u00e3o p\u00fablica. A cerim\u00f4nia contou com a presen\u00e7a de [&hellip;]<\/p>\n","protected":false},"author":2,"featured_media":14610,"comment_status":"open","ping_status":"open","sticky":false,"template":"","format":"standard","meta":{"_jetpack_memberships_contains_paid_content":false,"footnotes":""},"categories":[46],"tags":[],"class_list":["post-14609","post","type-post","status-publish","format-standard","has-post-thumbnail","hentry","category-noticia"],"aioseo_notices":[],"jetpack_featured_media_url":"https:\/\/i0.wp.com\/minutobahia24h.com.br\/wp-content\/uploads\/2024\/07\/Sem-titulo-173.jpg?fit=896%2C980&ssl=1","jetpack_sharing_enabled":true,"_links":{"self":[{"href":"https:\/\/minutobahia24h.com.br\/index.php?rest_route=\/wp\/v2\/posts\/14609","targetHints":{"allow":["GET"]}}],"collection":[{"href":"https:\/\/minutobahia24h.com.br\/index.php?rest_route=\/wp\/v2\/posts"}],"about":[{"href":"https:\/\/minutobahia24h.com.br\/index.php?rest_route=\/wp\/v2\/types\/post"}],"author":[{"embeddable":true,"href":"https:\/\/minutobahia24h.com.br\/index.php?rest_route=\/wp\/v2\/users\/2"}],"replies":[{"embeddable":true,"href":"https:\/\/minutobahia24h.com.br\/index.php?rest_route=%2Fwp%2Fv2%2Fcomments&post=14609"}],"version-history":[{"count":1,"href":"https:\/\/minutobahia24h.com.br\/index.php?rest_route=\/wp\/v2\/posts\/14609\/revisions"}],"predecessor-version":[{"id":14611,"href":"https:\/\/minutobahia24h.com.br\/index.php?rest_route=\/wp\/v2\/posts\/14609\/revisions\/14611"}],"wp:featuredmedia":[{"embeddable":true,"href":"https:\/\/minutobahia24h.com.br\/index.php?rest_route=\/wp\/v2\/media\/14610"}],"wp:attachment":[{"href":"https:\/\/minutobahia24h.com.br\/index.php?rest_route=%2Fwp%2Fv2%2Fmedia&parent=14609"}],"wp:term":[{"taxonomy":"category","embeddable":true,"href":"https:\/\/minutobahia24h.com.br\/index.php?rest_route=%2Fwp%2Fv2%2Fcategories&post=14609"},{"taxonomy":"post_tag","embeddable":true,"href":"https:\/\/minutobahia24h.com.br\/index.php?rest_route=%2Fwp%2Fv2%2Ftags&post=14609"}],"curies":[{"name":"wp","href":"https:\/\/api.w.org\/{rel}","templated":true}]}}