{"id":14595,"date":"2024-07-15T07:34:05","date_gmt":"2024-07-15T10:34:05","guid":{"rendered":"https:\/\/minutobahia24h.com.br\/?p=14595"},"modified":"2024-07-15T07:34:06","modified_gmt":"2024-07-15T10:34:06","slug":"abono-salarial-pis-pasep-2024-tera-novo-pagamento-nesta-segunda-veja-quem-recebe","status":"publish","type":"post","link":"https:\/\/minutobahia24h.com.br\/?p=14595","title":{"rendered":"Abono salarial PIS-Pasep 2024 ter\u00e1 novo pagamento nesta segunda; veja quem recebe"},"content":{"rendered":"<div class=\"wp-block-image\">\n<figure class=\"aligncenter size-full\"><img data-recalc-dims=\"1\" fetchpriority=\"high\" decoding=\"async\" width=\"800\" height=\"450\" src=\"https:\/\/i0.wp.com\/minutobahia24h.com.br\/wp-content\/uploads\/2024\/07\/Sem-titulo-169.jpg?resize=800%2C450&#038;ssl=1\" alt=\"\" class=\"wp-image-14596\" srcset=\"https:\/\/i0.wp.com\/minutobahia24h.com.br\/wp-content\/uploads\/2024\/07\/Sem-titulo-169.jpg?w=984&amp;ssl=1 984w, https:\/\/i0.wp.com\/minutobahia24h.com.br\/wp-content\/uploads\/2024\/07\/Sem-titulo-169.jpg?resize=300%2C169&amp;ssl=1 300w, https:\/\/i0.wp.com\/minutobahia24h.com.br\/wp-content\/uploads\/2024\/07\/Sem-titulo-169.jpg?resize=768%2C432&amp;ssl=1 768w, https:\/\/i0.wp.com\/minutobahia24h.com.br\/wp-content\/uploads\/2024\/07\/Sem-titulo-169.jpg?resize=750%2C422&amp;ssl=1 750w\" sizes=\"(max-width: 800px) 100vw, 800px\" \/><figcaption class=\"wp-element-caption\">O benef\u00edcio no valor de at\u00e9 um sal\u00e1rio-m\u00ednimo \u00e9 concedido anualmente a trabalhadores e servidores \u2014 Foto: Divulga\u00e7\u00e3o\/Caixa Econ\u00f4mica Federal<br><br><\/figcaption><\/figure>\n<\/div>\n\n\n<p>O pagamento do&nbsp;<a class=\"\" href=\"https:\/\/g1.globo.com\/trabalho-e-carreira\/noticia\/2024\/02\/07\/pis-pasep-2024-quem-tem-direito-a-sacar-o-abono-salarial-e-qual-e-o-calendario-de-pagamento.ghtml\">abono salarial PIS-Pasep 2024<\/a>, referente ao ano-base 2022, ser\u00e1 feito nesta segunda-feira (15) para os&nbsp;nascidos em setembro e outubro. Esta ser\u00e1 a sexta leva do benef\u00edcio liberada pelo governo federal neste ano.<\/p>\n\n\n\n<p>Em fevereiro, o Minist\u00e9rio do Trabalho fez&nbsp;<a class=\"\" href=\"https:\/\/g1.globo.com\/trabalho-e-carreira\/noticia\/2024\/02\/15\/pagamento-do-abono-salarial-pis-pasep-2024-comeca-nesta-quinta-feira-veja-quem-vai-receber.ghtml\"><strong>o pagamento para os nascidos no m\u00eas de janeiro<\/strong><\/a><strong>.&nbsp;<\/strong>J\u00e1 em mar\u00e7o,&nbsp;<a class=\"\" href=\"https:\/\/g1.globo.com\/trabalho-e-carreira\/noticia\/2024\/03\/15\/abono-salarial-pis-pasep-2024-tera-novo-pagamento-nesta-sexta-feira-veja-quem-vai-receber.ghtml\"><strong>foi a vez dos trabalhadores nascidos em fevereiro<\/strong><\/a>. Em abril,&nbsp;<a class=\"\" href=\"https:\/\/g1.globo.com\/trabalho-e-carreira\/noticia\/2024\/04\/15\/abono-salarial-pis-pasep-2024-tera-novo-pagamento-nesta-segunda-veja-os-dois-grupos-que-vao-receber.ghtml\"><strong>receberam os nascidos em mar\u00e7o e abril<\/strong><\/a>. Em maio,&nbsp;<a class=\"\" href=\"https:\/\/g1.globo.com\/trabalho-e-carreira\/noticia\/2024\/05\/15\/abono-salarial-pis-pasep-2024-tera-novo-pagamento-nesta-quarta-veja-quem-vai-receber.ghtml\"><strong>os beneficiados foram os nascidos em maio e junho<\/strong><\/a>.<\/p>\n\n\n\n<p>No m\u00eas passado, o pagamento foi feito para&nbsp;<a class=\"\" href=\"https:\/\/g1.globo.com\/trabalho-e-carreira\/noticia\/2024\/06\/17\/abono-salarial-pis-pasep-2024-tera-novo-pagamento-nesta-segunda-veja-quem-vai-receber.ghtml\"><strong>os nascidos em julho e agosto<\/strong><\/a>. No Rio Grande do Sul, al\u00e9m do pagamento j\u00e1 programado, o governo federal antecipou o benef\u00edcio para os trabalhadores nascidos de julho a dezembro, devido \u00e0 situa\u00e7\u00e3o de calamidade no estado.<\/p>\n\n\n\n<p>\u27a1\ufe0f O&nbsp;<strong>abono salarial<\/strong>&nbsp;\u00e9 um benef\u00edcio&nbsp;no valor de at\u00e9 um sal\u00e1rio-m\u00ednimo&nbsp;concedido anualmente a trabalhadores e servidores que atendem aos requisitos do programa.<\/p>\n\n\n\n<p>No geral, t\u00eam direito ao abono funcion\u00e1rios da iniciativa privada (<a class=\"\" href=\"https:\/\/g1.globo.com\/tudo-sobre\/pis\/\">PIS<\/a>) e servidores p\u00fablicos (<a class=\"\" href=\"https:\/\/g1.globo.com\/tudo-sobre\/pasep\/\">Pasep<\/a>) que trabalharam durante pelo menos 30 dias no ano-base e receberam at\u00e9 dois sal\u00e1rios-m\u00ednimos por m\u00eas.<\/p>\n\n\n\n<p>O banco de recebimento, data e os valores, inclusive de anos anteriores, est\u00e3o&nbsp;<a class=\"\" href=\"https:\/\/g1.globo.com\/trabalho-e-carreira\/noticia\/2024\/02\/05\/consulta-ao-abono-salarial-pis-pasep-2024-comeca-nesta-segunda-veja-se-vai-receber.ghtml\">dispon\u00edveis para consulta<\/a>&nbsp;no aplicativo&nbsp;<a class=\"\" href=\"https:\/\/www.gov.br\/pt-br\/temas\/carteira-de-trabalho-digital\" target=\"_blank\" rel=\"noreferrer noopener\"><strong>Carteira de Trabalho Digital&nbsp;<\/strong><\/a>e no portal&nbsp;<a class=\"\" href=\"https:\/\/www.gov.br\/pt-br\" target=\"_blank\" rel=\"noreferrer noopener\"><strong>Gov.br<\/strong><\/a>.<\/p>\n\n\n\n<p>Neste ano, o<a class=\"\" href=\"https:\/\/g1.globo.com\/trabalho-e-carreira\/noticia\/2023\/12\/14\/abono-salarial-pis-pasep-2024-comeca-a-ser-pago-em-fevereiro-veja-o-calendario.ghtml\">&nbsp;calend\u00e1rio de pagamento&nbsp;<\/a>foi unificado: tanto os trabalhadores da iniciativa privada como os servidores p\u00fablicos v\u00e3o receber de acordo com o m\u00eas de nascimento de cada benefici\u00e1rio<em>&nbsp;<\/em><strong><em>(confira o cronograma abaixo)<\/em><\/strong><em>.<\/em><\/p>\n\n\n\n<p>Ao todo, 24,8 milh\u00f5es de trabalhadores receber\u00e3o o abono neste ano, segundo o Minist\u00e9rio do Trabalho, sendo 21,9 milh\u00f5es da iniciativa privada e 2,9 milh\u00f5es do servi\u00e7o p\u00fablico.<strong><em>Veja perguntas e respostas:<\/em><\/strong><\/p>\n\n\n\n<ol class=\"wp-block-list\">\n<li><strong>Quem tem direito ao abono salarial?<\/strong><\/li>\n\n\n\n<li><strong>Quem n\u00e3o tem direito ao abono salarial?<\/strong><\/li>\n\n\n\n<li><strong>Qual \u00e9 o valor?<\/strong><\/li>\n\n\n\n<li><strong>Como consultar? (passo a passo)<\/strong><\/li>\n\n\n\n<li><strong>Como ser\u00e3o os pagamentos?<\/strong><\/li>\n\n\n\n<li><strong>Canal de d\u00favidas<\/strong><\/li>\n<\/ol>\n\n\n\n<p>Calend\u00e1rio de Pagamento Pis-Pasep 2024 (Ano-Base 2022)<\/p>\n\n\n\n<figure class=\"wp-block-table\"><table><tbody><tr><td>NASCIDO EM<\/td><td>RECEBE A PARTIR DE<\/td><td>Pagamento final<\/td><\/tr><tr><td>Janeiro<\/td><td>15\/02\/2024<\/td><td>27\/12\/2024<\/td><\/tr><tr><td>Fevereiro<\/td><td>15\/03\/2024<\/td><td>27\/12\/2024<\/td><\/tr><tr><td>Mar\u00e7o<\/td><td>15\/04\/2024<\/td><td>27\/12\/2024<\/td><\/tr><tr><td>Abril<\/td><td>15\/04\/2024<\/td><td>27\/12\/2024<\/td><\/tr><tr><td>Maio<\/td><td>15\/05\/2024<\/td><td>27\/12\/2024<\/td><\/tr><tr><td>Junho<\/td><td>15\/05\/2024<\/td><td>27\/12\/2024<\/td><\/tr><tr><td>Julho<\/td><td>17\/06\/2024<\/td><td>27\/12\/2024<\/td><\/tr><tr><td>Agosto<\/td><td>17\/06\/2024<\/td><td>27\/12\/2024<\/td><\/tr><tr><td>Setembro<\/td><td>15\/07\/2024<\/td><td>27\/12\/2024<\/td><\/tr><tr><td>Outubro<\/td><td>15\/07\/2024<\/td><td>27\/12\/2024<\/td><\/tr><tr><td>Novembro<\/td><td>15\/08\/2024<\/td><td>27\/12\/2024<\/td><\/tr><tr><td>Dezembro<\/td><td>15\/08\/2024<\/td><td>27\/12\/2024<\/td><\/tr><\/tbody><\/table><\/figure>\n\n\n\n<p>Fonte: Minist\u00e9rio do Trabalho e Emprego<\/p>\n\n\n\n<h2 class=\"wp-block-heading\"><strong>1. Quem tem direito ao abono salarial?<\/strong><\/h2>\n\n\n\n<p>Os trabalhadores devem atender aos seguintes crit\u00e9rios para ter direito ao benef\u00edcio:<\/p>\n\n\n\n<ul class=\"wp-block-list\">\n<li>estar cadastrado no programa PIS\/Pasep ou no CNIS\u00a0(data do primeiro emprego) h\u00e1 pelo menos cinco anos;<\/li>\n\n\n\n<li>ter trabalhado para empregadores que contribuem para o Programa de Integra\u00e7\u00e3o Social (PIS) ou para o Programa de Forma\u00e7\u00e3o do Patrim\u00f4nio do Servidor P\u00fablico (Pasep);<\/li>\n\n\n\n<li>ter recebido at\u00e9 2 sal\u00e1rios-m\u00ednimos m\u00e9dios\u00a0(no valor em vigor no ano-base) de remunera\u00e7\u00e3o mensal no per\u00edodo trabalhado;<\/li>\n\n\n\n<li>ter exercido atividade remunerada durante pelo menos 30 dias, consecutivos ou n\u00e3o, no ano-base da apura\u00e7\u00e3o (2022);<\/li>\n\n\n\n<li>ter os dados informados pelo empregador (pessoa jur\u00eddica ou governo) corretamente na Rela\u00e7\u00e3o Anual de Informa\u00e7\u00f5es Sociais (Rais) ou no eSocial do ano-base considerado para apura\u00e7\u00e3o (2022).<\/li>\n<\/ul>\n\n\n\n<h2 class=\"wp-block-heading\"><strong>2. Quem&nbsp;<\/strong><strong>n\u00e3o<\/strong><strong>&nbsp;tem direito ao abono salarial?<\/strong><\/h2>\n\n\n\n<ul class=\"wp-block-list\">\n<li>empregado(a) dom\u00e9stico(a);<\/li>\n\n\n\n<li>trabalhadores rurais empregados por pessoa f\u00edsica;<\/li>\n\n\n\n<li>trabalhadores urbanos empregados por pessoa f\u00edsica;<\/li>\n\n\n\n<li>trabalhadores empregados por pessoa f\u00edsica equiparada a jur\u00eddica.<\/li>\n<\/ul>\n\n\n\n<h2 class=\"wp-block-heading\"><strong>3. Qual \u00e9 o valor?<\/strong><\/h2>\n\n\n\n<p>O valor do abono salarial \u00e9<strong>&nbsp;proporcional ao tempo de servi\u00e7o do trabalhador no ano-base em quest\u00e3o<\/strong>.<\/p>\n\n\n\n<p>O c\u00e1lculo corresponde ao&nbsp;valor atual do sal\u00e1rio-m\u00ednimo&nbsp;dividido por 12 e multiplicado pela quantidade de meses trabalhados no ano-base. Assim, somente quem trabalhou os 12 meses do ano-base recebe o valor total de um sal\u00e1rio-m\u00ednimo.<\/p>\n\n\n\n<p>Neste ano,&nbsp;o benef\u00edcio ir\u00e1 variar de R$ 118 a R$ 1.412.&nbsp;<strong><em>Veja abaixo os valores conforme a quantidade de meses trabalhados:<\/em><\/strong><\/p>\n\n\n\n<p>Valor do Abono Salarial<\/p>\n\n\n\n<figure class=\"wp-block-table\"><table><tbody><tr><td>QUANTIDADE DE MESES TRABALHADOS NO ANO-BASE<\/td><td>VALOR DO ABONO SALARIAL<\/td><\/tr><tr><td>1<\/td><td>R$ 118<\/td><\/tr><tr><td>2<\/td><td>R$ 235<\/td><\/tr><tr><td>3<\/td><td>R$ 353<\/td><\/tr><tr><td>4<\/td><td>R$ 471<\/td><\/tr><tr><td>5<\/td><td>R$ 588<\/td><\/tr><tr><td>6<\/td><td>R$ 706<\/td><\/tr><tr><td>7<\/td><td>R$ 824<\/td><\/tr><tr><td>8<\/td><td>R$ 941<\/td><\/tr><tr><td>9<\/td><td>R$ 1.059<\/td><\/tr><tr><td>10<\/td><td>R$ 1.177<\/td><\/tr><tr><td>11<\/td><td>R$ 1.294<\/td><\/tr><tr><td>12<\/td><td>R$ 1.412<\/td><\/tr><\/tbody><\/table><\/figure>\n\n\n\n<p>Fonte: Minist\u00e9rio do Trabalho e Emprego<\/p>\n\n\n\n<h2 class=\"wp-block-heading\">4. Como consultar?<\/h2>\n\n\n\n<p>Para fazer a consulta pelo<a class=\"\" href=\"https:\/\/www.gov.br\/pt-br\/temas\/carteira-de-trabalho-digital\" target=\"_blank\" rel=\"noreferrer noopener\">&nbsp;aplicativo da Carteira de Trabalho Digital<\/a>, siga o&nbsp;<a class=\"\" href=\"https:\/\/www.gov.br\/trabalho-e-emprego\/pt-br\/noticias-e-conteudo\/2024\/Fevereiro\/abono-salarial-mte-disponibiliza-consulta-de-valores-e-datas-de-pagamento-nesta-segunda-feira-5-1\/passoAPassoAbonoSalarial2.pdf\" target=\"_blank\" rel=\"noreferrer noopener\"><strong>passo a passo<\/strong><\/a>:<\/p>\n\n\n\n<ol class=\"wp-block-list\">\n<li>Certifique-se de que o aplicativo esteja atualizado;<\/li>\n\n\n\n<li>Acesse o sistema com seu n\u00famero de CPF e a senha utilizada no portal gov.br;<\/li>\n\n\n\n<li>Toque em\u00a0<strong>&#8220;Benef\u00edcios&#8221;<\/strong>\u00a0e, em seguida, em &#8220;<strong>Abono Salarial&#8221;<\/strong>. A tela seguinte ir\u00e1 informar se o trabalhador est\u00e1 ou n\u00e3o habilitado para receber o benef\u00edcio.<\/li>\n<\/ol>\n\n\n\n<p>Vale lembrar que trabalhadores do setor privado tamb\u00e9m podem consultar a situa\u00e7\u00e3o do benef\u00edcio e a data de pagamento nos aplicativos&nbsp;<a class=\"\" href=\"https:\/\/www.caixa.gov.br\/atendimento\/aplicativos\/caixa-trabalhador\/Paginas\/default.aspx\" target=\"_blank\" rel=\"noreferrer noopener\">Caixa Trabalhador&nbsp;<\/a>e&nbsp;<a class=\"\" href=\"https:\/\/www.caixa.gov.br\/caixatem\/Paginas\/default.aspx\" target=\"_blank\" rel=\"noreferrer noopener\">Caixa Tem<\/a>.<\/p>\n\n\n\n<h2 class=\"wp-block-heading\"><strong>5. Como ser\u00e3o os pagamentos?<\/strong><\/h2>\n\n\n\n<p>O pagamento do PIS (Programa de Integra\u00e7\u00e3o Social) aos trabalhadores da iniciativa privada \u00e9 administrado pela&nbsp;<a class=\"\" href=\"https:\/\/g1.globo.com\/tudo-sobre\/caixa-economica-federal\/\">Caixa Econ\u00f4mica Federal<\/a>. S\u00e3o quatro op\u00e7\u00f5es para receber:<\/p>\n\n\n\n<ul class=\"wp-block-list\">\n<li>As pessoas que possuem conta corrente ou poupan\u00e7a na Caixa\u00a0receber\u00e3o o abono automaticamente, informou o banco.<\/li>\n\n\n\n<li>Tamb\u00e9m \u00e9 poss\u00edvel receber os valores por meio da Poupan\u00e7a Social Digital, cuja movimenta\u00e7\u00e3o \u00e9 feita pelo aplicativo Caixa Tem.<\/li>\n\n\n\n<li>Outra op\u00e7\u00e3o \u00e9 fazer o\u00a0saque com o cart\u00e3o social e senha\u00a0nos terminais de autoatendimento, unidades lot\u00e9ricas e Caixa Aqui.<\/li>\n\n\n\n<li>Se o trabalhador n\u00e3o possuir cart\u00e3o social, o pagamento tamb\u00e9m pode ser realizado em qualquer ag\u00eancia da Caixa com a apresenta\u00e7\u00e3o de um documento de identifica\u00e7\u00e3o.<\/li>\n<\/ul>\n\n\n\n<p>J\u00e1 o Pasep (Programa de Forma\u00e7\u00e3o do Patrim\u00f4nio do Servidor P\u00fablico) \u00e9 v\u00e1lido para os servidores p\u00fablicos, e os dep\u00f3sitos s\u00e3o feitos pelo&nbsp;<a class=\"\" href=\"https:\/\/g1.globo.com\/tudo-sobre\/banco-do-brasil\/\">Banco do Brasil<\/a>.<\/p>\n\n\n\n<p>Nesse caso, o pagamento ser\u00e1 realizado prioritariamente como cr\u00e9dito em conta banc\u00e1ria, transfer\u00eancia via TED, via PIX ou presencial nas ag\u00eancias de atendimento, informou o Minist\u00e9rio do Trabalho.<\/p>\n\n\n\n<h2 class=\"wp-block-heading\"><strong>6. Ainda tem d\u00favidas?<\/strong><\/h2>\n\n\n\n<p>Mais informa\u00e7\u00f5es podem ser solicitadas nos canais de atendimento do Minist\u00e9rio do Trabalho e nas unidades das Superintend\u00eancias Regionais do Trabalho,&nbsp;<strong>pelo telefone 158 ou pelo e-mail: trabalho.uf@economia.gov.br<\/strong>&nbsp;(substituindo os d\u00edgitos UF pela sigla do estado do trabalhador).<\/p>\n","protected":false},"excerpt":{"rendered":"<p>O pagamento do&nbsp;abono salarial PIS-Pasep 2024, referente ao ano-base 2022, ser\u00e1 feito nesta segunda-feira (15) para os&nbsp;nascidos em setembro e outubro. Esta ser\u00e1 a sexta leva do benef\u00edcio liberada pelo governo federal neste ano. Em fevereiro, o Minist\u00e9rio do Trabalho fez&nbsp;o pagamento para os nascidos no m\u00eas de janeiro.&nbsp;J\u00e1 em mar\u00e7o,&nbsp;foi a vez dos trabalhadores [&hellip;]<\/p>\n","protected":false},"author":2,"featured_media":14596,"comment_status":"open","ping_status":"open","sticky":false,"template":"","format":"standard","meta":{"_jetpack_memberships_contains_paid_content":false,"footnotes":""},"categories":[19],"tags":[],"class_list":["post-14595","post","type-post","status-publish","format-standard","has-post-thumbnail","hentry","category-economia"],"aioseo_notices":[],"jetpack_featured_media_url":"https:\/\/i0.wp.com\/minutobahia24h.com.br\/wp-content\/uploads\/2024\/07\/Sem-titulo-169.jpg?fit=984%2C554&ssl=1","jetpack_sharing_enabled":true,"_links":{"self":[{"href":"https:\/\/minutobahia24h.com.br\/index.php?rest_route=\/wp\/v2\/posts\/14595","targetHints":{"allow":["GET"]}}],"collection":[{"href":"https:\/\/minutobahia24h.com.br\/index.php?rest_route=\/wp\/v2\/posts"}],"about":[{"href":"https:\/\/minutobahia24h.com.br\/index.php?rest_route=\/wp\/v2\/types\/post"}],"author":[{"embeddable":true,"href":"https:\/\/minutobahia24h.com.br\/index.php?rest_route=\/wp\/v2\/users\/2"}],"replies":[{"embeddable":true,"href":"https:\/\/minutobahia24h.com.br\/index.php?rest_route=%2Fwp%2Fv2%2Fcomments&post=14595"}],"version-history":[{"count":1,"href":"https:\/\/minutobahia24h.com.br\/index.php?rest_route=\/wp\/v2\/posts\/14595\/revisions"}],"predecessor-version":[{"id":14597,"href":"https:\/\/minutobahia24h.com.br\/index.php?rest_route=\/wp\/v2\/posts\/14595\/revisions\/14597"}],"wp:featuredmedia":[{"embeddable":true,"href":"https:\/\/minutobahia24h.com.br\/index.php?rest_route=\/wp\/v2\/media\/14596"}],"wp:attachment":[{"href":"https:\/\/minutobahia24h.com.br\/index.php?rest_route=%2Fwp%2Fv2%2Fmedia&parent=14595"}],"wp:term":[{"taxonomy":"category","embeddable":true,"href":"https:\/\/minutobahia24h.com.br\/index.php?rest_route=%2Fwp%2Fv2%2Fcategories&post=14595"},{"taxonomy":"post_tag","embeddable":true,"href":"https:\/\/minutobahia24h.com.br\/index.php?rest_route=%2Fwp%2Fv2%2Ftags&post=14595"}],"curies":[{"name":"wp","href":"https:\/\/api.w.org\/{rel}","templated":true}]}}