{"id":14577,"date":"2024-07-15T07:03:12","date_gmt":"2024-07-15T10:03:12","guid":{"rendered":"https:\/\/minutobahia24h.com.br\/?p=14577"},"modified":"2024-07-15T07:03:15","modified_gmt":"2024-07-15T10:03:15","slug":"luto-na-musica-bonfinense-morre-tiao-da-sanfona-aos-83-anos","status":"publish","type":"post","link":"https:\/\/minutobahia24h.com.br\/?p=14577","title":{"rendered":"Luto na m\u00fasica bonfinense: Morre Ti\u00e3o da Sanfona, aos 83 anos"},"content":{"rendered":"<div class=\"wp-block-image\">\n<figure class=\"aligncenter size-full\"><img data-recalc-dims=\"1\" fetchpriority=\"high\" decoding=\"async\" width=\"618\" height=\"738\" src=\"https:\/\/i0.wp.com\/minutobahia24h.com.br\/wp-content\/uploads\/2024\/07\/Sem-titulo-163.jpg?resize=618%2C738&#038;ssl=1\" alt=\"\" class=\"wp-image-14578\" srcset=\"https:\/\/i0.wp.com\/minutobahia24h.com.br\/wp-content\/uploads\/2024\/07\/Sem-titulo-163.jpg?w=618&amp;ssl=1 618w, https:\/\/i0.wp.com\/minutobahia24h.com.br\/wp-content\/uploads\/2024\/07\/Sem-titulo-163.jpg?resize=251%2C300&amp;ssl=1 251w\" sizes=\"(max-width: 618px) 100vw, 618px\" \/><figcaption class=\"wp-element-caption\"><sub>Foto: Roberto Viana<\/sub><br><\/figcaption><\/figure>\n<\/div>\n\n\n<p>Morreu na manh\u00e3 deste domingo (14) em Senhor do Bonfim Sebasti\u00e3o Manoel da Silva, o popular&nbsp;<strong><mark>Ti\u00e3o da Sanfona<\/mark><\/strong>, aos 83 anos de idade. Um dos s\u00edmbolos do nosso S\u00e3o Jo\u00e3o, Ti\u00e3o era pernambucano de nascimento, e bonfinense de cora\u00e7\u00e3o.<\/p>\n\n\n\n<p>Folcl\u00f3rico artista da cultura popular, sua rela\u00e7\u00e3o com o forr\u00f3 come\u00e7ou aos 12 anos, em Bonito-PE, quando, a pedido de Luiz Gonzaga, tomou conta de sua sanfona enquanto o Rei do Bai\u00e3o tomava um caf\u00e9. Desde ent\u00e3o, foram mais de 70 anos fazendo a mais aut\u00eantica m\u00fasica nordestina.<\/p>\n\n\n\n<p>O corpo de Ti\u00e3o est\u00e1 sendo velado no Memorial Vila Nova e ser\u00e1 sepultado nesta segunda-feira (15), \u00e0s 9h da manh\u00e3, no Cemit\u00e9rio S\u00e3o L\u00e1zaro, em Senhor do Bonfim.<\/p>\n\n\n\n<p>blogdoeloiltoncajuhy<\/p>\n","protected":false},"excerpt":{"rendered":"<p>Morreu na manh\u00e3 deste domingo (14) em Senhor do Bonfim Sebasti\u00e3o Manoel da Silva, o popular&nbsp;Ti\u00e3o da Sanfona, aos 83 anos de idade. Um dos s\u00edmbolos do nosso S\u00e3o Jo\u00e3o, Ti\u00e3o era pernambucano de nascimento, e bonfinense de cora\u00e7\u00e3o. Folcl\u00f3rico artista da cultura popular, sua rela\u00e7\u00e3o com o forr\u00f3 come\u00e7ou aos 12 anos, em Bonito-PE, [&hellip;]<\/p>\n","protected":false},"author":2,"featured_media":14578,"comment_status":"open","ping_status":"open","sticky":false,"template":"","format":"standard","meta":{"_jetpack_memberships_contains_paid_content":false,"footnotes":""},"categories":[17],"tags":[],"class_list":["post-14577","post","type-post","status-publish","format-standard","has-post-thumbnail","hentry","category-senhor-do-bonfim"],"aioseo_notices":[],"jetpack_featured_media_url":"https:\/\/i0.wp.com\/minutobahia24h.com.br\/wp-content\/uploads\/2024\/07\/Sem-titulo-163.jpg?fit=618%2C738&ssl=1","jetpack_sharing_enabled":true,"_links":{"self":[{"href":"https:\/\/minutobahia24h.com.br\/index.php?rest_route=\/wp\/v2\/posts\/14577","targetHints":{"allow":["GET"]}}],"collection":[{"href":"https:\/\/minutobahia24h.com.br\/index.php?rest_route=\/wp\/v2\/posts"}],"about":[{"href":"https:\/\/minutobahia24h.com.br\/index.php?rest_route=\/wp\/v2\/types\/post"}],"author":[{"embeddable":true,"href":"https:\/\/minutobahia24h.com.br\/index.php?rest_route=\/wp\/v2\/users\/2"}],"replies":[{"embeddable":true,"href":"https:\/\/minutobahia24h.com.br\/index.php?rest_route=%2Fwp%2Fv2%2Fcomments&post=14577"}],"version-history":[{"count":1,"href":"https:\/\/minutobahia24h.com.br\/index.php?rest_route=\/wp\/v2\/posts\/14577\/revisions"}],"predecessor-version":[{"id":14579,"href":"https:\/\/minutobahia24h.com.br\/index.php?rest_route=\/wp\/v2\/posts\/14577\/revisions\/14579"}],"wp:featuredmedia":[{"embeddable":true,"href":"https:\/\/minutobahia24h.com.br\/index.php?rest_route=\/wp\/v2\/media\/14578"}],"wp:attachment":[{"href":"https:\/\/minutobahia24h.com.br\/index.php?rest_route=%2Fwp%2Fv2%2Fmedia&parent=14577"}],"wp:term":[{"taxonomy":"category","embeddable":true,"href":"https:\/\/minutobahia24h.com.br\/index.php?rest_route=%2Fwp%2Fv2%2Fcategories&post=14577"},{"taxonomy":"post_tag","embeddable":true,"href":"https:\/\/minutobahia24h.com.br\/index.php?rest_route=%2Fwp%2Fv2%2Ftags&post=14577"}],"curies":[{"name":"wp","href":"https:\/\/api.w.org\/{rel}","templated":true}]}}