{"id":14262,"date":"2024-07-05T08:02:37","date_gmt":"2024-07-05T11:02:37","guid":{"rendered":"https:\/\/minutobahia24h.com.br\/?p=14262"},"modified":"2024-07-05T08:02:38","modified_gmt":"2024-07-05T11:02:38","slug":"5-razoes-que-ajudam-a-explicar-a-derrota-da-direita-no-reino-unido-apos-14-anos-no-poder","status":"publish","type":"post","link":"https:\/\/minutobahia24h.com.br\/?p=14262","title":{"rendered":"5 raz\u00f5es que ajudam a explicar a derrota da direita no Reino Unido ap\u00f3s 14 anos no poder"},"content":{"rendered":"<div class=\"wp-block-image\">\n<figure class=\"aligncenter size-full\"><img data-recalc-dims=\"1\" fetchpriority=\"high\" decoding=\"async\" width=\"800\" height=\"536\" src=\"https:\/\/i0.wp.com\/minutobahia24h.com.br\/wp-content\/uploads\/2024\/07\/Sem-titulo-79.jpg?resize=800%2C536&#038;ssl=1\" alt=\"\" class=\"wp-image-14263\" srcset=\"https:\/\/i0.wp.com\/minutobahia24h.com.br\/wp-content\/uploads\/2024\/07\/Sem-titulo-79.jpg?w=984&amp;ssl=1 984w, https:\/\/i0.wp.com\/minutobahia24h.com.br\/wp-content\/uploads\/2024\/07\/Sem-titulo-79.jpg?resize=300%2C201&amp;ssl=1 300w, https:\/\/i0.wp.com\/minutobahia24h.com.br\/wp-content\/uploads\/2024\/07\/Sem-titulo-79.jpg?resize=768%2C514&amp;ssl=1 768w, https:\/\/i0.wp.com\/minutobahia24h.com.br\/wp-content\/uploads\/2024\/07\/Sem-titulo-79.jpg?resize=750%2C502&amp;ssl=1 750w\" sizes=\"(max-width: 800px) 100vw, 800px\" \/><figcaption class=\"wp-element-caption\">O premi\u00ea brit\u00e2nico Rishi Sunak, derrotado nas elei\u00e7\u00f5es de 4 de julho de 2024 \u2014 Foto: Getty Images<br><\/figcaption><\/figure>\n<\/div>\n\n\n<p>Ap\u00f3s 14 anos, o Partido Conservador vai deixar o poder no&nbsp;<a class=\"\" href=\"https:\/\/g1.globo.com\/tudo-sobre\/gra-bretanha\/\">Reino Unido<\/a>. Os primeiros resultados oficiais das elei\u00e7\u00f5es realizadas na quinta-feira (4\/7)<a class=\"\" href=\"https:\/\/www.bbc.com\/portuguese\/articles\/c3gwej6p53do?xtor=AL-73-%5Bpartner%5D-%5Bg1%5D-%5Blink%5D-%5Bbrazil%5D-%5Bbizdev%5D-%5Bisapi%5D\" target=\"_blank\" rel=\"noreferrer noopener\">&nbsp;<\/a>mostram que a oposi\u00e7\u00e3o trabalhista conquistou uma vit\u00f3ria esmagadora nas elei\u00e7\u00f5es nacionais, vencendo ao menos 410 dos 650 assentos do Parlamento.<\/p>\n\n\n\n<p>O partido do premi\u00ea&nbsp;<a class=\"\" href=\"https:\/\/g1.globo.com\/tudo-sobre\/rishi-sunak\/\">Rishi Sunak<\/a>&nbsp;elegeu cerca de 120 deputados, segundo os primeiros resultados.<\/p>\n\n\n\n<p>Com isso, Keir Starmer, l\u00edder dos trabalhistas, ser\u00e1 o novo premi\u00ea.<\/p>\n\n\n\n<p>&#8220;N\u00f3s conseguimos&#8221;, disse Starmer em discurso ap\u00f3s a divulga\u00e7\u00e3o dos primeiros resultados. &#8220;Voc\u00eas fizeram campanha por isso, lutaram por isso, votaram por isso, e a hora chegou. A mudan\u00e7a come\u00e7a agora.&#8221;<\/p>\n\n\n\n<p>Por sua vez, Sunak reconheceu a derrota e se desculpou com seus colegas conservadores. &#8220;Hoje o poder vai mudar de m\u00e3os de forma pac\u00edfica e ordenada com boa vontade dos dois lados&#8221;, disse o atual premi\u00ea, que continuar\u00e1 servindo no Parlamento como deputado na pr\u00f3xima legislatura.<\/p>\n\n\n\n<p>Os conservadores vinham dominando a pol\u00edtica brit\u00e2nica desde 2010, mas com sucessivas substitui\u00e7\u00f5es no cargo de primeiro-ministro.<\/p>\n\n\n\n<p>Foram cinco premi\u00eas diferentes desde ent\u00e3o. Sunak \u00e9 o terceiro primeiro-ministro em dois anos, e nem chegou a completar dois anos de mandato.<\/p>\n\n\n\n<p>Antes mesmo da divulga\u00e7\u00e3o dos primeiros resultados, as pesquisas de opini\u00e3o j\u00e1 vinham mostrando uma ampla vantagem da oposi\u00e7\u00e3o trabalhista.<\/p>\n\n\n\n<p>De acordo com analistas consultados pela BBC News Brasil, o ac\u00famulo de desgastes enfrentado pelos conservadores em 14 anos no poder fez com que o partido perdesse apoio.<\/p>\n\n\n\n<p>Confira, a seguir, alguns dos principais motivos que levaram \u00e0 derrota dos conservadores no&nbsp;<a class=\"\" href=\"https:\/\/g1.globo.com\/tudo-sobre\/gra-bretanha\/\">Reino Unido<\/a>.<\/p>\n\n\n\n<h2 class=\"wp-block-heading\">Esc\u00e2ndalos e crises<\/h2>\n\n\n\n<p>Os premi\u00eas conservadores enfrentaram uma sucess\u00e3o de crises e desafios que enfraqueceram sua imagem, segundo Daniel Devine, cientista pol\u00edtico da Universidade de Southampton.<\/p>\n\n\n\n<p>Primeiro, o Brexit, a sa\u00edda do&nbsp;<a class=\"\" href=\"https:\/\/g1.globo.com\/tudo-sobre\/gra-bretanha\/\">Reino Unido<\/a>&nbsp;da Uni\u00e3o Europeia. Ele foi aprovado em referendo em 2016, no governo de David Cameron, e implementado em 2020, depois de muitas discuss\u00f5es e rachas dentro do pr\u00f3prio partido.<\/p>\n\n\n\n<p>A dificuldade em fazer vigorar o Brexit levou \u00e0 ren\u00fancia da primeira-ministra que sucedeu a Cameron, Theresa May, e Boris Johnson assumiu o cargo de premi\u00ea com essa incumb\u00eancia.<\/p>\n\n\n\n<p>Mas o mandato dele foi marcado pela crise da pandemia de covid-19 \u2013 e, na mesma \u00e9poca, pelo esc\u00e2ndalo do Partygate &#8211; de festas realizadas em Downing Street, que \u00e9 a sede do governo, bem na \u00e9poca do per\u00edodo mais r\u00edgido de lockdown no&nbsp;<a class=\"\" href=\"https:\/\/g1.globo.com\/tudo-sobre\/gra-bretanha\/\">Reino Unido<\/a>.<\/p>\n\n\n\n<p>A presen\u00e7a do premi\u00ea e de diversos membros de sua equipe em festas durante o per\u00edodo de distanciamento social contra a covid-19 chegou a ser formalmente investigada por viola\u00e7\u00f5es das regras sanit\u00e1rias.<\/p>\n\n\n\n<p>Foram analisados 16 eventos realizados entre maio de 2020 e abril de 2021 em Downing Street (a resid\u00eancia oficial do primeiro-ministro) e nos gabinetes ministeriais, al\u00e9m de uma comemora\u00e7\u00e3o realizada nas depend\u00eancias do Departamento de Educa\u00e7\u00e3o.<\/p>\n\n\n\n<p>Um deles foi uma festa de anivers\u00e1rio organizada para o primeiro-ministro no chamado Cabinet Room (sala de reuni\u00f5es ministeriais) em 19 de junho de 2020.<\/p>\n\n\n\n<p>As revela\u00e7\u00f5es fizeram com que v\u00e1rios membros do Parlamento protocolassem pedidos para uma mo\u00e7\u00e3o de desconfian\u00e7a contra Johnson.<\/p>\n\n\n\n<p>Johnson chegou a pedir desculpas &#8220;pelas coisas em que n\u00e3o acertamos e pelo modo como o assunto tem sido tratado&#8221;.<\/p>\n\n\n\n<p>E, depois, vieram os problemas na economia, que chegaram ao auge no breve governo de Liz Truss, quando ela lan\u00e7ou um pacote econ\u00f4mico que causou alvoro\u00e7o no mercado financeiro e alimentou a infla\u00e7\u00e3o e os pre\u00e7os de hipotecas.<\/p>\n\n\n\n<p>&#8220;O grande ponto de virada para os conservadores foi o esc\u00e2ndalo do Partygate, que derrubou Boris Johnson&#8221;, diz Devine.<\/p>\n\n\n\n<p>&#8220;O segundo grande choque foi o plano or\u00e7ament\u00e1rio de Liz Truss. Ela ficou pouqu\u00edssimo tempo no poder, mas o resultado direto do seu projeto foi a disparada das hipotecas e da infla\u00e7\u00e3o.&#8221;<\/p>\n\n\n\n<h2 class=\"wp-block-heading\">Economia e custo de vida<\/h2>\n\n\n\n<p>A economia \u00e9 o maior problema enfrentado pelo\u00a0<a class=\"\" href=\"https:\/\/g1.globo.com\/tudo-sobre\/gra-bretanha\/\">Reino Unido<\/a>\u00a0atualmente, segundo a pr\u00f3pria popula\u00e7\u00e3o.<\/p>\n\n\n\n<p>Uma pesquisa recente da consultoria YouGov mostrou que 52% dos brit\u00e2nicos entrevistados colocam a quest\u00e3o acima de outros temas, como sa\u00fade p\u00fablica, seguran\u00e7a ou imigra\u00e7\u00e3o.<\/p>\n\n\n\n<p>E muitos analistas acreditam que a vantagem dos trabalhistas na elei\u00e7\u00e3o teve menos a ver com uma ades\u00e3o do eleitor aos projetos do partido, e mais com a insatisfa\u00e7\u00e3o perante o custo de vida.<\/p>\n\n\n\n<p>&#8220;Os conservadores, tantas vezes uma m\u00e1quina vencedora de elei\u00e7\u00f5es, uma pot\u00eancia de sucesso, s\u00e3o pulverizados, obliterados&#8221;, afirmou Chris Mason, editor de pol\u00edtica da BBC News, ap\u00f3s a divulga\u00e7\u00e3o dos primeiros resultados de boca de urna.<\/p>\n\n\n\n<p>&#8220;O que tudo isso nos diz? Que vivemos num mundo de volatilidade eleitoral sem precedentes \u2013 mais pessoas, em mais locais, est\u00e3o mais dispostas a mudar de ideias sobre pol\u00edtica com mais frequ\u00eancia e rapidez do que nunca.&#8221;<\/p>\n\n\n\n<figure class=\"wp-block-image\"><img data-recalc-dims=\"1\" decoding=\"async\" src=\"https:\/\/i0.wp.com\/s2-g1.glbimg.com\/Du8tX-NRNlWikHxdcIDxmKR6-aw%3D\/0x0%3A800x450\/984x0\/smart\/filters%3Astrip_icc%28%29\/i.s3.glbimg.com\/v1\/AUTH_59edd422c0c84a879bd37670ae4f538a\/internal_photos\/bs\/2024\/C\/k\/mAx3ExTk243COiBBUrIg\/e2ff19e0-39f3-11ef-bdc5-41d7421c2adf.jpg.webp?w=800&#038;ssl=1\" alt=\"Cada vez menos pessoas conseguem comprar im\u00f3veis no Reino Unido \u2014 Foto: Getty Images\"\/><\/figure>\n\n\n\n<p>Cada vez menos pessoas conseguem comprar im\u00f3veis no Reino Unido \u2014 Foto: Getty Images<\/p>\n\n\n\n<p>Assim como em outros pa\u00edses do mundo, a pandemia de covid-19 atingiu fortemente a economia brit\u00e2nica, aumentou o custo de vida e fez disparar as taxas de pobreza.<\/p>\n\n\n\n<p>No final de 2022, a infla\u00e7\u00e3o chegou ao ponto mais alto em quatro d\u00e9cadas, passando dos dois d\u00edgitos e superando em muito a meta de 2% ao ano da \u00e9poca. Por tr\u00e1s disso estavam problemas globais e nacionais.<\/p>\n\n\n\n<p>No \u00e2mbito mundial, aquele foi o momento em que a infla\u00e7\u00e3o no mundo inteiro era pressionada pela guerra na Ucr\u00e2nia, que entre outros impactos fez os custos de energia subirem em toda a Europa.<\/p>\n\n\n\n<p>E no \u00e2mbito nacional, o&nbsp;<a class=\"\" href=\"https:\/\/g1.globo.com\/tudo-sobre\/gra-bretanha\/\">Reino Unido<\/a>&nbsp;vivia uma conjun\u00e7\u00e3o dif\u00edcil de fatores, alguns que persistem at\u00e9 hoje.<\/p>\n\n\n\n<p>Primeiro, entidades como a C\u00e2mara de Com\u00e9rcio Brit\u00e2nico afirmam que persiste no&nbsp;<a class=\"\" href=\"https:\/\/g1.globo.com\/tudo-sobre\/gra-bretanha\/\">Reino Unido<\/a>&nbsp;uma escassez de m\u00e3o de obra que afeta v\u00e1rios setores da economia. Com menos gente para trabalhar, os custos de produ\u00e7\u00e3o sobem, e os pre\u00e7os sobem junto.<\/p>\n\n\n\n<p>Essa escassez ainda est\u00e1 sendo estudada por economistas e tem m\u00faltiplas causas, mas uma delas \u00e9 bastante conhecida: o Brexit, que fez muitos trabalhadores da Uni\u00e3o Europeia serem impedidos de permanecer no&nbsp;<a class=\"\" href=\"https:\/\/g1.globo.com\/tudo-sobre\/gra-bretanha\/\">Reino Unido<\/a>.<\/p>\n\n\n\n<p>Cr\u00edticos dizem que o Brexit tamb\u00e9m tem feito a economia brit\u00e2nica desacelerar nos \u00faltimos anos, por ter erguido barreiras para empresas brit\u00e2nicas que comercializam com a Europa, ou para empresas estrangeiras que usam o&nbsp;<a class=\"\" href=\"https:\/\/g1.globo.com\/tudo-sobre\/gra-bretanha\/\">Reino Unido<\/a>&nbsp;como sua base europeia.<\/p>\n\n\n\n<figure class=\"wp-block-image\"><img data-recalc-dims=\"1\" decoding=\"async\" src=\"https:\/\/i0.wp.com\/s2-g1.glbimg.com\/lp2WzEKrguuzOLco-pnxRfQbVqc%3D\/0x0%3A800x533\/984x0\/smart\/filters%3Astrip_icc%28%29\/i.s3.glbimg.com\/v1\/AUTH_59edd422c0c84a879bd37670ae4f538a\/internal_photos\/bs\/2024\/1\/n\/XgNhrURIaTAOAGI9b8nA\/5e317e00-39f4-11ef-bdc5-41d7421c2adf.jpg.webp?w=800&#038;ssl=1\" alt=\"Pessoa em situa\u00e7\u00e3o de rua no Reino Unido \u2014 Foto: GETTY IMAGES\"\/><\/figure>\n\n\n\n<p>Pessoa em situa\u00e7\u00e3o de rua no Reino Unido \u2014 Foto: GETTY IMAGES<\/p>\n\n\n\n<p>O plano or\u00e7ament\u00e1rio lan\u00e7ado em setembro de 2022 pela ent\u00e3o premi\u00ea Liz Truss s\u00f3 completou o cen\u00e1rio ruim.<\/p>\n\n\n\n<p>O plano previa cortes de impostos que totalizavam 45 bilh\u00f5es de libras. Mas ela n\u00e3o conseguiu demonstrar como o governo financiaria esses cortes e a incerteza provocou um caos praticamente imediato no mercado financeiro do pa\u00eds e fez o pre\u00e7o da libra despencar.<\/p>\n\n\n\n<p>A quest\u00e3o foi um dos motivos que levaram \u00e0 ren\u00fancia de Liz Truss, meros 45 dias ap\u00f3s ter assumido o cargo. Nas elei\u00e7\u00f5es desta quinta, a conservadora ainda perdeu seu assento no Parlamento para um advers\u00e1rio trabalhista, segundo os primeiros resultados.<\/p>\n\n\n\n<p>Mas mesmo ap\u00f3s a sa\u00edda de Truss em 2022, a instabilidade continuou: 2023 foi um ano turbulento na economia brit\u00e2nica, com empobrecimento de boa parte da popula\u00e7\u00e3o e ondas de greves em v\u00e1rios setores.<\/p>\n\n\n\n<p><a class=\"\" href=\"https:\/\/g1.globo.com\/tudo-sobre\/rishi-sunak\/\">Rishi Sunak<\/a>, que assumiu como premi\u00ea em outubro de 2022, reverteu as principais medidas de Truss, elevando impostos. Ao mesmo tempo, o Banco da Inglaterra elevou os juros &#8211; o que se traduziu em mais desacelera\u00e7\u00e3o econ\u00f4mica.<\/p>\n\n\n\n<p>O&nbsp;<a class=\"\" href=\"https:\/\/g1.globo.com\/tudo-sobre\/gra-bretanha\/\">Reino Unido<\/a>&nbsp;entrou oficialmente em recess\u00e3o em 2023, um reflexo da situa\u00e7\u00e3o j\u00e1 vivenciada por muitos cidad\u00e3os em seu dia a dia.<\/p>\n\n\n\n<p>Uma pesquisa da organiza\u00e7\u00e3o de caridade Debt Justice indicou que 6,7 milh\u00f5es de pessoas enfrentavam dificuldades financeiras na Gr\u00e3-Bretanha em mar\u00e7o de 2024.<\/p>\n\n\n\n<p>Outro relat\u00f3rio, publicado em janeiro deste ano pela Funda\u00e7\u00e3o Joseph Rowntree (JRF), indicou que 6 milh\u00f5es das pessoas mais pobres do pa\u00eds \u2013 aquelas que vivem em pobreza muito profunda \u2013 precisariam, em m\u00e9dia, mais do que duplicar suas rendas para superar suas dificuldades financeiras.<\/p>\n\n\n\n<figure class=\"wp-block-image\"><img data-recalc-dims=\"1\" decoding=\"async\" src=\"https:\/\/i0.wp.com\/s2-g1.glbimg.com\/NVBXFs_VfC6eEqqt53ONtuR4elI%3D\/0x0%3A800x450\/984x0\/smart\/filters%3Astrip_icc%28%29\/i.s3.glbimg.com\/v1\/AUTH_59edd422c0c84a879bd37670ae4f538a\/internal_photos\/bs\/2024\/3\/c\/qecJJgRAu5oiuFnVY3Dg\/aaa3a6f0-39f4-11ef-a044-9d4367d5b599.jpg.webp?w=800&#038;ssl=1\" alt=\"Plano de Liz Truss provocou caos no mercado financeiro do pa\u00eds e fez o pre\u00e7o da libra despencar em 2022 \u2014 Foto: EPA-EFE\/REX\/SHUTTERSTOCK\"\/><\/figure>\n\n\n\n<p>Plano de Liz Truss provocou caos no mercado financeiro do pa\u00eds e fez o pre\u00e7o da libra despencar em 2022 \u2014 Foto: EPA-EFE\/REX\/SHUTTERSTOCK<\/p>\n\n\n\n<p>Mas Sunak conseguiu alguns trunfos nos \u00faltimos meses de seu governo. No \u00faltimo 10 de maio, foi anunciado que a economia brit\u00e2nica cresceu 0,6% no primeiro trimestre de 2024, tirando o pa\u00eds do quadro de recess\u00e3o.<\/p>\n\n\n\n<p>E exatamente no mesmo dia em que a infla\u00e7\u00e3o caiu para 2,3%, o n\u00edvel mais baixo em quase tr\u00eas anos, Sunak anunciou a convoca\u00e7\u00e3o das elei\u00e7\u00f5es&nbsp;<em>(leia mais abaixo).<\/em><\/p>\n\n\n\n<p>Mas para Chris Mason, editor de pol\u00edtica da BBC News, apesar da mudan\u00e7a de governo, os desafios econ\u00f4micos devem persistir no in\u00edcio do governo trabalhista.<\/p>\n\n\n\n<p>&#8220;Lembre-se, por\u00e9m, que um novo governo enfrentar\u00e1 todos os velhos problemas que causaram tantos problemas ao seu antecessor \u2013 o custo de vida, as finan\u00e7as do governo, a carga fiscal, um mundo perigoso \u2013 nenhuma maioria, por maior que seja, pode apagar esses colossais desafios&#8221;, afirma.<\/p>\n\n\n\n<h2 class=\"wp-block-heading\">Imigra\u00e7\u00e3o<\/h2>\n\n\n\n<p>Os conservadores tamb\u00e9m vinham enfrentando cr\u00edticas referentes a outras pol\u00edticas de seu governo, em especial restri\u00e7\u00f5es or\u00e7ament\u00e1rias ao NHS, o sistema de sa\u00fade p\u00fablica, e suas decis\u00f5es sobre imigra\u00e7\u00e3o.<\/p>\n\n\n\n<p>Quando o tema \u00e9 imigra\u00e7\u00e3o, a discuss\u00e3o gira principalmente em torno de um plano do governo conservador para mandar imigrantes irregulares para Ruanda.<\/p>\n\n\n\n<p>Essa seria uma solu\u00e7\u00e3o para lidar com os migrantes que tentam entrar no&nbsp;<a class=\"\" href=\"https:\/\/g1.globo.com\/tudo-sobre\/gra-bretanha\/\">Reino Unido<\/a>&nbsp;cruzando o Canal da Mancha em pequenas embarca\u00e7\u00f5es.<\/p>\n\n\n\n<p>Em 2022, o total de pessoas que chegaram ao&nbsp;<a class=\"\" href=\"https:\/\/g1.globo.com\/tudo-sobre\/gra-bretanha\/\">Reino Unido<\/a>&nbsp;cruzando o Canal da Mancha foi de 45.700, o mais alto da hist\u00f3ria.<\/p>\n\n\n\n<p>O plano do governo conservador era de que qualquer solicitante de ref\u00fagio que entrasse ilegalmente no&nbsp;<a class=\"\" href=\"https:\/\/g1.globo.com\/tudo-sobre\/gra-bretanha\/\">Reino Unido<\/a>&nbsp;poderia ser enviado para Ruanda, s\u00f3 com passagem de ida, e ter seu pedido de ref\u00fagio analisado no pa\u00eds africano &#8211; e sem ter direito a voltar a solo brit\u00e2nico.<\/p>\n\n\n\n<p>O plano chegou a ser considerado inconstitucional pela Suprema Corte brit\u00e2nica e precisou ter sua reda\u00e7\u00e3o refeita, deixando expl\u00edcito que Ruanda ter\u00e1 condi\u00e7\u00f5es de dar seguran\u00e7a aos solicitantes de ref\u00fagio.<\/p>\n\n\n\n<p>Mas ainda assim permaneceu uma legisla\u00e7\u00e3o considerada por cr\u00edticos como desrespeitosa a direitos humanos b\u00e1sicos &#8211; uma vez que supostamente pode colocar, por exemplo, perseguidos pol\u00edticos sob o risco de serem enviados de volta a seus pa\u00edses de origem.<\/p>\n\n\n\n<p>Mas at\u00e9 agora nenhum voo de imigrantes para Ruanda foi de fato autorizado a decolar. Sunak prometeu que isso aconteceria depois das elei\u00e7\u00f5es, se vencesse.<\/p>\n\n\n\n<figure class=\"wp-block-image\"><img data-recalc-dims=\"1\" decoding=\"async\" src=\"https:\/\/i0.wp.com\/s2-g1.glbimg.com\/inUZl5HlgYPafx4eVc3xXt-coa0%3D\/0x0%3A800x450\/984x0\/smart\/filters%3Astrip_icc%28%29\/i.s3.glbimg.com\/v1\/AUTH_59edd422c0c84a879bd37670ae4f538a\/internal_photos\/bs\/2024\/Y\/2\/jjA0cqTq6CgJC0BLszUA\/df391bc0-39f4-11ef-bbe0-29f79e992ddd.jpg.webp?w=800&#038;ssl=1\" alt=\"O n\u00famero de pessoas que cruzam o Canal da Mancha aumentou consideravelmente em 2022 \u2014 Foto: Getty Images\"\/><\/figure>\n\n\n\n<p>O n\u00famero de pessoas que cruzam o Canal da Mancha aumentou consideravelmente em 2022 \u2014 Foto: Getty Images<\/p>\n\n\n\n<p>J\u00e1 o Partido Trabalhista afirmou antes da vota\u00e7\u00e3o que pretendia descartar essa iniciativa, por consider\u00e1-la cara e ineficaz.<\/p>\n\n\n\n<p>O plano da oposi\u00e7\u00e3o \u00e9 focar em usar as ag\u00eancias nacionais de seguran\u00e7a para combater as gangues que lucram com a imigra\u00e7\u00e3o irregular, bem como avaliar potenciais amea\u00e7as externas enfrentadas pelo&nbsp;<a class=\"\" href=\"https:\/\/g1.globo.com\/tudo-sobre\/gra-bretanha\/\">Reino Unido<\/a>.<\/p>\n\n\n\n<h2 class=\"wp-block-heading\">Trabalhistas mais moderados?<\/h2>\n\n\n\n<p>Os trabalhistas tamb\u00e9m vinham tentando se posicionar de forma mais moderada para atrair novos eleitores, segundo analistas.<\/p>\n\n\n\n<p>Para Daniel Devine, Keir Starmer puxou seu partido mais ao centro do espectro pol\u00edtico e conteve divis\u00f5es pol\u00edticas internas ap\u00f3s anos em que a agremia\u00e7\u00e3o, sob a lideran\u00e7a do antecessor Jeremy Corbyn, esteve bem mais alinhada \u00e0 esquerda.<\/p>\n\n\n\n<p>&#8220;At\u00e9 certo ponto a estrat\u00e9gia deles foi simplesmente n\u00e3o cometer grandes erros na campanha. Ou seja, jogarem de forma cautelosa e serem cuidadosos com o eleitorado&#8221;, diz.<\/p>\n\n\n\n<p>&#8220;Mas eles tamb\u00e9m apelaram para os eleitores de centrou ou centro-direita prometendo n\u00e3o balan\u00e7ar muito o barco, conter as ondas imigrat\u00f3rias e manter os planos de gastos dos conservadores.&#8221;<\/p>\n\n\n\n<p>Para analistas, por um lado esse movimento para o centro pode ter aproximado o partido de muitos eleitores. De outro, gerou cr\u00edticas de uma ala que acha que Starmer abandonou os projetos socialistas e de bem-estar social dos Trabalhistas.<\/p>\n\n\n\n<p>Durante a campanha, Starmer disse que seu partido mudou de forma permanente, mas que continua alinhado a valores progressistas.<\/p>\n\n\n\n<p>&#8220;Essa elei\u00e7\u00e3o \u00e9 sobre uma oportunidade de mudan\u00e7a&#8221;, disse. &#8220;Ao longo dos \u00faltimos quatro anos, n\u00f3s mudamos o Partido Trabalhista. Retornamos o partido ao servi\u00e7o do povo trabalhador.&#8221;<\/p>\n\n\n\n<figure class=\"wp-block-image\"><img data-recalc-dims=\"1\" decoding=\"async\" src=\"https:\/\/i0.wp.com\/s2-g1.glbimg.com\/akQyacsamOGIgXCgYWAJPsLabbo%3D\/0x0%3A800x533\/984x0\/smart\/filters%3Astrip_icc%28%29\/i.s3.glbimg.com\/v1\/AUTH_59edd422c0c84a879bd37670ae4f538a\/internal_photos\/bs\/2024\/E\/w\/DcVze6R5OS7V8nMUYiSg\/0ebc7fe0-39f5-11ef-a044-9d4367d5b599.jpg.webp?w=800&#038;ssl=1\" alt=\"'Ao longo dos \u00faltimos quatro anos, n\u00f3s mudamos o Partido Trabalhista', disse Kier Starmer durante a campanha \u2014 Foto: Getty Images\"\/><\/figure>\n\n\n\n<p>&#8216;Ao longo dos \u00faltimos quatro anos, n\u00f3s mudamos o Partido Trabalhista&#8217;, disse Kier Starmer durante a campanha \u2014 Foto: Getty Images<\/p>\n\n\n\n<h2 class=\"wp-block-heading\">Esc\u00f3cia<\/h2>\n\n\n\n<p>O desempenho dos trabalhistas na Esc\u00f3cia tamb\u00e9m pode ter tido um impacto importante no resultado da elei\u00e7\u00e3o geral.<\/p>\n\n\n\n<p>Como parte do&nbsp;<a class=\"\" href=\"https:\/\/g1.globo.com\/tudo-sobre\/gra-bretanha\/\">Reino Unido<\/a>, a Esc\u00f3cia elege 57 dos 650 deputados do Parlamento.<\/p>\n\n\n\n<p>O pa\u00eds tamb\u00e9m tem seu pr\u00f3prio Parlamento e governo desde 1999 e faz suas pr\u00f3prias pol\u00edticas de sa\u00fade p\u00fablica, educa\u00e7\u00e3o e outros assuntos.<\/p>\n\n\n\n<p>O Partido Trabalhista dominou o cen\u00e1rio pol\u00edtico local por muitos anos, mas ap\u00f3s a cria\u00e7\u00e3o do governo local em 1999 e a realiza\u00e7\u00e3o de um referendo de independ\u00eancia em 2014, o Partido Nacional Escoc\u00eas, ou SNP, se tornou a op\u00e7\u00e3o da maioria dos eleitores.<\/p>\n\n\n\n<p>Mas recentemente o SNP tem passado por momentos de instabilidade, motivados por esc\u00e2ndalos internos e os mesmos desafios enfrentados pelos conservadores em todo o&nbsp;<a class=\"\" href=\"https:\/\/g1.globo.com\/tudo-sobre\/gra-bretanha\/\">Reino Unido<\/a>.<\/p>\n\n\n\n<p>Os primeiros resultados da elei\u00e7\u00e3o indicam que os trabalhistas ganharam 37 dos 57 assentos da Esc\u00f3cia no Parlamento brit\u00e2nico. O SNP, que em 2019 elegeu 48 deputados, passar\u00e1 a ter apenas cerca de 10 na pr\u00f3xima legislatura.<\/p>\n\n\n\n<h2 class=\"wp-block-heading\">Por que elei\u00e7\u00f5es foram antecipadas?<\/h2>\n\n\n\n<p>As elei\u00e7\u00f5es de 4 de julho foram convocadas mais cedo do que o esperado. O mandato de premi\u00ea \u00e9 de cinco anos, e a lei do&nbsp;<a class=\"\" href=\"https:\/\/g1.globo.com\/tudo-sobre\/gra-bretanha\/\">Reino Unido<\/a>&nbsp;prev\u00ea que o pr\u00f3prio governo deve convocar a vota\u00e7\u00e3o. E neste caso o prazo m\u00e1ximo para que ela acontecesse era janeiro de 2025.<\/p>\n\n\n\n<p>A expectativa inicial era que&nbsp;<a class=\"\" href=\"https:\/\/g1.globo.com\/tudo-sobre\/rishi-sunak\/\">Rishi Sunak<\/a>&nbsp;escolhesse uma data entre outubro e dezembro deste ano, mas o premi\u00ea surpreendeu ao antecipar esse calend\u00e1rio e dissolver o Parlamento.<\/p>\n\n\n\n<p>Dissolver o Parlamento \u00e9 o termo usado oficialmente para encerrar os trabalhos de uma legislatura antes de ela ser renovada na pr\u00f3xima elei\u00e7\u00e3o.<\/p>\n\n\n\n<p>Segundo Rob Watson, correspondente de pol\u00edtica da BBC, a decis\u00e3o de antecipar o pleito veio da expectativa de Sunak de que uma melhora na economia poderia beneficiar os conservadores &#8211; algo que n\u00e3o aconteceu.<\/p>\n\n\n\n<p>&#8220;Especula-se que ele fez o c\u00e1lculo de que a situa\u00e7\u00e3o n\u00e3o iria melhorar muito mais para o partido Conservador no governo&#8221;, disse. &#8220;Embora eles estivessem muito atr\u00e1s nas pesquisas de opini\u00e3o, havia not\u00edcias melhores sobre infla\u00e7\u00e3o e crescimento econ\u00f4mico.&#8221;<\/p>\n","protected":false},"excerpt":{"rendered":"<p>Ap\u00f3s 14 anos, o Partido Conservador vai deixar o poder no&nbsp;Reino Unido. Os primeiros resultados oficiais das elei\u00e7\u00f5es realizadas na quinta-feira (4\/7)&nbsp;mostram que a oposi\u00e7\u00e3o trabalhista conquistou uma vit\u00f3ria esmagadora nas elei\u00e7\u00f5es nacionais, vencendo ao menos 410 dos 650 assentos do Parlamento. O partido do premi\u00ea&nbsp;Rishi Sunak&nbsp;elegeu cerca de 120 deputados, segundo os primeiros resultados. [&hellip;]<\/p>\n","protected":false},"author":2,"featured_media":14263,"comment_status":"open","ping_status":"open","sticky":false,"template":"","format":"standard","meta":{"_jetpack_memberships_contains_paid_content":false,"footnotes":""},"categories":[15],"tags":[],"class_list":["post-14262","post","type-post","status-publish","format-standard","has-post-thumbnail","hentry","category-mundo"],"aioseo_notices":[],"jetpack_featured_media_url":"https:\/\/i0.wp.com\/minutobahia24h.com.br\/wp-content\/uploads\/2024\/07\/Sem-titulo-79.jpg?fit=984%2C659&ssl=1","jetpack_sharing_enabled":true,"_links":{"self":[{"href":"https:\/\/minutobahia24h.com.br\/index.php?rest_route=\/wp\/v2\/posts\/14262","targetHints":{"allow":["GET"]}}],"collection":[{"href":"https:\/\/minutobahia24h.com.br\/index.php?rest_route=\/wp\/v2\/posts"}],"about":[{"href":"https:\/\/minutobahia24h.com.br\/index.php?rest_route=\/wp\/v2\/types\/post"}],"author":[{"embeddable":true,"href":"https:\/\/minutobahia24h.com.br\/index.php?rest_route=\/wp\/v2\/users\/2"}],"replies":[{"embeddable":true,"href":"https:\/\/minutobahia24h.com.br\/index.php?rest_route=%2Fwp%2Fv2%2Fcomments&post=14262"}],"version-history":[{"count":1,"href":"https:\/\/minutobahia24h.com.br\/index.php?rest_route=\/wp\/v2\/posts\/14262\/revisions"}],"predecessor-version":[{"id":14264,"href":"https:\/\/minutobahia24h.com.br\/index.php?rest_route=\/wp\/v2\/posts\/14262\/revisions\/14264"}],"wp:featuredmedia":[{"embeddable":true,"href":"https:\/\/minutobahia24h.com.br\/index.php?rest_route=\/wp\/v2\/media\/14263"}],"wp:attachment":[{"href":"https:\/\/minutobahia24h.com.br\/index.php?rest_route=%2Fwp%2Fv2%2Fmedia&parent=14262"}],"wp:term":[{"taxonomy":"category","embeddable":true,"href":"https:\/\/minutobahia24h.com.br\/index.php?rest_route=%2Fwp%2Fv2%2Fcategories&post=14262"},{"taxonomy":"post_tag","embeddable":true,"href":"https:\/\/minutobahia24h.com.br\/index.php?rest_route=%2Fwp%2Fv2%2Ftags&post=14262"}],"curies":[{"name":"wp","href":"https:\/\/api.w.org\/{rel}","templated":true}]}}