{"id":14093,"date":"2024-07-02T07:31:47","date_gmt":"2024-07-02T10:31:47","guid":{"rendered":"https:\/\/minutobahia24h.com.br\/?p=14093"},"modified":"2024-07-02T07:31:48","modified_gmt":"2024-07-02T10:31:48","slug":"entenda-a-eleicao-para-deputados-na-franca-e-reflexos-da-disputa","status":"publish","type":"post","link":"https:\/\/minutobahia24h.com.br\/?p=14093","title":{"rendered":"Entenda a elei\u00e7\u00e3o para deputados na Fran\u00e7a e reflexos da disputa"},"content":{"rendered":"<div class=\"wp-block-image\">\n<figure class=\"aligncenter size-full\"><img data-recalc-dims=\"1\" fetchpriority=\"high\" decoding=\"async\" width=\"603\" height=\"421\" src=\"https:\/\/i0.wp.com\/minutobahia24h.com.br\/wp-content\/uploads\/2024\/07\/Sem-titulo-30.jpg?resize=603%2C421&#038;ssl=1\" alt=\"\" class=\"wp-image-14094\" srcset=\"https:\/\/i0.wp.com\/minutobahia24h.com.br\/wp-content\/uploads\/2024\/07\/Sem-titulo-30.jpg?w=603&amp;ssl=1 603w, https:\/\/i0.wp.com\/minutobahia24h.com.br\/wp-content\/uploads\/2024\/07\/Sem-titulo-30.jpg?resize=300%2C209&amp;ssl=1 300w\" sizes=\"(max-width: 603px) 100vw, 603px\" \/><figcaption class=\"wp-element-caption\">Foto: Reprodu\u00e7\u00e3o\/ Redes sociais<br><\/figcaption><\/figure>\n<\/div>\n\n\n<p>Cerca de 66,71% dos pouco mais de 49,33 milh\u00f5es de eleitores aptos a votar participaram, neste domingo (30), do primeiro turno das elei\u00e7\u00f5es legislativas na Fran\u00e7a. Conforme os resultados que o Minist\u00e9rio do Interior divulgou, o \u00edndice de comparecimento foi um dos maiores das \u00faltimas d\u00e9cadas, evidenciando o grande interesse da popula\u00e7\u00e3o no pleito, cujo segundo turno est\u00e1 agendado para o pr\u00f3ximo domingo (7).<\/p>\n\n\n\n<p>A taxa de participa\u00e7\u00e3o espont\u00e2nea (na Fran\u00e7a, o voto n\u00e3o \u00e9 obrigat\u00f3rio) registrada ontem \u00e9 a maior para o primeiro turno de uma elei\u00e7\u00e3o legislativa francesa desde 1997, quando 67,9% dos eleitores foram \u00e0s urnas para escolher os 577 deputados que comp\u00f5em a Assembleia Nacional \u2013 equivalente \u00e0 C\u00e2mara dos Deputados brasileira. No primeiro turno das \u00faltimas elei\u00e7\u00f5es legislativas, em 2022, mais da metade (52,5%) dos eleitores se abstiveram de votar.<\/p>\n\n\n\n<p>Os 577 deputados, mais 348 senadores, integram o Parlamento franc\u00eas, respons\u00e1vel por criar ou alterar as leis nacionais e controlar as a\u00e7\u00f5es do governo federal. O mandato de um deputado tem dura\u00e7\u00e3o de cinco anos, mas pode ser interrompido pela dissolu\u00e7\u00e3o da Assembleia Nacional, conforme aconteceu este ano. No in\u00edcio de junho, o presidente Emmanuel Macron dissolveu a Assembleia Nacional e anunciou a antecipa\u00e7\u00e3o da elei\u00e7\u00e3o que estava prevista para 2027, quando tamb\u00e9m termina o mandato de Macron.<\/p>\n\n\n\n<p>O presidente franc\u00eas anunciou a medida ap\u00f3s eleitores de 21 pa\u00edses da Uni\u00e3o Europeia, incluindo a Fran\u00e7a, votarem para a forma\u00e7\u00e3o do Parlamento Europeu. A iniciativa foi motivada pelo avan\u00e7o dos candidatos do partido de extrema-direita Reagrupamento Nacional (RN), de Marine Le Pen e do jovem Jordan Bardella, de 28 anos. Na ocasi\u00e3o, Macron disse que os resultados das elei\u00e7\u00f5es europeias foram \u201cum desastre\u201d para seu governo e que ele n\u00e3o poderia ignorar.<\/p>\n\n\n\n<p>A antecipa\u00e7\u00e3o da elei\u00e7\u00e3o foi considerada uma estrat\u00e9gia arriscada, j\u00e1 que Macron ter\u00e1 que dividir o poder com os advers\u00e1rios pol\u00edticos, caso a guinada \u00e0 direita dos eleitores franceses se confirme. Ao menos no primeiro turno das elei\u00e7\u00f5es antecipadas, foi isso o que aconteceu. O Reagrupamento Nacional (RN), de Le Pen, obteve 29,25% dos votos, sendo seguido pela Nova Frente Popular, uma coaliz\u00e3o de partidos de esquerda, com 27,99% dos votos. O Juntos Pela Rep\u00fablica, da base de apoio a Macron, terminou na terceira posi\u00e7\u00e3o, com 20,04% dos votos nacionais. Com o resultado, os tr\u00eas partidos conquistaram, respectivamente, j\u00e1 no primeiro turno, 37, 32 e 2 assentos da futura legislatura.<\/p>\n\n\n\n<p>A vantagem que a extrema direita alcan\u00e7ou no primeiro turno \u00e9 ainda maior quando se leva em conta que Uni\u00e3o da Extrema Direita (UXD), aliada do RN, obteve 3,9% dos votos, motivando v\u00e1rios ve\u00edculos de imprensa e analistas a apontarem que, no total, o campo ideol\u00f3gico representado por Le Pen conquistou 33,15% dos votos e um assento. Mas, conforme destacou o professor do Instituto de Ci\u00eancia Pol\u00edtica da Universidade de Bras\u00edlia (UnB), Adrian Nicolas Albala Young, em entrevista \u00e0 Ag\u00eancia Brasil, apenas 76 candidatos conseguiram se eleger j\u00e1 no primeiro turno. O que significa dizer que ainda h\u00e1 501 assentos em disputa, n\u00e3o sendo poss\u00edvel afirmar como a Assembleia Nacional se reorganizar\u00e1 a partir do segundo turno das elei\u00e7\u00f5es legislativas.<\/p>\n\n\n\n<p>\u201cO sistema eleitoral franc\u00eas \u00e9 bem diferente do brasileiro\u201d, comentou Nicolas, que nasceu na Fran\u00e7a. \u201cEnquanto no Brasil, cada unidade federativa elege um n\u00famero de representantes pol\u00edticos proporcional ao tamanho do seu eleitorado, na Fran\u00e7a h\u00e1 o que chamamos de circunscri\u00e7\u00f5es, com ao redor de 15 mil a 20 mil pessoas, e cada uma delas escolhe um representante. Quem obt\u00e9m maioria absoluta [metade dos votos, mais um] dos votos de sua circunscri\u00e7\u00e3o j\u00e1 no primeiro turno, \u00e9 eleito. Se a maioria absoluta n\u00e3o \u00e9 atingida, os primeiros colocados e quem obteve ao menos 12,5% segue para disputar o segundo turno. \u00c9 comum, em v\u00e1rias localidades, at\u00e9 quatro candidatos disputarem um eventual segundo turno. E das 577 localidades, em mais de 500 a vaga segue em aberto\u201d, explica o professor, acrescentando que, no segundo turno, \u00e9 eleito deputado o candidato que obt\u00e9m a maioria dos votos de seu c\u00edrculo eleitoral.<\/p>\n\n\n\n<p>\u201cPor um lado, \u00e9 quase certo que o presidente Macron n\u00e3o ter\u00e1 maioria [dos deputados na pr\u00f3xima legislatura]. Ele j\u00e1 n\u00e3o a tinha, mas chegava perto, faltando-lhe algo como 30 dos 577 assentos. Agora, conforme as proje\u00e7\u00f5es, sua base na Assembleia vai diminuir. De forma que sua estrat\u00e9gia de antecipar as elei\u00e7\u00f5es para tentar conter as perdas [decorrentes do avan\u00e7o da extrema direita na prefer\u00eancia do eleitorado] foi um fracasso total. Por outro lado, resta a d\u00favida se o Reagrupamento Nacional vai conseguir a maioria absoluta. \u00c9 totalmente poss\u00edvel, mas como muitas vari\u00e1veis locais influenciam o resultado, \u00e9 dif\u00edcil fazer proje\u00e7\u00f5es confi\u00e1veis\u201d, ponderou Nicolas, lembrando que as lideran\u00e7as do Reagrupamento Nacional j\u00e1 manifestaram que, caso n\u00e3o obtenham maioria absoluta, n\u00e3o reivindicar\u00e3o a chefia do governo, em um pa\u00eds cujo regime \u00e9 semipresidencialista.<\/p>\n\n\n\n<p>Na Fran\u00e7a, o presidente n\u00e3o \u00e9 chefe de governo, mas sim de Estado. \u201cO chefe de governo \u00e9 o primeiro-ministro. O Reagrupamento Nacional garantiu que s\u00f3 indicar\u00e1 o primeiro-ministro caso obtenha maioria absoluta na Assembleia. Se isso ocorrer, teremos uma situa\u00e7\u00e3o j\u00e1 conhecida na Fran\u00e7a, que \u00e9 a coabita\u00e7\u00e3o: um presidente de um vi\u00e9s ideol\u00f3gico, e um primeiro-ministro de outra corrente pol\u00edtica. A novidade, em termos franceses, ser\u00e1 a extrema direita chefiar o governo\u201d, lembra o professor, destacando que a eventual vit\u00f3ria do Reagrupamento Nacional no pr\u00f3ximo fim de semana ter\u00e1 impactos para a Uni\u00e3o Europeia, com eventuais reflexos tamb\u00e9m para o Brasil.<\/p>\n\n\n\n<p>\u201cSe o Reagrupamento Nacional sair vitorioso e com possibilidades de governar, estaremos frente ao primeiro governo franc\u00eas abertamente euroc\u00e9tico, ou seja, desfavor\u00e1vel \u00e0 Uni\u00e3o Europeia \u2013 embora eu considere que a sa\u00edda do bloco seja totalmente improv\u00e1vel, acho que os processos de integra\u00e7\u00e3o e de amplia\u00e7\u00e3o tenderiam a ser congelados. Tamb\u00e9m seria de se esperar um engajamento muito menor do governo franc\u00eas em rela\u00e7\u00e3o a aspectos como a guerra na Ucr\u00e2nia. J\u00e1 para o Brasil, pode haver retrocessos no apoio em quest\u00f5es ambientais. Al\u00e9m disso, se sa\u00edrem vitoriosos, os direitistas franceses, que t\u00eam no setor agr\u00edcola uma base de apoio importante, seguir\u00e3o travando ou at\u00e9 acabar\u00e3o de vez com a possibilidade de um acordo Mercosul-Uni\u00e3o Europeia, em rela\u00e7\u00e3o ao qual o Macron j\u00e1 n\u00e3o \u00e9 muito favor\u00e1vel\u201d, concluiu o professor.<\/p>\n\n\n\n<p>Bahia.ba<\/p>\n","protected":false},"excerpt":{"rendered":"<p>Cerca de 66,71% dos pouco mais de 49,33 milh\u00f5es de eleitores aptos a votar participaram, neste domingo (30), do primeiro turno das elei\u00e7\u00f5es legislativas na Fran\u00e7a. Conforme os resultados que o Minist\u00e9rio do Interior divulgou, o \u00edndice de comparecimento foi um dos maiores das \u00faltimas d\u00e9cadas, evidenciando o grande interesse da popula\u00e7\u00e3o no pleito, cujo [&hellip;]<\/p>\n","protected":false},"author":2,"featured_media":14094,"comment_status":"open","ping_status":"open","sticky":false,"template":"","format":"standard","meta":{"_jetpack_memberships_contains_paid_content":false,"footnotes":""},"categories":[15],"tags":[],"class_list":["post-14093","post","type-post","status-publish","format-standard","has-post-thumbnail","hentry","category-mundo"],"aioseo_notices":[],"jetpack_featured_media_url":"https:\/\/i0.wp.com\/minutobahia24h.com.br\/wp-content\/uploads\/2024\/07\/Sem-titulo-30.jpg?fit=603%2C421&ssl=1","jetpack_sharing_enabled":true,"_links":{"self":[{"href":"https:\/\/minutobahia24h.com.br\/index.php?rest_route=\/wp\/v2\/posts\/14093","targetHints":{"allow":["GET"]}}],"collection":[{"href":"https:\/\/minutobahia24h.com.br\/index.php?rest_route=\/wp\/v2\/posts"}],"about":[{"href":"https:\/\/minutobahia24h.com.br\/index.php?rest_route=\/wp\/v2\/types\/post"}],"author":[{"embeddable":true,"href":"https:\/\/minutobahia24h.com.br\/index.php?rest_route=\/wp\/v2\/users\/2"}],"replies":[{"embeddable":true,"href":"https:\/\/minutobahia24h.com.br\/index.php?rest_route=%2Fwp%2Fv2%2Fcomments&post=14093"}],"version-history":[{"count":1,"href":"https:\/\/minutobahia24h.com.br\/index.php?rest_route=\/wp\/v2\/posts\/14093\/revisions"}],"predecessor-version":[{"id":14095,"href":"https:\/\/minutobahia24h.com.br\/index.php?rest_route=\/wp\/v2\/posts\/14093\/revisions\/14095"}],"wp:featuredmedia":[{"embeddable":true,"href":"https:\/\/minutobahia24h.com.br\/index.php?rest_route=\/wp\/v2\/media\/14094"}],"wp:attachment":[{"href":"https:\/\/minutobahia24h.com.br\/index.php?rest_route=%2Fwp%2Fv2%2Fmedia&parent=14093"}],"wp:term":[{"taxonomy":"category","embeddable":true,"href":"https:\/\/minutobahia24h.com.br\/index.php?rest_route=%2Fwp%2Fv2%2Fcategories&post=14093"},{"taxonomy":"post_tag","embeddable":true,"href":"https:\/\/minutobahia24h.com.br\/index.php?rest_route=%2Fwp%2Fv2%2Ftags&post=14093"}],"curies":[{"name":"wp","href":"https:\/\/api.w.org\/{rel}","templated":true}]}}