{"id":14090,"date":"2024-07-02T07:27:57","date_gmt":"2024-07-02T10:27:57","guid":{"rendered":"https:\/\/minutobahia24h.com.br\/?p=14090"},"modified":"2024-07-02T07:27:58","modified_gmt":"2024-07-02T10:27:58","slug":"mais-medicos-tera-novo-edital-com-3-184-vagas-e-direito-a-cotas","status":"publish","type":"post","link":"https:\/\/minutobahia24h.com.br\/?p=14090","title":{"rendered":"Mais M\u00e9dicos ter\u00e1 novo edital com 3.184 vagas e direito a cotas"},"content":{"rendered":"<div class=\"wp-block-image\">\n<figure class=\"aligncenter size-full\"><img data-recalc-dims=\"1\" fetchpriority=\"high\" decoding=\"async\" width=\"600\" height=\"421\" src=\"https:\/\/i0.wp.com\/minutobahia24h.com.br\/wp-content\/uploads\/2024\/07\/Sem-titulo-29.jpg?resize=600%2C421&#038;ssl=1\" alt=\"\" class=\"wp-image-14091\" srcset=\"https:\/\/i0.wp.com\/minutobahia24h.com.br\/wp-content\/uploads\/2024\/07\/Sem-titulo-29.jpg?w=600&amp;ssl=1 600w, https:\/\/i0.wp.com\/minutobahia24h.com.br\/wp-content\/uploads\/2024\/07\/Sem-titulo-29.jpg?resize=300%2C211&amp;ssl=1 300w\" sizes=\"(max-width: 600px) 100vw, 600px\" \/><figcaption class=\"wp-element-caption\">Foto: Karina Zambrana\/Minist\u00e9rio da Sa\u00fade<br><\/figcaption><\/figure>\n<\/div>\n\n\n<p>A ministra da Sa\u00fade, N\u00edsia Trindade, divulgou, nesta segunda-feira (1\u00ba), que o programa Mais M\u00e9dicos ter\u00e1 novo edital com 3.184 vagas. O an\u00fancio ocorreu pelo X. \u201cQuando assumimos, eram menos de 13 mil m\u00e9dicos pelo programa. Hoje, temos cerca de 25 mil\u201d, afirmou a ministra pela rede social.<\/p>\n\n\n\n<p>Nas postagens, N\u00edsia Trindade afirmou que o novo edital vai permitir a reposi\u00e7\u00e3o de vagas com vista a chegar \u00e0 meta de 28 mil m\u00e9dicos. \u201cO Mais M\u00e9dicos \u00e9 uma realidade, e faz diferen\u00e7a, numa Sa\u00fade da Fam\u00edlia que hoje permite hor\u00e1rios de atendimento estendidos, como na Bahia, onde j\u00e1 temos 80% de cobertura\u201d.<\/p>\n\n\n\n<p><strong>Cotas \u2013&nbsp;<\/strong>&nbsp;A ministra da Sa\u00fade acrescentou que, pela primeira vez, o edital seguir\u00e1 a pol\u00edtica de cotas. \u201cS\u00e3o 20% das vagas para grupos \u00e9tnico-raciais, e 9% para pessoas com defici\u00eancia. Seguimos assim nossa vis\u00e3o de inclus\u00e3o. Vamos divulgar o edital! Temos muitos m\u00e9dicos aguardando essa oportunidade\u201d.<\/p>\n\n\n\n<p>A assessoria do minist\u00e9rio da Sa\u00fade informou que outras informa\u00e7\u00f5es, como datas de inscri\u00e7\u00e3o, devem ser anunciadas ainda nesta noite de segunda.<\/p>\n\n\n\n<p><strong>Veja o an\u00fancio da ministra:<\/strong><\/p>\n\n\n\n<blockquote class=\"wp-block-quote is-layout-flow wp-block-quote-is-layout-flow\">\n<p>Um novo edital do Mais M\u00e9dicos, com 3.184 vagas! Anunciamos o edital em Salvador (BA), entre os an\u00fancios do presidente&nbsp;<a href=\"https:\/\/twitter.com\/LulaOficial?ref_src=twsrc%5Etfw\">@LulaOficial<\/a>&nbsp;com o governador&nbsp;<a href=\"https:\/\/twitter.com\/Jeronimoba13?ref_src=twsrc%5Etfw\">@Jeronimoba13<\/a>. Quando assumimos, eram menos de 13 mil m\u00e9dicos pelo programa. Hoje, temos cerca de 25 mil. (+)<\/p>\n\n\n\n<p>\u2014 N\u00edsia Trindade Lima (@nisia_trindade)&nbsp;<a href=\"https:\/\/twitter.com\/nisia_trindade\/status\/1807891398794043419?ref_src=twsrc%5Etfw\">July 1, 2024<\/a><\/p>\n<\/blockquote>\n\n\n\n<p>Bahia.ba<\/p>\n","protected":false},"excerpt":{"rendered":"<p>A ministra da Sa\u00fade, N\u00edsia Trindade, divulgou, nesta segunda-feira (1\u00ba), que o programa Mais M\u00e9dicos ter\u00e1 novo edital com 3.184 vagas. O an\u00fancio ocorreu pelo X. \u201cQuando assumimos, eram menos de 13 mil m\u00e9dicos pelo programa. Hoje, temos cerca de 25 mil\u201d, afirmou a ministra pela rede social. Nas postagens, N\u00edsia Trindade afirmou que o [&hellip;]<\/p>\n","protected":false},"author":2,"featured_media":14091,"comment_status":"open","ping_status":"open","sticky":false,"template":"","format":"standard","meta":{"_jetpack_memberships_contains_paid_content":false,"footnotes":""},"categories":[2],"tags":[],"class_list":["post-14090","post","type-post","status-publish","format-standard","has-post-thumbnail","hentry","category-nacional"],"aioseo_notices":[],"jetpack_featured_media_url":"https:\/\/i0.wp.com\/minutobahia24h.com.br\/wp-content\/uploads\/2024\/07\/Sem-titulo-29.jpg?fit=600%2C421&ssl=1","jetpack_sharing_enabled":true,"_links":{"self":[{"href":"https:\/\/minutobahia24h.com.br\/index.php?rest_route=\/wp\/v2\/posts\/14090","targetHints":{"allow":["GET"]}}],"collection":[{"href":"https:\/\/minutobahia24h.com.br\/index.php?rest_route=\/wp\/v2\/posts"}],"about":[{"href":"https:\/\/minutobahia24h.com.br\/index.php?rest_route=\/wp\/v2\/types\/post"}],"author":[{"embeddable":true,"href":"https:\/\/minutobahia24h.com.br\/index.php?rest_route=\/wp\/v2\/users\/2"}],"replies":[{"embeddable":true,"href":"https:\/\/minutobahia24h.com.br\/index.php?rest_route=%2Fwp%2Fv2%2Fcomments&post=14090"}],"version-history":[{"count":1,"href":"https:\/\/minutobahia24h.com.br\/index.php?rest_route=\/wp\/v2\/posts\/14090\/revisions"}],"predecessor-version":[{"id":14092,"href":"https:\/\/minutobahia24h.com.br\/index.php?rest_route=\/wp\/v2\/posts\/14090\/revisions\/14092"}],"wp:featuredmedia":[{"embeddable":true,"href":"https:\/\/minutobahia24h.com.br\/index.php?rest_route=\/wp\/v2\/media\/14091"}],"wp:attachment":[{"href":"https:\/\/minutobahia24h.com.br\/index.php?rest_route=%2Fwp%2Fv2%2Fmedia&parent=14090"}],"wp:term":[{"taxonomy":"category","embeddable":true,"href":"https:\/\/minutobahia24h.com.br\/index.php?rest_route=%2Fwp%2Fv2%2Fcategories&post=14090"},{"taxonomy":"post_tag","embeddable":true,"href":"https:\/\/minutobahia24h.com.br\/index.php?rest_route=%2Fwp%2Fv2%2Ftags&post=14090"}],"curies":[{"name":"wp","href":"https:\/\/api.w.org\/{rel}","templated":true}]}}