{"id":14084,"date":"2024-07-02T07:22:08","date_gmt":"2024-07-02T10:22:08","guid":{"rendered":"https:\/\/minutobahia24h.com.br\/?p=14084"},"modified":"2024-07-02T07:22:09","modified_gmt":"2024-07-02T10:22:09","slug":"stf-envia-ao-legislativo-decisao-que-descriminalizou-porte-de-maconha","status":"publish","type":"post","link":"https:\/\/minutobahia24h.com.br\/?p=14084","title":{"rendered":"STF envia ao Legislativo decis\u00e3o que descriminalizou porte de maconha"},"content":{"rendered":"<div class=\"wp-block-image\">\n<figure class=\"aligncenter size-full\"><img data-recalc-dims=\"1\" fetchpriority=\"high\" decoding=\"async\" width=\"600\" height=\"421\" src=\"https:\/\/i0.wp.com\/minutobahia24h.com.br\/wp-content\/uploads\/2024\/07\/Sem-titulo-27.jpg?resize=600%2C421&#038;ssl=1\" alt=\"\" class=\"wp-image-14085\" srcset=\"https:\/\/i0.wp.com\/minutobahia24h.com.br\/wp-content\/uploads\/2024\/07\/Sem-titulo-27.jpg?w=600&amp;ssl=1 600w, https:\/\/i0.wp.com\/minutobahia24h.com.br\/wp-content\/uploads\/2024\/07\/Sem-titulo-27.jpg?resize=300%2C211&amp;ssl=1 300w\" sizes=\"(max-width: 600px) 100vw, 600px\" \/><figcaption class=\"wp-element-caption\">Foto: Divulga\u00e7\u00e3o\/STF<br><\/figcaption><\/figure>\n<\/div>\n\n\n<p>O Supremo Tribunal Federal (STF) enviou nesta segunda-feira (1\u00b0) ao Congresso Nacional a decis\u00e3o da Corte que descriminalizou o porte de maconha para uso pessoal e fixou a quantidade de 40 gramas para diferenciar usu\u00e1rios de traficantes.\u00a0Os of\u00edcios foram enviados aos presidentes da C\u00e2mara dos Deputados, Arthur Lira (PP-AL), e do Senado, Rodrigo Pacheco (PSD-MG), al\u00e9m do presidente Luiz In\u00e1cio Lula da Silva e do ministro da Justi\u00e7a e Seguran\u00e7a P\u00fablica, Ricardo Lewandowski.<\/p>\n\n\n\n<p>O envio \u00e9 uma formalidade para comunicar aos chefes dos demais poderes o resultado do julgamento, que determinou que a quantidade de 40 gramas deve prevalecer at\u00e9 que o Congresso aprove uma norma sobre a quest\u00e3o. O STF ainda sugeriu ao Executivo a cria\u00e7\u00e3o de campanhas de preven\u00e7\u00e3o ao uso de drogas e \u00e0 aplica\u00e7\u00e3o de medidas de apoio a usu\u00e1rios.&nbsp;O procurador-geral da Rep\u00fablica, Paulo Gonet, chefe do Minist\u00e9rio P\u00fablico, e os presidentes dos tribunais do pa\u00eds tamb\u00e9m foram notificados.<\/p>\n\n\n\n<p>A decis\u00e3o que descriminalizou o porte come\u00e7ou a ser cumprida na sexta-feira (28), quando a ata do julgamento foi aprovada.\u00a0O documento foi publicado no Di\u00e1rio da Justi\u00e7a Eletr\u00f4nico. A ata resume os votos proferidos pelos ministros e cont\u00e9m a tese jur\u00eddica que dever\u00e1 ser seguida pela pol\u00edcia, Minist\u00e9rio P\u00fablico e o Judici\u00e1rio de todo o pa\u00eds.\u00a0A decis\u00e3o do Supremo n\u00e3o legaliza o porte de maconha. O porte para uso pessoal continua como comportamento il\u00edcito, ou seja, permanece proibido fumar a droga em local p\u00fablico.<\/p>\n\n\n\n<p>Bahia.ba<\/p>\n","protected":false},"excerpt":{"rendered":"<p>O Supremo Tribunal Federal (STF) enviou nesta segunda-feira (1\u00b0) ao Congresso Nacional a decis\u00e3o da Corte que descriminalizou o porte de maconha para uso pessoal e fixou a quantidade de 40 gramas para diferenciar usu\u00e1rios de traficantes.\u00a0Os of\u00edcios foram enviados aos presidentes da C\u00e2mara dos Deputados, Arthur Lira (PP-AL), e do Senado, Rodrigo Pacheco (PSD-MG), [&hellip;]<\/p>\n","protected":false},"author":2,"featured_media":14085,"comment_status":"open","ping_status":"open","sticky":false,"template":"","format":"standard","meta":{"_jetpack_memberships_contains_paid_content":false,"footnotes":""},"categories":[23],"tags":[],"class_list":["post-14084","post","type-post","status-publish","format-standard","has-post-thumbnail","hentry","category-justica"],"aioseo_notices":[],"jetpack_featured_media_url":"https:\/\/i0.wp.com\/minutobahia24h.com.br\/wp-content\/uploads\/2024\/07\/Sem-titulo-27.jpg?fit=600%2C421&ssl=1","jetpack_sharing_enabled":true,"_links":{"self":[{"href":"https:\/\/minutobahia24h.com.br\/index.php?rest_route=\/wp\/v2\/posts\/14084","targetHints":{"allow":["GET"]}}],"collection":[{"href":"https:\/\/minutobahia24h.com.br\/index.php?rest_route=\/wp\/v2\/posts"}],"about":[{"href":"https:\/\/minutobahia24h.com.br\/index.php?rest_route=\/wp\/v2\/types\/post"}],"author":[{"embeddable":true,"href":"https:\/\/minutobahia24h.com.br\/index.php?rest_route=\/wp\/v2\/users\/2"}],"replies":[{"embeddable":true,"href":"https:\/\/minutobahia24h.com.br\/index.php?rest_route=%2Fwp%2Fv2%2Fcomments&post=14084"}],"version-history":[{"count":1,"href":"https:\/\/minutobahia24h.com.br\/index.php?rest_route=\/wp\/v2\/posts\/14084\/revisions"}],"predecessor-version":[{"id":14086,"href":"https:\/\/minutobahia24h.com.br\/index.php?rest_route=\/wp\/v2\/posts\/14084\/revisions\/14086"}],"wp:featuredmedia":[{"embeddable":true,"href":"https:\/\/minutobahia24h.com.br\/index.php?rest_route=\/wp\/v2\/media\/14085"}],"wp:attachment":[{"href":"https:\/\/minutobahia24h.com.br\/index.php?rest_route=%2Fwp%2Fv2%2Fmedia&parent=14084"}],"wp:term":[{"taxonomy":"category","embeddable":true,"href":"https:\/\/minutobahia24h.com.br\/index.php?rest_route=%2Fwp%2Fv2%2Fcategories&post=14084"},{"taxonomy":"post_tag","embeddable":true,"href":"https:\/\/minutobahia24h.com.br\/index.php?rest_route=%2Fwp%2Fv2%2Ftags&post=14084"}],"curies":[{"name":"wp","href":"https:\/\/api.w.org\/{rel}","templated":true}]}}