{"id":14049,"date":"2024-07-02T06:35:38","date_gmt":"2024-07-02T09:35:38","guid":{"rendered":"https:\/\/minutobahia24h.com.br\/?p=14049"},"modified":"2024-07-02T06:35:39","modified_gmt":"2024-07-02T09:35:39","slug":"ponto-novo-e-contemplado-com-escola-de-tempo-integral-com-13-salas-pelo-novo-pac-brasil","status":"publish","type":"post","link":"https:\/\/minutobahia24h.com.br\/?p=14049","title":{"rendered":"Ponto Novo \u00e9 contemplado com Escola de Tempo Integral com 13 Salas pelo Novo PAC Brasil"},"content":{"rendered":"<div class=\"wp-block-image\">\n<figure class=\"aligncenter size-full is-resized\"><img data-recalc-dims=\"1\" fetchpriority=\"high\" decoding=\"async\" width=\"320\" height=\"320\" src=\"https:\/\/i0.wp.com\/minutobahia24h.com.br\/wp-content\/uploads\/2024\/07\/Sem-titulo-16.jpg?resize=320%2C320&#038;ssl=1\" alt=\"\" class=\"wp-image-14050\" style=\"width:418px;height:auto\" srcset=\"https:\/\/i0.wp.com\/minutobahia24h.com.br\/wp-content\/uploads\/2024\/07\/Sem-titulo-16.jpg?w=320&amp;ssl=1 320w, https:\/\/i0.wp.com\/minutobahia24h.com.br\/wp-content\/uploads\/2024\/07\/Sem-titulo-16.jpg?resize=300%2C300&amp;ssl=1 300w, https:\/\/i0.wp.com\/minutobahia24h.com.br\/wp-content\/uploads\/2024\/07\/Sem-titulo-16.jpg?resize=150%2C150&amp;ssl=1 150w, https:\/\/i0.wp.com\/minutobahia24h.com.br\/wp-content\/uploads\/2024\/07\/Sem-titulo-16.jpg?resize=75%2C75&amp;ssl=1 75w\" sizes=\"(max-width: 320px) 100vw, 320px\" \/><\/figure>\n<\/div>\n\n\n<p>A prefeitura de Ponto Novo tem o prazer de anunciar a constru\u00e7\u00e3o de uma nova escola de tempo integral, que contar\u00e1 com 13 salas de aula, fruto do programa Novo PAC Brasil. Com o terreno j\u00e1 preparado e os recursos financeiros depositados, a nova institui\u00e7\u00e3o promete ser um marco na educa\u00e7\u00e3o do munic\u00edpio.<\/p>\n\n\n\n<p>O projeto faz parte das iniciativas do Novo PAC Brasil, que visa promover a melhoria da infraestrutura educacional em todo o pa\u00eds. A nova escola em Ponto Novo ser\u00e1 equipada com modernas instala\u00e7\u00f5es, proporcionando um ambiente prop\u00edcio para o aprendizado e desenvolvimento integral dos estudantes.<\/p>\n\n\n\n<p>Esta conquista \u00e9 fruto do trabalho do ex-prefeito Thiago Gilleno e agora est\u00e1 sendo recebida pelo atual prefeito Jos\u00e9 Guirra. Na manh\u00e3 deste dia primeiro, o prefeito Jos\u00e9 Guirra esteve na cidade de Salvador, juntamente com o secret\u00e1rio Miguel, para acompanhar de perto os pr\u00f3ximos passos para a implementa\u00e7\u00e3o do projeto.<\/p>\n\n\n\n<p>O prefeito expressou seu entusiasmo com a conquista: \u201cEstamos muito felizes em receber essa escola, que ser\u00e1 fundamental para a forma\u00e7\u00e3o de nossas crian\u00e7as e jovens. Com o apoio do governo federal, estamos investindo no futuro de Ponto Novo e oferecendo uma educa\u00e7\u00e3o de qualidade.\u201d<\/p>\n\n\n\n<p>A comunidade local tamb\u00e9m est\u00e1 otimista com a nova escola, que dever\u00e1 atender a uma demanda crescente por vagas em tempo integral. Pais e respons\u00e1veis acreditam que a institui\u00e7\u00e3o trar\u00e1 in\u00fameros benef\u00edcios para os alunos, proporcionando uma educa\u00e7\u00e3o mais completa e preparando-os melhor para os desafios futuros.<\/p>\n\n\n\n<p>A previs\u00e3o \u00e9 que as obras comecem em breve, com a conclus\u00e3o esperada para o pr\u00f3ximo ano letivo. A nova escola ser\u00e1 um exemplo de como o investimento em educa\u00e7\u00e3o pode transformar uma comunidade, oferecendo oportunidades e melhorando a qualidade de vida de todos os moradores.<\/p>\n\n\n\n<p>Ponto Novo celebra esta conquista e aguarda ansiosamente a inaugura\u00e7\u00e3o da nova escola, que certamente ser\u00e1 um s\u00edmbolo de \u00a0esperan\u00e7a para todos.<\/p>\n\n\n\n<p>agenciadc<\/p>\n","protected":false},"excerpt":{"rendered":"<p>A prefeitura de Ponto Novo tem o prazer de anunciar a constru\u00e7\u00e3o de uma nova escola de tempo integral, que contar\u00e1 com 13 salas de aula, fruto do programa Novo PAC Brasil. Com o terreno j\u00e1 preparado e os recursos financeiros depositados, a nova institui\u00e7\u00e3o promete ser um marco na educa\u00e7\u00e3o do munic\u00edpio. O projeto [&hellip;]<\/p>\n","protected":false},"author":2,"featured_media":14050,"comment_status":"open","ping_status":"open","sticky":false,"template":"","format":"standard","meta":{"_jetpack_memberships_contains_paid_content":false,"footnotes":""},"categories":[34],"tags":[],"class_list":["post-14049","post","type-post","status-publish","format-standard","has-post-thumbnail","hentry","category-educacao"],"aioseo_notices":[],"jetpack_featured_media_url":"https:\/\/i0.wp.com\/minutobahia24h.com.br\/wp-content\/uploads\/2024\/07\/Sem-titulo-16.jpg?fit=320%2C320&ssl=1","jetpack_sharing_enabled":true,"_links":{"self":[{"href":"https:\/\/minutobahia24h.com.br\/index.php?rest_route=\/wp\/v2\/posts\/14049","targetHints":{"allow":["GET"]}}],"collection":[{"href":"https:\/\/minutobahia24h.com.br\/index.php?rest_route=\/wp\/v2\/posts"}],"about":[{"href":"https:\/\/minutobahia24h.com.br\/index.php?rest_route=\/wp\/v2\/types\/post"}],"author":[{"embeddable":true,"href":"https:\/\/minutobahia24h.com.br\/index.php?rest_route=\/wp\/v2\/users\/2"}],"replies":[{"embeddable":true,"href":"https:\/\/minutobahia24h.com.br\/index.php?rest_route=%2Fwp%2Fv2%2Fcomments&post=14049"}],"version-history":[{"count":1,"href":"https:\/\/minutobahia24h.com.br\/index.php?rest_route=\/wp\/v2\/posts\/14049\/revisions"}],"predecessor-version":[{"id":14051,"href":"https:\/\/minutobahia24h.com.br\/index.php?rest_route=\/wp\/v2\/posts\/14049\/revisions\/14051"}],"wp:featuredmedia":[{"embeddable":true,"href":"https:\/\/minutobahia24h.com.br\/index.php?rest_route=\/wp\/v2\/media\/14050"}],"wp:attachment":[{"href":"https:\/\/minutobahia24h.com.br\/index.php?rest_route=%2Fwp%2Fv2%2Fmedia&parent=14049"}],"wp:term":[{"taxonomy":"category","embeddable":true,"href":"https:\/\/minutobahia24h.com.br\/index.php?rest_route=%2Fwp%2Fv2%2Fcategories&post=14049"},{"taxonomy":"post_tag","embeddable":true,"href":"https:\/\/minutobahia24h.com.br\/index.php?rest_route=%2Fwp%2Fv2%2Ftags&post=14049"}],"curies":[{"name":"wp","href":"https:\/\/api.w.org\/{rel}","templated":true}]}}