{"id":13887,"date":"2024-06-26T19:00:04","date_gmt":"2024-06-26T22:00:04","guid":{"rendered":"https:\/\/minutobahia24h.com.br\/?p=13887"},"modified":"2024-06-26T19:00:06","modified_gmt":"2024-06-26T22:00:06","slug":"jacobina-aline-nao-e-mais-pre-candidata-a-vice-prefeita-na-chapa-de-leopoldo-passos","status":"publish","type":"post","link":"https:\/\/minutobahia24h.com.br\/?p=13887","title":{"rendered":"Jacobina: Aline n\u00e3o \u00e9 mais pr\u00e9-candidata a vice-prefeita na chapa de Leopoldo Passos"},"content":{"rendered":"\n<h2 class=\"wp-block-heading\"><\/h2>\n\n\n<div class=\"wp-block-image\">\n<figure class=\"aligncenter size-full\"><img data-recalc-dims=\"1\" fetchpriority=\"high\" decoding=\"async\" width=\"800\" height=\"532\" src=\"https:\/\/i0.wp.com\/minutobahia24h.com.br\/wp-content\/uploads\/2024\/06\/Sem-titulo-268.jpg?resize=800%2C532&#038;ssl=1\" alt=\"\" class=\"wp-image-13888\" srcset=\"https:\/\/i0.wp.com\/minutobahia24h.com.br\/wp-content\/uploads\/2024\/06\/Sem-titulo-268.jpg?w=900&amp;ssl=1 900w, https:\/\/i0.wp.com\/minutobahia24h.com.br\/wp-content\/uploads\/2024\/06\/Sem-titulo-268.jpg?resize=300%2C200&amp;ssl=1 300w, https:\/\/i0.wp.com\/minutobahia24h.com.br\/wp-content\/uploads\/2024\/06\/Sem-titulo-268.jpg?resize=768%2C511&amp;ssl=1 768w, https:\/\/i0.wp.com\/minutobahia24h.com.br\/wp-content\/uploads\/2024\/06\/Sem-titulo-268.jpg?resize=750%2C499&amp;ssl=1 750w\" sizes=\"(max-width: 800px) 100vw, 800px\" \/><\/figure>\n<\/div>\n\n\n<p>No in\u00edcio da tarde desta quarta-feira (26) a assessoria de comunica\u00e7\u00e3o da pr\u00e9-candidatura de Leopoldo Passos emitiu uma nota comunicando a sa\u00edda da pr\u00e9-candidata a vice-prefeita de Jacobina, Aline Pinheiro da disputa.<\/p>\n\n\n\n<p>Sem tecer mais coment\u00e1rios, a nota informa que Aline \u201cenfrenta atualmente um momento desafiador onde precisar\u00e1 dedicar-se integralmente \u00e0 sua defesa pessoal para ratificar sua inoc\u00eancia. Esta medida \u00e9 essencial para evitar distor\u00e7\u00f5es por advers\u00e1rios e assegurar que nossa mensagem n\u00e3o seja desviada das propostas e projetos cruciais para o futuro de nossa comunidade\u201d, destaca.<\/p>\n\n\n\n<p>Aline Pinheiro foi escolhida como pr\u00e9-candidata a vice-prefeita ao lado de Leopoldo Passos no dia 27 de mar\u00e7o de 2024.<\/p>\n\n\n\n<p>Confira a \u00edntegra da nota:<\/p>\n\n\n\n<p>Nota P\u00fablica<\/p>\n\n\n\n<p>\u201cA equipe de pr\u00e9-campanha de Leopoldo Passos vem a p\u00fablico comunicar que Aline Pinheiro n\u00e3o mais integrar\u00e1 nossa chapa como pr\u00e9-candidata a vice. Essa decis\u00e3o foi tomada ap\u00f3s uma profunda reflex\u00e3o, priorizando a integridade do processo eleitoral e o compromisso inabal\u00e1vel com a transpar\u00eancia.<\/p>\n\n\n\n<p>Aline Pinheiro, reconhecida por sua trajet\u00f3ria de comprometimento com a verdade e justi\u00e7a, enfrenta atualmente um momento desafiador onde precisar\u00e1 dedicar-se integralmente \u00e0 sua defesa pessoal para ratificar sua inoc\u00eancia. Esta medida \u00e9 essencial para evitar distor\u00e7\u00f5es por advers\u00e1rios e assegurar que nossa mensagem n\u00e3o seja desviada das propostas e projetos cruciais para o futuro de nossa comunidade.<\/p>\n\n\n\n<p>portalespacoaberto<\/p>\n","protected":false},"excerpt":{"rendered":"<p>No in\u00edcio da tarde desta quarta-feira (26) a assessoria de comunica\u00e7\u00e3o da pr\u00e9-candidatura de Leopoldo Passos emitiu uma nota comunicando a sa\u00edda da pr\u00e9-candidata a vice-prefeita de Jacobina, Aline Pinheiro da disputa. Sem tecer mais coment\u00e1rios, a nota informa que Aline \u201cenfrenta atualmente um momento desafiador onde precisar\u00e1 dedicar-se integralmente \u00e0 sua defesa pessoal para [&hellip;]<\/p>\n","protected":false},"author":2,"featured_media":13888,"comment_status":"open","ping_status":"open","sticky":false,"template":"","format":"standard","meta":{"_jetpack_memberships_contains_paid_content":false,"footnotes":""},"categories":[50],"tags":[],"class_list":["post-13887","post","type-post","status-publish","format-standard","has-post-thumbnail","hentry","category-eleicoes-2024"],"aioseo_notices":[],"jetpack_featured_media_url":"https:\/\/i0.wp.com\/minutobahia24h.com.br\/wp-content\/uploads\/2024\/06\/Sem-titulo-268.jpg?fit=900%2C599&ssl=1","jetpack_sharing_enabled":true,"_links":{"self":[{"href":"https:\/\/minutobahia24h.com.br\/index.php?rest_route=\/wp\/v2\/posts\/13887","targetHints":{"allow":["GET"]}}],"collection":[{"href":"https:\/\/minutobahia24h.com.br\/index.php?rest_route=\/wp\/v2\/posts"}],"about":[{"href":"https:\/\/minutobahia24h.com.br\/index.php?rest_route=\/wp\/v2\/types\/post"}],"author":[{"embeddable":true,"href":"https:\/\/minutobahia24h.com.br\/index.php?rest_route=\/wp\/v2\/users\/2"}],"replies":[{"embeddable":true,"href":"https:\/\/minutobahia24h.com.br\/index.php?rest_route=%2Fwp%2Fv2%2Fcomments&post=13887"}],"version-history":[{"count":1,"href":"https:\/\/minutobahia24h.com.br\/index.php?rest_route=\/wp\/v2\/posts\/13887\/revisions"}],"predecessor-version":[{"id":13889,"href":"https:\/\/minutobahia24h.com.br\/index.php?rest_route=\/wp\/v2\/posts\/13887\/revisions\/13889"}],"wp:featuredmedia":[{"embeddable":true,"href":"https:\/\/minutobahia24h.com.br\/index.php?rest_route=\/wp\/v2\/media\/13888"}],"wp:attachment":[{"href":"https:\/\/minutobahia24h.com.br\/index.php?rest_route=%2Fwp%2Fv2%2Fmedia&parent=13887"}],"wp:term":[{"taxonomy":"category","embeddable":true,"href":"https:\/\/minutobahia24h.com.br\/index.php?rest_route=%2Fwp%2Fv2%2Fcategories&post=13887"},{"taxonomy":"post_tag","embeddable":true,"href":"https:\/\/minutobahia24h.com.br\/index.php?rest_route=%2Fwp%2Fv2%2Ftags&post=13887"}],"curies":[{"name":"wp","href":"https:\/\/api.w.org\/{rel}","templated":true}]}}