{"id":13881,"date":"2024-06-26T18:49:45","date_gmt":"2024-06-26T21:49:45","guid":{"rendered":"https:\/\/minutobahia24h.com.br\/?p=13881"},"modified":"2024-06-26T18:49:47","modified_gmt":"2024-06-26T21:49:47","slug":"deputado-jurailton-santos-e-contra-decisao-do-stf-sobre-descriminalizacao-do-porte-de-drogas-para-uso-pessoal","status":"publish","type":"post","link":"https:\/\/minutobahia24h.com.br\/?p=13881","title":{"rendered":"Deputado Jurailton Santos \u00e9 contra decis\u00e3o do STF sobre descriminaliza\u00e7\u00e3o do porte de drogas para uso pessoal"},"content":{"rendered":"<div class=\"wp-block-image\">\n<figure class=\"aligncenter size-large\"><img data-recalc-dims=\"1\" fetchpriority=\"high\" decoding=\"async\" width=\"800\" height=\"600\" src=\"https:\/\/i0.wp.com\/minutobahia24h.com.br\/wp-content\/uploads\/2024\/06\/WhatsApp-Image-2024-06-26-at-18.47.18-1024x768.jpeg?resize=800%2C600&#038;ssl=1\" alt=\"\" class=\"wp-image-13882\" srcset=\"https:\/\/i0.wp.com\/minutobahia24h.com.br\/wp-content\/uploads\/2024\/06\/WhatsApp-Image-2024-06-26-at-18.47.18.jpeg?resize=1024%2C768&amp;ssl=1 1024w, https:\/\/i0.wp.com\/minutobahia24h.com.br\/wp-content\/uploads\/2024\/06\/WhatsApp-Image-2024-06-26-at-18.47.18.jpeg?resize=300%2C225&amp;ssl=1 300w, https:\/\/i0.wp.com\/minutobahia24h.com.br\/wp-content\/uploads\/2024\/06\/WhatsApp-Image-2024-06-26-at-18.47.18.jpeg?resize=768%2C576&amp;ssl=1 768w, https:\/\/i0.wp.com\/minutobahia24h.com.br\/wp-content\/uploads\/2024\/06\/WhatsApp-Image-2024-06-26-at-18.47.18.jpeg?resize=750%2C563&amp;ssl=1 750w, https:\/\/i0.wp.com\/minutobahia24h.com.br\/wp-content\/uploads\/2024\/06\/WhatsApp-Image-2024-06-26-at-18.47.18.jpeg?resize=1140%2C855&amp;ssl=1 1140w, https:\/\/i0.wp.com\/minutobahia24h.com.br\/wp-content\/uploads\/2024\/06\/WhatsApp-Image-2024-06-26-at-18.47.18.jpeg?w=1280&amp;ssl=1 1280w\" sizes=\"(max-width: 800px) 100vw, 800px\" \/><\/figure>\n<\/div>\n\n\n<p>A decis\u00e3o do Supremo Tribunal Federal (STF) de descriminalizar o porte de drogas para uso pessoal foi criticada na manh\u00e3 desta quarta-feira (26) pelo deputado estadual Jurailton Santos (Republicanos), tamb\u00e9m presidente da Frente Parlamentar Evang\u00e9lica, da Assembleia Legislativa da Bahia.<\/p>\n\n\n\n<p>Em nota, o presidente da Frente Parlamentar refor\u00e7a que a medida \u00e9 prejudicial \u00e0 sociedade brasileira, uma vez que traz riscos para a sa\u00fade p\u00fablica e contribui para a dissemina\u00e7\u00e3o do consumo de subst\u00e2ncias il\u00edcitas. Al\u00e9m disso, a legaliza\u00e7\u00e3o do porte pode enfraquecer os esfor\u00e7os de combate ao tr\u00e1fico e promover um ambiente de maior flexibilidade em rela\u00e7\u00e3o \u00e0s drogas, o que \u00e9 contra os valores morais e \u00e9ticos t\u00e3o defendidos pelo legislador.<\/p>\n\n\n\n<p>Diante disso, o deputado estadual Jurailton Santos ressalta a import\u00e2ncia de pol\u00edticas p\u00fablicas que priorizem a preven\u00e7\u00e3o, o tratamento e a reabilita\u00e7\u00e3o dos usu\u00e1rios, ao inv\u00e9s de incentivar o consumo por meio da legaliza\u00e7\u00e3o. \u201cContinuaremos a lutar pela prote\u00e7\u00e3o da fam\u00edlia e pela promo\u00e7\u00e3o de uma sociedade mais saud\u00e1vel e segura para todos os brasileiros\u201d, disse Jurailton.<\/p>\n","protected":false},"excerpt":{"rendered":"<p>A decis\u00e3o do Supremo Tribunal Federal (STF) de descriminalizar o porte de drogas para uso pessoal foi criticada na manh\u00e3 desta quarta-feira (26) pelo deputado estadual Jurailton Santos (Republicanos), tamb\u00e9m presidente da Frente Parlamentar Evang\u00e9lica, da Assembleia Legislativa da Bahia. Em nota, o presidente da Frente Parlamentar refor\u00e7a que a medida \u00e9 prejudicial \u00e0 sociedade [&hellip;]<\/p>\n","protected":false},"author":2,"featured_media":13882,"comment_status":"open","ping_status":"open","sticky":false,"template":"","format":"standard","meta":{"_jetpack_memberships_contains_paid_content":false,"footnotes":""},"categories":[21],"tags":[],"class_list":["post-13881","post","type-post","status-publish","format-standard","has-post-thumbnail","hentry","category-bahia"],"aioseo_notices":[],"jetpack_featured_media_url":"https:\/\/i0.wp.com\/minutobahia24h.com.br\/wp-content\/uploads\/2024\/06\/WhatsApp-Image-2024-06-26-at-18.47.18.jpeg?fit=1280%2C960&ssl=1","jetpack_sharing_enabled":true,"_links":{"self":[{"href":"https:\/\/minutobahia24h.com.br\/index.php?rest_route=\/wp\/v2\/posts\/13881","targetHints":{"allow":["GET"]}}],"collection":[{"href":"https:\/\/minutobahia24h.com.br\/index.php?rest_route=\/wp\/v2\/posts"}],"about":[{"href":"https:\/\/minutobahia24h.com.br\/index.php?rest_route=\/wp\/v2\/types\/post"}],"author":[{"embeddable":true,"href":"https:\/\/minutobahia24h.com.br\/index.php?rest_route=\/wp\/v2\/users\/2"}],"replies":[{"embeddable":true,"href":"https:\/\/minutobahia24h.com.br\/index.php?rest_route=%2Fwp%2Fv2%2Fcomments&post=13881"}],"version-history":[{"count":1,"href":"https:\/\/minutobahia24h.com.br\/index.php?rest_route=\/wp\/v2\/posts\/13881\/revisions"}],"predecessor-version":[{"id":13883,"href":"https:\/\/minutobahia24h.com.br\/index.php?rest_route=\/wp\/v2\/posts\/13881\/revisions\/13883"}],"wp:featuredmedia":[{"embeddable":true,"href":"https:\/\/minutobahia24h.com.br\/index.php?rest_route=\/wp\/v2\/media\/13882"}],"wp:attachment":[{"href":"https:\/\/minutobahia24h.com.br\/index.php?rest_route=%2Fwp%2Fv2%2Fmedia&parent=13881"}],"wp:term":[{"taxonomy":"category","embeddable":true,"href":"https:\/\/minutobahia24h.com.br\/index.php?rest_route=%2Fwp%2Fv2%2Fcategories&post=13881"},{"taxonomy":"post_tag","embeddable":true,"href":"https:\/\/minutobahia24h.com.br\/index.php?rest_route=%2Fwp%2Fv2%2Ftags&post=13881"}],"curies":[{"name":"wp","href":"https:\/\/api.w.org\/{rel}","templated":true}]}}