{"id":13835,"date":"2024-06-25T19:01:15","date_gmt":"2024-06-25T22:01:15","guid":{"rendered":"https:\/\/minutobahia24h.com.br\/?p=13835"},"modified":"2024-06-25T19:01:17","modified_gmt":"2024-06-25T22:01:17","slug":"gilmar-mendes-afirma-bolsonaro-deve-permanecer-inelegivel-ate-2030","status":"publish","type":"post","link":"https:\/\/minutobahia24h.com.br\/?p=13835","title":{"rendered":"Gilmar Mendes afirma: Bolsonaro deve permanecer ineleg\u00edvel at\u00e9 2030"},"content":{"rendered":"<div class=\"wp-block-image\">\n<figure class=\"aligncenter size-full\"><img data-recalc-dims=\"1\" fetchpriority=\"high\" decoding=\"async\" width=\"800\" height=\"400\" src=\"https:\/\/i0.wp.com\/minutobahia24h.com.br\/wp-content\/uploads\/2024\/06\/Sem-titulo-253.jpg?resize=800%2C400&#038;ssl=1\" alt=\"\" class=\"wp-image-13836\" srcset=\"https:\/\/i0.wp.com\/minutobahia24h.com.br\/wp-content\/uploads\/2024\/06\/Sem-titulo-253.jpg?w=900&amp;ssl=1 900w, https:\/\/i0.wp.com\/minutobahia24h.com.br\/wp-content\/uploads\/2024\/06\/Sem-titulo-253.jpg?resize=300%2C150&amp;ssl=1 300w, https:\/\/i0.wp.com\/minutobahia24h.com.br\/wp-content\/uploads\/2024\/06\/Sem-titulo-253.jpg?resize=768%2C384&amp;ssl=1 768w, https:\/\/i0.wp.com\/minutobahia24h.com.br\/wp-content\/uploads\/2024\/06\/Sem-titulo-253.jpg?resize=360%2C180&amp;ssl=1 360w, https:\/\/i0.wp.com\/minutobahia24h.com.br\/wp-content\/uploads\/2024\/06\/Sem-titulo-253.jpg?resize=750%2C375&amp;ssl=1 750w\" sizes=\"(max-width: 800px) 100vw, 800px\" \/><\/figure>\n<\/div>\n\n\n<p>Em uma entrevista exclusiva \u00e0 CNN Portugal, o ministro Gilmar Mendes, do Supremo Tribunal Federal (STF), discutiu diversos assuntos cruciais relacionados ao cen\u00e1rio pol\u00edtico e jur\u00eddico brasileiro. Entre os temas destacados, Mendes abordou a situa\u00e7\u00e3o pol\u00edtica do ex-presidente Jair Bolsonaro e os desdobramentos legais em torno de sua inelegibilidade.<\/p>\n\n\n\n<p>Segundo o ministro, Bolsonaro enfrenta um cen\u00e1rio de inelegibilidade at\u00e9 2030, conforme decis\u00e3o do Tribunal Superior Eleitoral (TSE), e apesar de novas delibera\u00e7\u00f5es, tudo indica que essa decis\u00e3o ser\u00e1 mantida.<em>&nbsp;&#8220;Vamos aguardar, obviamente, a delibera\u00e7\u00e3o do Tribunal, mas tudo tende a manter a decis\u00e3o que j\u00e1 foi tomada pelo TSE. Essa tem sido a rotina em casos semelhantes&#8221;<\/em>, afirmou Mendes durante a entrevista ao programa CNN Radar Internacional.<\/p>\n\n\n\n<p>Al\u00e9m disso, Gilmar Mendes comentou sobre os desdobramentos das investiga\u00e7\u00f5es relacionadas ao ato golpista de 8 de janeiro, enfatizando que n\u00e3o h\u00e1 clima para anistiar os presos e que as apura\u00e7\u00f5es continuam ativamente para identificar os financiadores do evento.<\/p>\n\n\n\n<p>A entrevista do ministro Gilmar Mendes \u00e0 CNN Portugal ofereceu insights cruciais sobre quest\u00f5es jur\u00eddicas e pol\u00edticas que t\u00eam impactado o Brasil, reafirmando a import\u00e2ncia do judici\u00e1rio na manuten\u00e7\u00e3o da estabilidade institucional e no cumprimento da lei.<\/p>\n\n\n\n<p>portalespacoaberto<\/p>\n","protected":false},"excerpt":{"rendered":"<p>Em uma entrevista exclusiva \u00e0 CNN Portugal, o ministro Gilmar Mendes, do Supremo Tribunal Federal (STF), discutiu diversos assuntos cruciais relacionados ao cen\u00e1rio pol\u00edtico e jur\u00eddico brasileiro. Entre os temas destacados, Mendes abordou a situa\u00e7\u00e3o pol\u00edtica do ex-presidente Jair Bolsonaro e os desdobramentos legais em torno de sua inelegibilidade. Segundo o ministro, Bolsonaro enfrenta um [&hellip;]<\/p>\n","protected":false},"author":2,"featured_media":13836,"comment_status":"open","ping_status":"open","sticky":false,"template":"","format":"standard","meta":{"_jetpack_memberships_contains_paid_content":false,"footnotes":""},"categories":[39],"tags":[],"class_list":["post-13835","post","type-post","status-publish","format-standard","has-post-thumbnail","hentry","category-politica"],"aioseo_notices":[],"jetpack_featured_media_url":"https:\/\/i0.wp.com\/minutobahia24h.com.br\/wp-content\/uploads\/2024\/06\/Sem-titulo-253.jpg?fit=900%2C450&ssl=1","jetpack_sharing_enabled":true,"_links":{"self":[{"href":"https:\/\/minutobahia24h.com.br\/index.php?rest_route=\/wp\/v2\/posts\/13835","targetHints":{"allow":["GET"]}}],"collection":[{"href":"https:\/\/minutobahia24h.com.br\/index.php?rest_route=\/wp\/v2\/posts"}],"about":[{"href":"https:\/\/minutobahia24h.com.br\/index.php?rest_route=\/wp\/v2\/types\/post"}],"author":[{"embeddable":true,"href":"https:\/\/minutobahia24h.com.br\/index.php?rest_route=\/wp\/v2\/users\/2"}],"replies":[{"embeddable":true,"href":"https:\/\/minutobahia24h.com.br\/index.php?rest_route=%2Fwp%2Fv2%2Fcomments&post=13835"}],"version-history":[{"count":1,"href":"https:\/\/minutobahia24h.com.br\/index.php?rest_route=\/wp\/v2\/posts\/13835\/revisions"}],"predecessor-version":[{"id":13837,"href":"https:\/\/minutobahia24h.com.br\/index.php?rest_route=\/wp\/v2\/posts\/13835\/revisions\/13837"}],"wp:featuredmedia":[{"embeddable":true,"href":"https:\/\/minutobahia24h.com.br\/index.php?rest_route=\/wp\/v2\/media\/13836"}],"wp:attachment":[{"href":"https:\/\/minutobahia24h.com.br\/index.php?rest_route=%2Fwp%2Fv2%2Fmedia&parent=13835"}],"wp:term":[{"taxonomy":"category","embeddable":true,"href":"https:\/\/minutobahia24h.com.br\/index.php?rest_route=%2Fwp%2Fv2%2Fcategories&post=13835"},{"taxonomy":"post_tag","embeddable":true,"href":"https:\/\/minutobahia24h.com.br\/index.php?rest_route=%2Fwp%2Fv2%2Ftags&post=13835"}],"curies":[{"name":"wp","href":"https:\/\/api.w.org\/{rel}","templated":true}]}}