{"id":13809,"date":"2024-06-25T07:26:01","date_gmt":"2024-06-25T10:26:01","guid":{"rendered":"https:\/\/minutobahia24h.com.br\/?p=13809"},"modified":"2024-06-25T07:26:02","modified_gmt":"2024-06-25T10:26:02","slug":"acuados-pelo-aumento-do-antissemitismo-judeus-franceses-enfrentam-o-dilema-do-voto-entre-a-extrema-esquerda-e-a-extrema-direita","status":"publish","type":"post","link":"https:\/\/minutobahia24h.com.br\/?p=13809","title":{"rendered":"Acuados pelo aumento do antissemitismo, judeus franceses enfrentam o dilema do voto entre a extrema esquerda e a extrema direita"},"content":{"rendered":"<div class=\"wp-block-image\">\n<figure class=\"aligncenter size-full\"><img data-recalc-dims=\"1\" fetchpriority=\"high\" decoding=\"async\" width=\"800\" height=\"533\" src=\"https:\/\/i0.wp.com\/minutobahia24h.com.br\/wp-content\/uploads\/2024\/06\/Sem-titulo-245.jpg?resize=800%2C533&#038;ssl=1\" alt=\"\" class=\"wp-image-13810\" srcset=\"https:\/\/i0.wp.com\/minutobahia24h.com.br\/wp-content\/uploads\/2024\/06\/Sem-titulo-245.jpg?w=984&amp;ssl=1 984w, https:\/\/i0.wp.com\/minutobahia24h.com.br\/wp-content\/uploads\/2024\/06\/Sem-titulo-245.jpg?resize=300%2C200&amp;ssl=1 300w, https:\/\/i0.wp.com\/minutobahia24h.com.br\/wp-content\/uploads\/2024\/06\/Sem-titulo-245.jpg?resize=768%2C512&amp;ssl=1 768w, https:\/\/i0.wp.com\/minutobahia24h.com.br\/wp-content\/uploads\/2024\/06\/Sem-titulo-245.jpg?resize=750%2C500&amp;ssl=1 750w\" sizes=\"(max-width: 800px) 100vw, 800px\" \/><figcaption class=\"wp-element-caption\">Manifestantes protestam contra o antissemitismo, com cartaz escrito &#8220;nossas vidas valem mais que um conflito importado&#8221;, em 20 de junho de 2024, um dia ap\u00f3s estupro coletivo de garota judia de 12 anos nos arredores de Paris. \u2014 Foto: AP Photo\/Oleg Cetinic<br><\/figcaption><\/figure>\n<\/div>\n\n\n<p>A\u00a0<a class=\"\" href=\"https:\/\/g1.globo.com\/mundo\/noticia\/2024\/06\/09\/macron-dissolve-parlamento-e-convoca-novas-eleicoes-na-franca.ghtml\">antecipa\u00e7\u00e3o das elei\u00e7\u00f5es legislativas<\/a>\u00a0determinada pelo presidente da\u00a0<a class=\"\" href=\"https:\/\/g1.globo.com\/tudo-sobre\/franca\/\">Fran\u00e7a<\/a>,\u00a0<a class=\"\" href=\"https:\/\/g1.globo.com\/tudo-sobre\/emmanuel-macron\/\">Emmanuel Macron<\/a>, para os dois pr\u00f3ximos domingos, imp\u00f5e uma escolha dif\u00edcil para a maior comunidade judaica da Europa, com 500 mil pessoas.\u00a0Seus integrantes se dizem cercados entre dois extremos, ambos com conota\u00e7\u00f5es antissemitas.<\/p>\n\n\n\n<p>A extrema direita, representada pelo Reagrupamento Nacional, de\u00a0<a class=\"\" href=\"https:\/\/g1.globo.com\/tudo-sobre\/marine-le-pen\/\">Marine Le Pen<\/a>, tem ra\u00edzes calcadas na xenofobia, no populismo e no \u00f3dio aos judeus. A extrema esquerda, reunida na Fran\u00e7a Insubmissa, de Jean-Luc Mel\u00e9nchon, aponta Israel como \u00fanico respons\u00e1vel pela guerra em Gaza, v\u00ea o\u00a0<a class=\"\" href=\"https:\/\/g1.globo.com\/tudo-sobre\/hamas\/\">Hamas<\/a>\u00a0como um movimento de resist\u00eancia leg\u00edtimo e abra\u00e7a o boicote e as san\u00e7\u00f5es ao pa\u00eds.<\/p>\n\n\n\n<blockquote class=\"wp-block-quote is-layout-flow wp-block-quote-is-layout-flow\">\n<p>Esta polariza\u00e7\u00e3o, aliada \u00e0 coliga\u00e7\u00e3o enfraquecida centrista, comandada pelo presidente Macron, confunde e divide os judeus franceses e vem causando reviravoltas surpreendentes.<\/p>\n<\/blockquote>\n\n\n\n<p>\u00c9 o caso do prestigiado historiador Serge Klarsfeld, sobrevivente e estudioso do Holocausto, conhecido tamb\u00e9m como ca\u00e7ador de nazistas, que defendeu o partido de Le Pen. O mesmo Klarsfeld, que em 2022, proclamou \u201cN\u00e3o a Le Pen, filha do racismo e do antissemitismo\u201d num artigo publicado no jornal &#8220;Lib\u00e9ration&#8221;, agora, aos 88 anos, considera que o partido RN amadureceu:<\/p>\n\n\n\n<blockquote class=\"wp-block-quote is-layout-flow wp-block-quote-is-layout-flow\">\n<p>\u201cO Reagrupamento Nacional apoia os judeus, apoia o Estado de Israel. Quando houver um partido antijudaico e um partido pr\u00f3-judaico, votarei no partido pr\u00f3-judaico.\u201d<\/p>\n<\/blockquote>\n\n\n\n<p>O fundador da Frente Nacional, que antecedeu o RN, Jean Marie Le Pen foi condenado pelo discurso antissemita e minimizou a exist\u00eancia do Holocausto, at\u00e9 ser expulso do partido pela filha Marine.&nbsp;Ela lustrou e suavizou a imagem da legenda, al\u00e9m de mudar o seu nome. Nas duas \u00faltimas elei\u00e7\u00f5es, Marine Le Pen ficou em segundo lugar, atr\u00e1s de Macron.<\/p>\n\n\n<div class=\"wp-block-image\">\n<figure class=\"aligncenter\"><img data-recalc-dims=\"1\" decoding=\"async\" src=\"https:\/\/i0.wp.com\/s2-g1.glbimg.com\/gnQ6od3l7VCdBtN26PSI3yTmN9M%3D\/0x0%3A6987x4370\/984x0\/smart\/filters%3Astrip_icc%28%29\/i.s3.glbimg.com\/v1\/AUTH_59edd422c0c84a879bd37670ae4f538a\/internal_photos\/bs\/2024\/n\/A\/h9AxQsToWALyrDQTmYTg\/ap24166385945695.jpg?w=800&#038;ssl=1\" alt=\"Manifestantes contra a extrema esquerda exibem faixa que diz &quot;o antissemitismo n\u00e3o \u00e9 uma promessa de campanha&quot;, em 14 de junho de 2024. \u2014 Foto: AP Photo\/Thomas Padilla\"\/><\/figure>\n<\/div>\n\n\n<p>Manifestantes contra a extrema esquerda exibem faixa que diz &#8220;o antissemitismo n\u00e3o \u00e9 uma promessa de campanha&#8221;, em 14 de junho de 2024. \u2014 Foto: AP Photo\/Thomas Padilla<\/p>\n\n\n\n<p>Ap\u00f3s o massacre do Hamas em solo israelense, em outubro passado, Le Pen filha participou de uma marcha gigantesca em Paris contra o antissemitismo e passou a cortejar os eleitores judeus.<strong>&nbsp;A comunidade judaica, no entanto, encara o aceno da extrema direita com cautela.<\/strong><\/p>\n\n\n\n<p>Conforme declarou Yonathan Arfi, presidente do Conselho Representativo das Institui\u00e7\u00f5es Judaicas Francesas (Crif),&nbsp;\u201cexistem alternativas a esta oposi\u00e7\u00e3o entre uma esquerda antissemita e uma extrema direita nacionalista e populista\u201d.<\/p>\n\n\n\n<blockquote class=\"wp-block-quote is-layout-flow wp-block-quote-is-layout-flow\">\n<p>\u201cA situa\u00e7\u00e3o dos judeus \u00e9 muito, muito dif\u00edcil. Mesmo que alguns \u00e0s vezes pensem que s\u00e3o atra\u00eddos pela extrema direita como resposta ao antissemitismo, a maioria dos judeus pensa que esta tamb\u00e9m \u00e9 uma amea\u00e7a real\u201d, ponderou Arfi, em entrevista a uma r\u00e1dio.<\/p>\n\n\n\n<p>Os partidos Socialista, Comunista e Verde se aliaram nestas elei\u00e7\u00f5es \u00e0 Fran\u00e7a Insubmissa na coliga\u00e7\u00e3o Nova Frente Popular, contra a extrema direita e, desta vez, sem a presen\u00e7a de Macron.<\/p>\n\n\n\n<p>Mel\u00e9nchon tornou-se um cr\u00edtico veemente da opera\u00e7\u00e3o militar israelense em Gaza e se recusou a classificar o Hamas como grupo terrorista. Num post em redes sociais, ele considerou \u201cresidual\u201d e \u201causente\u201d o antissemitismo em manifesta\u00e7\u00f5es pr\u00f3-Palestina, o que lhe rendeu acusa\u00e7\u00f5es de minimizar os atos contra judeus no pa\u00eds.<\/p>\n\n\n\n<p>Uma pesquisa do Instituto Franc\u00eas de Opini\u00e3o Publica publicada no in\u00edcio deste m\u00eas constatou que&nbsp;<strong>92% dos entrevistados judeus acreditam que o partido Fran\u00e7a Insubmissa contribui para aumentar o antissemitismo na Fran\u00e7a.<\/strong>&nbsp;O RN aparece em terceira posi\u00e7\u00e3o, citado por 49% dos ouvidos, atr\u00e1s do partido ambientalista EELV.<\/p>\n\n\n\n<p>Quase 60% optam por uma solu\u00e7\u00e3o dr\u00e1stica:&nbsp;<strong>dizem que sairiam da Fran\u00e7a caso o partido de extrema esquerda estivesse no comando do governo<\/strong>, num indicativo de que, para boa parte dos judeus franceses, a escolha de domingo n\u00e3o traz qualquer vest\u00edgio de entusiasmo.<\/p>\n\n\n\n<figure class=\"wp-block-image\"><img data-recalc-dims=\"1\" decoding=\"async\" src=\"https:\/\/i0.wp.com\/s2-g1.glbimg.com\/0oSAtRON6zSbC1raib22YunT6dk%3D\/0x0%3A4712x3141\/984x0\/smart\/filters%3Astrip_icc%28%29\/i.s3.glbimg.com\/v1\/AUTH_59edd422c0c84a879bd37670ae4f538a\/internal_photos\/bs\/2024\/0\/R\/j4pXqZTF6kGq6J1E7Ibw\/2024-06-09t190853z-2016533985-rc2v78a04y8o-rtrmadp-3-eu-election-france.jpg?w=800&#038;ssl=1\" alt=\"O presidente franc\u00eas, Emmanuel Macron, fala atrav\u00e9s de uma tela na sede do partido de extrema-direita Rassemblement National (RN) ap\u00f3s o fechamento das urnas durante as elei\u00e7\u00f5es para o Parlamento Europeu, em Paris, Fran\u00e7a. \u2014 Foto: Reuters\/Sarah Meyssonnier\"\/><\/figure>\n\n\n\n<p>O presidente franc\u00eas, Emmanuel Macron, fala atrav\u00e9s de uma tela na sede do partido de extrema-direita Rassemblement National (RN) ap\u00f3s o fechamento das urnas durante as elei\u00e7\u00f5es para o Parlamento Europeu, em Paris, Fran\u00e7a. \u2014 Foto: Reuters\/Sarah Meyssonnier<\/p>\n<\/blockquote>\n","protected":false},"excerpt":{"rendered":"<p>A\u00a0antecipa\u00e7\u00e3o das elei\u00e7\u00f5es legislativas\u00a0determinada pelo presidente da\u00a0Fran\u00e7a,\u00a0Emmanuel Macron, para os dois pr\u00f3ximos domingos, imp\u00f5e uma escolha dif\u00edcil para a maior comunidade judaica da Europa, com 500 mil pessoas.\u00a0Seus integrantes se dizem cercados entre dois extremos, ambos com conota\u00e7\u00f5es antissemitas. A extrema direita, representada pelo Reagrupamento Nacional, de\u00a0Marine Le Pen, tem ra\u00edzes calcadas na xenofobia, no [&hellip;]<\/p>\n","protected":false},"author":2,"featured_media":13810,"comment_status":"open","ping_status":"open","sticky":false,"template":"","format":"standard","meta":{"_jetpack_memberships_contains_paid_content":false,"footnotes":""},"categories":[15],"tags":[],"class_list":["post-13809","post","type-post","status-publish","format-standard","has-post-thumbnail","hentry","category-mundo"],"aioseo_notices":[],"jetpack_featured_media_url":"https:\/\/i0.wp.com\/minutobahia24h.com.br\/wp-content\/uploads\/2024\/06\/Sem-titulo-245.jpg?fit=984%2C656&ssl=1","jetpack_sharing_enabled":true,"_links":{"self":[{"href":"https:\/\/minutobahia24h.com.br\/index.php?rest_route=\/wp\/v2\/posts\/13809","targetHints":{"allow":["GET"]}}],"collection":[{"href":"https:\/\/minutobahia24h.com.br\/index.php?rest_route=\/wp\/v2\/posts"}],"about":[{"href":"https:\/\/minutobahia24h.com.br\/index.php?rest_route=\/wp\/v2\/types\/post"}],"author":[{"embeddable":true,"href":"https:\/\/minutobahia24h.com.br\/index.php?rest_route=\/wp\/v2\/users\/2"}],"replies":[{"embeddable":true,"href":"https:\/\/minutobahia24h.com.br\/index.php?rest_route=%2Fwp%2Fv2%2Fcomments&post=13809"}],"version-history":[{"count":1,"href":"https:\/\/minutobahia24h.com.br\/index.php?rest_route=\/wp\/v2\/posts\/13809\/revisions"}],"predecessor-version":[{"id":13811,"href":"https:\/\/minutobahia24h.com.br\/index.php?rest_route=\/wp\/v2\/posts\/13809\/revisions\/13811"}],"wp:featuredmedia":[{"embeddable":true,"href":"https:\/\/minutobahia24h.com.br\/index.php?rest_route=\/wp\/v2\/media\/13810"}],"wp:attachment":[{"href":"https:\/\/minutobahia24h.com.br\/index.php?rest_route=%2Fwp%2Fv2%2Fmedia&parent=13809"}],"wp:term":[{"taxonomy":"category","embeddable":true,"href":"https:\/\/minutobahia24h.com.br\/index.php?rest_route=%2Fwp%2Fv2%2Fcategories&post=13809"},{"taxonomy":"post_tag","embeddable":true,"href":"https:\/\/minutobahia24h.com.br\/index.php?rest_route=%2Fwp%2Fv2%2Ftags&post=13809"}],"curies":[{"name":"wp","href":"https:\/\/api.w.org\/{rel}","templated":true}]}}