{"id":13778,"date":"2024-06-25T06:50:47","date_gmt":"2024-06-25T09:50:47","guid":{"rendered":"https:\/\/minutobahia24h.com.br\/?p=13778"},"modified":"2024-06-25T06:50:48","modified_gmt":"2024-06-25T09:50:48","slug":"homem-e-preso-por-ameacar-de-morte-o-filho-de-seis-meses","status":"publish","type":"post","link":"https:\/\/minutobahia24h.com.br\/?p=13778","title":{"rendered":"Homem \u00e9 preso por amea\u00e7ar de morte o filho de seis meses"},"content":{"rendered":"<div class=\"wp-block-image\">\n<figure class=\"aligncenter size-full\"><img data-recalc-dims=\"1\" fetchpriority=\"high\" decoding=\"async\" width=\"600\" height=\"419\" src=\"https:\/\/i0.wp.com\/minutobahia24h.com.br\/wp-content\/uploads\/2024\/06\/Sem-titulo-235.jpg?resize=600%2C419&#038;ssl=1\" alt=\"\" class=\"wp-image-13779\" srcset=\"https:\/\/i0.wp.com\/minutobahia24h.com.br\/wp-content\/uploads\/2024\/06\/Sem-titulo-235.jpg?w=600&amp;ssl=1 600w, https:\/\/i0.wp.com\/minutobahia24h.com.br\/wp-content\/uploads\/2024\/06\/Sem-titulo-235.jpg?resize=300%2C210&amp;ssl=1 300w\" sizes=\"(max-width: 600px) 100vw, 600px\" \/><figcaption class=\"wp-element-caption\">Delegacia Especializada de Repress\u00e3o aos Crimes Contra a Crian\u00e7a e o Adolescente, o Dercca (Foto: Divulga\u00e7\u00e3o\/Pol\u00edcia Civil<br><\/figcaption><\/figure>\n<\/div>\n\n\n<p>Um homem foi preso em flagrante por manter o filho de seis meses em c\u00e1rcere privado e amea\u00e7ar matar o beb\u00ea. Ele foi localizado em uma resid\u00eancia no bairro da Fazenda Grande do Retiro, onde policiais civis resgataram a crian\u00e7a.<\/p>\n\n\n\n<p>De acordo com a titular da Delegacia Especializada de Repress\u00e3o aos Crimes contra a Crian\u00e7a e o Adolescente (Dercca), para onde o suspeito foi conduzido, o homem n\u00e3o aceitava o fim do relacionamento e, por esse motivo, amea\u00e7ou matar o filho do casal, separado h\u00e1 um m\u00eas.<\/p>\n\n\n\n<p>\u201cEle estava com a crian\u00e7a h\u00e1 quatro semanas e amea\u00e7ou matar o filho e a ex-companheira, caso ela fosse buscar o beb\u00ea. Ele mandou \u00e1udios para a mulher com as amea\u00e7as al\u00e9m de uma foto com a faca no pesco\u00e7o da crian\u00e7a\u201d, informou a titular da unidade especializada, delegada Simone Moutinho.<\/p>\n\n\n\n<p>Logo ap\u00f3s o registro da ocorr\u00eancia, policiais da Dercca, com o apoio de equipes da Coordena\u00e7\u00e3o de Opera\u00e7\u00e3o e Recursos Especiais (Core) e do Departamento Especializado de Investiga\u00e7\u00f5es Criminais (Deic), foram at\u00e9 a casa do suspeito e conseguiram resgatar a crian\u00e7a.<\/p>\n\n\n\n<p>O flagranteado vai passar por exames de les\u00f5es corporais e ficar\u00e1 \u00e0 disposi\u00e7\u00e3o da Justi\u00e7a, aguardando pela audi\u00eancia de cust\u00f3dia. A crian\u00e7a j\u00e1 est\u00e1 sob os cuidados da m\u00e3e.<\/p>\n\n\n\n<p>Bahia.ba<\/p>\n","protected":false},"excerpt":{"rendered":"<p>Um homem foi preso em flagrante por manter o filho de seis meses em c\u00e1rcere privado e amea\u00e7ar matar o beb\u00ea. Ele foi localizado em uma resid\u00eancia no bairro da Fazenda Grande do Retiro, onde policiais civis resgataram a crian\u00e7a. De acordo com a titular da Delegacia Especializada de Repress\u00e3o aos Crimes contra a Crian\u00e7a [&hellip;]<\/p>\n","protected":false},"author":2,"featured_media":13779,"comment_status":"open","ping_status":"open","sticky":false,"template":"","format":"standard","meta":{"_jetpack_memberships_contains_paid_content":false,"footnotes":""},"categories":[3],"tags":[],"class_list":["post-13778","post","type-post","status-publish","format-standard","has-post-thumbnail","hentry","category-regional"],"aioseo_notices":[],"jetpack_featured_media_url":"https:\/\/i0.wp.com\/minutobahia24h.com.br\/wp-content\/uploads\/2024\/06\/Sem-titulo-235.jpg?fit=600%2C419&ssl=1","jetpack_sharing_enabled":true,"_links":{"self":[{"href":"https:\/\/minutobahia24h.com.br\/index.php?rest_route=\/wp\/v2\/posts\/13778","targetHints":{"allow":["GET"]}}],"collection":[{"href":"https:\/\/minutobahia24h.com.br\/index.php?rest_route=\/wp\/v2\/posts"}],"about":[{"href":"https:\/\/minutobahia24h.com.br\/index.php?rest_route=\/wp\/v2\/types\/post"}],"author":[{"embeddable":true,"href":"https:\/\/minutobahia24h.com.br\/index.php?rest_route=\/wp\/v2\/users\/2"}],"replies":[{"embeddable":true,"href":"https:\/\/minutobahia24h.com.br\/index.php?rest_route=%2Fwp%2Fv2%2Fcomments&post=13778"}],"version-history":[{"count":1,"href":"https:\/\/minutobahia24h.com.br\/index.php?rest_route=\/wp\/v2\/posts\/13778\/revisions"}],"predecessor-version":[{"id":13780,"href":"https:\/\/minutobahia24h.com.br\/index.php?rest_route=\/wp\/v2\/posts\/13778\/revisions\/13780"}],"wp:featuredmedia":[{"embeddable":true,"href":"https:\/\/minutobahia24h.com.br\/index.php?rest_route=\/wp\/v2\/media\/13779"}],"wp:attachment":[{"href":"https:\/\/minutobahia24h.com.br\/index.php?rest_route=%2Fwp%2Fv2%2Fmedia&parent=13778"}],"wp:term":[{"taxonomy":"category","embeddable":true,"href":"https:\/\/minutobahia24h.com.br\/index.php?rest_route=%2Fwp%2Fv2%2Fcategories&post=13778"},{"taxonomy":"post_tag","embeddable":true,"href":"https:\/\/minutobahia24h.com.br\/index.php?rest_route=%2Fwp%2Fv2%2Ftags&post=13778"}],"curies":[{"name":"wp","href":"https:\/\/api.w.org\/{rel}","templated":true}]}}